{"id":91368,"date":"2026-01-01T04:49:24","date_gmt":"2026-01-01T04:49:24","guid":{"rendered":"https:\/\/www.europesays.com\/lv\/91368\/"},"modified":"2026-01-01T04:49:24","modified_gmt":"2026-01-01T04:49:24","slug":"jauns-gads-jauni-apkures-tarifi-kur-gaidams-pieaugums-jauns-lv","status":"publish","type":"post","link":"https:\/\/www.europesays.com\/lv\/91368\/","title":{"rendered":"Jauns gads, jauni apkures tarifi: kur gaid\u0101ms pieaugums? &#8211; Jauns.lv"},"content":{"rendered":"<ol>\n<li><a href=\"https:\/\/news.google.com\/rss\/articles\/CBMilwFBVV95cUxPaGpiOWRFdjc5c3U5SUU2TndDeWpJekNnbWpBdlFwdXgwWFRjUm9ncjlDNHBraWxFdWwwckNWcDVydl91MHVpMm5DOUpaaVoweG51bWpZLWZRSnByVzdVT28xMDc5N0ItX2UzaHdRUnJNTlpUajVyOG9Dc3hCZS1oekZJR3BXUFMxcW4wUGstMWtmaGxtZ1Rj?oc=5\" target=\"_blank\" rel=\"nofollow noopener\">Jauns gads, jauni apkures tarifi: kur gaid\u0101ms pieaugums?<\/a>&nbsp;&nbsp;Jauns.lv<\/li>\n<li><a href=\"https:\/\/news.google.com\/rss\/articles\/CBMixAFBVV95cUxNTGREa25CT2psVDFDWUF2RUpOYjVMZG9kdloya0MxZVFJZjdXbjN4M1RXR3JWbjFQcWFWWXpvWEJVNnRhRHFqNFZaQ1JZcGdYYmJJVENCMGhuTmFYeGlOTEwzX0J2MjFpREl5X3N0eVRKdWZDRDV5YXdmYTMzaWFUb0RKTUZsTmhveVd5RmdqMkgwVVBWYXJhRHUzbW5FTHFTRExib1lsY1ZMX1ZQSXZ4a2tLRkM5eXhrQlFLbDZXMUpSdS0x?oc=5\" target=\"_blank\" rel=\"nofollow noopener\">Janv\u0101r\u012b vair\u0101k\u0101s Latvijas viet\u0101s main\u012bsies siltumener\u0123ijas tarifi<\/a>&nbsp;&nbsp;Delfi<\/li>\n<li><a href=\"https:\/\/news.google.com\/rss\/articles\/CBMiogFBVV95cUxOZjQ2ZE9YeTN5NnJoM0l3SmNRVlkwWUdsLW5lYU1QaVpiZlNFek8yWDZNN3VMcXdQclBYMGlKUC1Gak9zVXBadVhhMkYyZWcwVkZacEowVWdhYzZWSmRfMjMzdlI2S0xhZktNQmFsdkpPSGpFVEdwRVJrREo5NTlCa2hzVjAtWnZjS3prQllwVVlmWWNJQzR6azZlYWhwSC1kMnc?oc=5\" target=\"_blank\" rel=\"nofollow noopener\">Siltumener\u0123ijas tarifu izmai\u0146as no 2026. gada: ko sagaid\u012bt pat\u0113r\u0113t\u0101jiem?<\/a>&nbsp;&nbsp;Dzentlmenis.lv<\/li>\n<li><a href=\"https:\/\/news.google.com\/rss\/articles\/CBMitgFBVV95cUxQVm5SaWdaRF9YaEJRcnBZVjM0NWlJMmpWb1hpcTMzVjdxZ29DU2lMVkZKSTg5NUpKVFBwdk1qYVFVR1pBZDdwcTZvbU9Gc2o5b1RWbjRvSjg4aTIxdFB6N1gzdE9VOXF1dDdkUGN2WFp6QWx0aHlUM0NoclpYcnNyUUo5c2xsMnY4amFNUk0zMXZ5VFp0bzhoRXJVV2N6bjNmZnp0enhwR1lFWU1YUkxndVgtTTNHdw?oc=5\" target=\"_blank\" rel=\"nofollow noopener\">Jaunais gads, jauni apkures tarifi: kur gaid\u0101ms cenu pieaugums?<\/a>&nbsp;&nbsp;Lente.lv<\/li>\n<li><a href=\"https:\/\/news.google.com\/rss\/articles\/CBMi1gFBVV95cUxQWlpZVTJvV28xLUluVGFzdW5xSjRYTjc4S3JFZDRVUWEwWnptWXBEODEwcC1YTkpXWGRtbTZkSUxTNU5jWFd4Ujg3Wmh0WkRtSG1JRjd3YTR6UHZ6a0NHaTRySnlqUDVtQ1BKSWFuLU4tU1FTbVlROHQ5R0NQRmhXWWMxaVhLV2UyWXlYbG1Yd0EtOVo1czRVZzlsdUR0a2d4Q29OZkFxcUhMYXUxd25CQ21EZ0VUOV9ldDhyUDlGZDh5WHdGT3NfTG9SZDJ4d2QtS0xPOWRB?oc=5\" target=\"_blank\" rel=\"nofollow noopener\">Janv\u0101r\u012b siltumener\u0123ijas tarifu izmai\u0146as apstiprin\u0101tas desmit komersantiem, tostarp Pier\u012bg\u0101<\/a>&nbsp;&nbsp;Apri\u0146\u0137is<\/li>\n<\/ol>\n","protected":false},"excerpt":{"rendered":"Jauns gads, jauni apkures tarifi: kur gaid\u0101ms pieaugums?&nbsp;&nbsp;Jauns.lv Janv\u0101r\u012b vair\u0101k\u0101s Latvijas viet\u0101s main\u012bsies siltumener\u0123ijas tarifi&nbsp;&nbsp;Delfi Siltumener\u0123ijas tarifu izmai\u0146as&hellip;\n","protected":false},"author":2,"featured_media":91369,"comment_status":"","ping_status":"","sticky":false,"template":"","format":"standard","meta":{"footnotes":""},"categories":[12],"tags":[23,28,29,32,33,22,30,31,35,39,38,36,37,34,40,20,26,27,24,25,21],"class_list":{"0":"post-91368","1":"post","2":"type-post","3":"status-publish","4":"format-standard","5":"has-post-thumbnail","7":"category-latvija","8":"tag-aktualitates","9":"tag-breaking-news","10":"tag-breakingnews","11":"tag-featured-news","12":"tag-featurednews","13":"tag-headlines","14":"tag-latest-news","15":"tag-latestnews","16":"tag-latvia","17":"tag-latvian","18":"tag-latviesu","19":"tag-latviesu-valoda","20":"tag-latviesuvaloda","21":"tag-latvija","22":"tag-lv","23":"tag-news","24":"tag-popularakas-zinas","25":"tag-popularakaszinas","26":"tag-top-stories","27":"tag-topstories","28":"tag-zinas"},"share_on_mastodon":{"url":"https:\/\/pubeurope.com\/@lv\/115818041366652178","error":""},"_links":{"self":[{"href":"https:\/\/www.europesays.com\/lv\/wp-json\/wp\/v2\/posts\/91368","targetHints":{"allow":["GET"]}}],"collection":[{"href":"https:\/\/www.europesays.com\/lv\/wp-json\/wp\/v2\/posts"}],"about":[{"href":"https:\/\/www.europesays.com\/lv\/wp-json\/wp\/v2\/types\/post"}],"author":[{"embeddable":true,"href":"https:\/\/www.europesays.com\/lv\/wp-json\/wp\/v2\/users\/2"}],"replies":[{"embeddable":true,"href":"https:\/\/www.europesays.com\/lv\/wp-json\/wp\/v2\/comments?post=91368"}],"version-history":[{"count":0,"href":"https:\/\/www.europesays.com\/lv\/wp-json\/wp\/v2\/posts\/91368\/revisions"}],"wp:featuredmedia":[{"embeddable":true,"href":"https:\/\/www.europesays.com\/lv\/wp-json\/wp\/v2\/media\/91369"}],"wp:attachment":[{"href":"https:\/\/www.europesays.com\/lv\/wp-json\/wp\/v2\/media?parent=91368"}],"wp:term":[{"taxonomy":"category","embeddable":true,"href":"https:\/\/www.europesays.com\/lv\/wp-json\/wp\/v2\/categories?post=91368"},{"taxonomy":"post_tag","embeddable":true,"href":"https:\/\/www.europesays.com\/lv\/wp-json\/wp\/v2\/tags?post=91368"}],"curies":[{"name":"wp","href":"https:\/\/api.w.org\/{rel}","templated":true}]}}