{"id":91370,"date":"2026-01-01T05:11:07","date_gmt":"2026-01-01T05:11:07","guid":{"rendered":"https:\/\/www.europesays.com\/lv\/91370\/"},"modified":"2026-01-01T05:11:07","modified_gmt":"2026-01-01T05:11:07","slug":"valsts-samazina-finansejumu-nacionalajam-teatrim-par-10-bilesu-cenas-pagaidam-paliek-nemainigas-lente-lv","status":"publish","type":"post","link":"https:\/\/www.europesays.com\/lv\/91370\/","title":{"rendered":"Valsts samazina finans\u0113jumu Nacion\u0101lajam te\u0101trim par 10%; bi\u013ce\u0161u cenas pagaid\u0101m paliek nemain\u012bgas\u00a0\u2014\u00a0Lente.lv"},"content":{"rendered":"<p>Valsts samazina dot\u0101ciju Nacion\u0101lajam te\u0101trim, bet bi\u013ce\u0161u cenas netiek prognoz\u0113tas cel\u0161anai<\/p>\n<p>Latvijas Nacion\u0101lais te\u0101tris saskaras ar valsts dot\u0101cijas samazin\u0101jumu aptuveni 10% apm\u0113r\u0101, kas turpina p\u0113d\u0113jo gadu tendenci samazin\u0101t finans\u0113jumu kult\u016bras jomai. K\u0101 zi\u0146o Latvijas Av\u012bze, te\u0101tra direktors M\u0101ris V\u012btols pau\u017e izpratni par situ\u0101ciju un nor\u0101da, ka kolekt\u012bvs ir p\u0101rrun\u0101jis \u0161o jaut\u0101jumu. Kult\u016bras ministrijas bud\u017eeta priorit\u0101tes tuv\u0101kajam periodam v\u0113rstas uz valsts dro\u0161\u012bbu un aizsardz\u012bbu, kas neizb\u0113gami ietekm\u0113 citu nozaru, tai skait\u0101 kult\u016bras, finans\u0113jumu. Lai gan Kult\u016bras ministrijas kop\u0113jais bud\u017eets 2025. gad\u0101 pl\u0101nots 246,8 miljoni eiro, tas nav paredz\u0113jis liel\u0101ku atbalstu iest\u0101\u017eu ikdienas darbam, bet gan stingrus efektiviz\u0101cijas pas\u0101kumus. Kapit\u0101lsabiedr\u012bb\u0101m, tostarp te\u0101triem, tiek pras\u012bts ne tikai r\u0113\u0137in\u0101ties ar m\u0113r\u0137dot\u0101ciju sarukumu, bet ar\u012b palielin\u0101t pa\u0161u ie\u0146\u0113mumus vismaz par 1-2%.<\/p>\n<p>Finansi\u0101lie izaicin\u0101jumi un te\u0101tra strat\u0113\u0123ija<\/p>\n<p>Neskatoties uz finansi\u0101lo spiedienu un pieaugo\u0161aj\u0101m uztur\u0113\u0161anas izmaks\u0101m, Nacion\u0101lais te\u0101tris pie\u0146\u0113mis soci\u0101li atbild\u012bgu l\u0113mumu \u2013 \u0161obr\u012bd nav pl\u0101nots strauj\u0161 bi\u013ce\u0161u cenu k\u0101pums. Direktors M\u0101ris V\u012btols uzsver, ka valsts dot\u0113tam te\u0101trim ir j\u0101saglab\u0101 pieejam\u012bba visiem sabiedr\u012bbas sl\u0101\u0146iem. Lai gan ilgtermi\u0146\u0101 bi\u013ce\u0161u cenu politika b\u016bs atkar\u012bga no pakalpojumu izmaks\u0101m un valsts atbalsta apjoma, pa\u0161laik cenas paliek nemain\u012bgas. Te\u0101tris mekl\u0113 veidus, k\u0101 kompens\u0113t finans\u0113juma tr\u016bkumu, tostarp atsakoties no da\u017eiem ilgtermi\u0146a invest\u012bciju projektiem, samazinot izdevumus, palielinot izr\u0101\u017eu skaitu un cen\u0161oties palielin\u0101t pa\u0161u ie\u0146\u0113mumus.<\/p>\n<p>Pieejam\u012bbas iniciat\u012bvas un bi\u013ce\u0161u cenas politika<\/p>\n<p>Lai nodro\u0161in\u0101tu m\u0101kslas pieejam\u012bbu, Nacion\u0101lais te\u0101tris turpina att\u012bst\u012bt \u012bpa\u0161as lojalit\u0101tes un atla\u017eu programmas. Viena no popul\u0101r\u0101kaj\u0101m ir programma \u201cKult\u016brrandi\u0146\u0161\u201d, kas jaunie\u0161iem un studentiem pied\u0101v\u0101 ieg\u0101d\u0101ties neizp\u0101rdot\u0101s bi\u013cetes uz izr\u0101d\u0113m par simbolisku cenu \u2013 7 eiro, divas stundas pirms izr\u0101des s\u0101kuma. T\u0101pat te\u0101tris pied\u0101v\u0101 da\u017e\u0101das atlaides, piem\u0113ram, \u201cSkat\u012bt\u0101ja karti\u201d, kas nodro\u0161ina 20% atlaidi vis\u0101m bi\u013cet\u0113m un reizi m\u0113nes\u012b 40% atlaidi izv\u0113l\u0113tam iestud\u0113jumam. Bi\u013ce\u0161u cenas Nacion\u0101laj\u0101 te\u0101tr\u012b parasti sv\u0101rst\u0101s no 12 eiro par vienk\u0101r\u0161\u0101k\u0101m viet\u0101m l\u012bdz 50 eiro par pirmizr\u0101\u017eu lo\u017e\u0101m.<\/p>\n<p>Valsts bud\u017eeta priorit\u0101tes un kult\u016bras nozares perspekt\u012bvas<\/p>\n<p>Kult\u016bras ministrijas prognozes 2026. gadam paredz bud\u017eeta palielin\u0101jumu l\u012bdz 253,1 miljonam eiro, tom\u0113r uzsvars tiks likts uz iest\u0101\u017eu pa\u0161u ie\u0146\u0113mumu audz\u0113\u0161anu. Valmieras te\u0101tra direktore Evita A\u0161eradena atz\u012bst, ka te\u0101triem n\u0101ksies pie\u0146emt smagus l\u0113mumus, jo pakalpojumu sad\u0101rdzin\u0101jums kop\u0101 ar maz\u0101ku dot\u0101ciju var novest pie bi\u013ce\u0161u cenu p\u0101rskat\u012b\u0161anas vis\u0101 nozar\u0113. Turpm\u0101kie gadi r\u0101d\u012bs, vai te\u0101triem izdosies palielin\u0101t ie\u0146\u0113mumus, neradot te\u0101tra apmekl\u0113jumu par luksusa preci, kas pieejama tikai tur\u012bg\u0101kajai sabiedr\u012bbas da\u013cai.<\/p>\n<p>Nacion\u0101l\u0101 te\u0101tra direktora M\u0101ra V\u012btola viedoklis<\/p>\n<p>Latvijas Nacion\u0101l\u0101 te\u0101tra direktors M\u0101ris V\u012btols TV24 raid\u012bjum\u0101 \u201cDienas person\u012bba\u201d nor\u0101d\u012bjis, ka pret valsts dot\u0101cijas samazin\u0101jumu izturas ar izpratni un jau ir p\u0101rrun\u0101jis situ\u0101ciju ar kolekt\u012bvu . Vi\u0146\u0161 uzsver, ka, lai gan valsts dro\u0161\u012bba un aizsardz\u012bba ir priorit\u0101tes, kult\u016brai ir j\u0101paliek pieejamai sabiedr\u012bbai. Lai gan gada nogal\u0113 bi\u013ce\u0161u cenas netika pl\u0101nots paaugstin\u0101t, uz n\u0101kotni past\u0101v iesp\u0113ja, ka t\u0101s var\u0113tu main\u012bties, ja pieaugs pakalpojumu izmaksas un turpin\u0101sies valsts dot\u0101cijas samazin\u0101jums.<\/p>\n","protected":false},"excerpt":{"rendered":"Valsts samazina dot\u0101ciju Nacion\u0101lajam te\u0101trim, bet bi\u013ce\u0161u cenas netiek prognoz\u0113tas cel\u0161anai Latvijas Nacion\u0101lais te\u0101tris saskaras ar valsts dot\u0101cijas&hellip;\n","protected":false},"author":2,"featured_media":91371,"comment_status":"","ping_status":"","sticky":false,"template":"","format":"standard","meta":{"footnotes":""},"categories":[19],"tags":[8836,89,90,23018,35,39,38,36,37,34,1376,40,537,23017],"class_list":{"0":"post-91370","1":"post","2":"type-post","3":"status-publish","4":"format-standard","5":"has-post-thumbnail","7":"category-izklaide","8":"tag-bilesu-cenas","9":"tag-entertainment","10":"tag-izklaide","11":"tag-kulturas-finansejums","12":"tag-latvia","13":"tag-latvian","14":"tag-latviesu","15":"tag-latviesu-valoda","16":"tag-latviesuvaloda","17":"tag-latvija","18":"tag-latvijas-nacionalais-teatris","19":"tag-lv","20":"tag-nacionalais-teatris","21":"tag-valsts-dotacijas"},"share_on_mastodon":{"url":"https:\/\/pubeurope.com\/@lv\/115818127881326068","error":""},"_links":{"self":[{"href":"https:\/\/www.europesays.com\/lv\/wp-json\/wp\/v2\/posts\/91370","targetHints":{"allow":["GET"]}}],"collection":[{"href":"https:\/\/www.europesays.com\/lv\/wp-json\/wp\/v2\/posts"}],"about":[{"href":"https:\/\/www.europesays.com\/lv\/wp-json\/wp\/v2\/types\/post"}],"author":[{"embeddable":true,"href":"https:\/\/www.europesays.com\/lv\/wp-json\/wp\/v2\/users\/2"}],"replies":[{"embeddable":true,"href":"https:\/\/www.europesays.com\/lv\/wp-json\/wp\/v2\/comments?post=91370"}],"version-history":[{"count":0,"href":"https:\/\/www.europesays.com\/lv\/wp-json\/wp\/v2\/posts\/91370\/revisions"}],"wp:featuredmedia":[{"embeddable":true,"href":"https:\/\/www.europesays.com\/lv\/wp-json\/wp\/v2\/media\/91371"}],"wp:attachment":[{"href":"https:\/\/www.europesays.com\/lv\/wp-json\/wp\/v2\/media?parent=91370"}],"wp:term":[{"taxonomy":"category","embeddable":true,"href":"https:\/\/www.europesays.com\/lv\/wp-json\/wp\/v2\/categories?post=91370"},{"taxonomy":"post_tag","embeddable":true,"href":"https:\/\/www.europesays.com\/lv\/wp-json\/wp\/v2\/tags?post=91370"}],"curies":[{"name":"wp","href":"https:\/\/api.w.org\/{rel}","templated":true}]}}