{"id":91374,"date":"2026-01-01T05:17:12","date_gmt":"2026-01-01T05:17:12","guid":{"rendered":"https:\/\/www.europesays.com\/lv\/91374\/"},"modified":"2026-01-01T05:17:12","modified_gmt":"2026-01-01T05:17:12","slug":"2026-gada-februari-iznaks-sensacionala-filma-par-elvisu-presliju","status":"publish","type":"post","link":"https:\/\/www.europesays.com\/lv\/91374\/","title":{"rendered":"2026. gada febru\u0101r\u012b izn\u0101ks sensacion\u0101la filma par Elvisu Presliju"},"content":{"rendered":"<p>Visi materi\u0101li bija bez ska\u0146as, t\u0101p\u0113c divu gadu laik\u0101 re\u017eisora komanda atjaunoja un sinhroniz\u0113ja video.<\/p>\n<p>Izn\u0101cis dokument\u0101las muzik\u0101las filmas \u00abEPiC: Elviss Preslijs un koncerts\u00bb treileris, ko re\u017eis\u0113jis Bazs Lurmans. Filma rad\u012bta, balstoties uz unik\u0101liem arh\u012bva materi\u0101liem, kas vair\u0101k nek\u0101 40 gadus tika uzskat\u012bti par pazudu\u0161iem.<\/p>\n<p>Paz\u012bstamais re\u017eisors Bazs Lurmans, kur\u0161 iepriek\u0161 uz\u0146\u0113ma biogr\u0101fisku sp\u0113lfilmu  \u00abElviss\u00bb ar Ostinu Batleru, prezent\u0113jis jaunu dokument\u0101lo projektu par le\u0123end\u0101ro m\u016bzi\u0137i. Film\u0101 izmantoti iepriek\u0161 neredz\u0113ti kadri ar Elvisu Presliju.<\/p>\n<p>Str\u0101d\u0101jot Lurmans uzg\u0101ja arh\u012bvu materi\u0101lus no film\u0101m \u00abElvis: That\u2019s the Way\u00bb un \u00abElvis on Tour\u00bb. Kopum\u0101 Kanzasas s\u0101ls raktuv\u0113s \u00abWarner Bros.\u00bb arh\u012bvos tika atrastas 68 kastes ar 35 un 8 milimetru film\u0101m, tostarp ieraksti ar Preslija uzst\u0101\u0161anos Havaju sal\u0101s 1957. gad\u0101 un iepriek\u0161 nedzird\u0113tas intervijas.<\/p>\n<p>Visi materi\u0101li bija bez ska\u0146as, t\u0101p\u0113c divu gadu laik\u0101 re\u017eisora komanda atjaunoja un sinhroniz\u0113ja video ar pieejamiem audio avotiem.<\/p>\n<p>Izdev\u0101s ar\u012b atrast 45 min\u016btes garu audioierakstu, kur\u0101 Elviss Preslijs st\u0101sta par savu dz\u012bvi. Tie\u0161i \u0161is unik\u0101lais materi\u0101ls k\u013cuva par filmas \u00abEPiC: Elviss Preslijs un koncerts\u00bb pamatu.<\/p>\n<p>Bazs Lurmans apraksta lenti nevis k\u0101 klasisku dokument\u0101lu vai koncertfilmu, bet k\u0101 \u00abjaunu form\u0101tu Elvija kanon\u0101\u00bb, kas atkl\u0101j ne tikai m\u0101kslinieka izpausmes uz skatuves, bet ar\u012b vi\u0146a iek\u0161\u0113jo pasauli.<\/p>\n<p>Filmas pasaules pirmizr\u0101de notika 2025. gada 6. septembr\u012b Toronto Starptautiskaj\u0101 kinofestiv\u0101l\u0101.<\/p>\n<p>Pa\u0161laik filmai ir augsti kriti\u0137u v\u0113rt\u0113jumi.<\/p>\n<p>ASV mediji zi\u0146o, ka aktrise Reilija Kio \u2014 L\u012bzas M\u0113rijas Preslijas meita un le\u0123end\u0101r\u0101 Elvisa Preslija mazmeita \u2014 it k\u0101 esot D\u017eona Travoltas un vi\u0146a aizsaul\u0113 aizg\u0101ju\u0161\u0101s sievas Kelijas Prestonas d\u0113la biolo\u0123isk\u0101 m\u0101te.<\/p>\n<p>\n                            Valodas k\u013c\u016bda rakst\u0101?<br \/>Iez\u012bm\u0113jiet tekstu un spiediet Zi\u0146ot par k\u013c\u016bdu pogas   , lai nos\u016bt\u012btu labojamo teksta fragmentu redaktoram!<\/p>\n<p>                                Zi\u0146ot par k\u013c\u016bdu<\/p>\n","protected":false},"excerpt":{"rendered":"Visi materi\u0101li bija bez ska\u0146as, t\u0101p\u0113c divu gadu laik\u0101 re\u017eisora komanda atjaunoja un sinhroniz\u0113ja video. Izn\u0101cis dokument\u0101las muzik\u0101las&hellip;\n","protected":false},"author":2,"featured_media":91375,"comment_status":"","ping_status":"","sticky":false,"template":"","format":"standard","meta":{"footnotes":""},"categories":[19],"tags":[89,90,35,39,38,36,37,34,40],"class_list":{"0":"post-91374","1":"post","2":"type-post","3":"status-publish","4":"format-standard","5":"has-post-thumbnail","7":"category-izklaide","8":"tag-entertainment","9":"tag-izklaide","10":"tag-latvia","11":"tag-latvian","12":"tag-latviesu","13":"tag-latviesu-valoda","14":"tag-latviesuvaloda","15":"tag-latvija","16":"tag-lv"},"share_on_mastodon":{"url":"https:\/\/pubeurope.com\/@lv\/115818151453005780","error":""},"_links":{"self":[{"href":"https:\/\/www.europesays.com\/lv\/wp-json\/wp\/v2\/posts\/91374","targetHints":{"allow":["GET"]}}],"collection":[{"href":"https:\/\/www.europesays.com\/lv\/wp-json\/wp\/v2\/posts"}],"about":[{"href":"https:\/\/www.europesays.com\/lv\/wp-json\/wp\/v2\/types\/post"}],"author":[{"embeddable":true,"href":"https:\/\/www.europesays.com\/lv\/wp-json\/wp\/v2\/users\/2"}],"replies":[{"embeddable":true,"href":"https:\/\/www.europesays.com\/lv\/wp-json\/wp\/v2\/comments?post=91374"}],"version-history":[{"count":0,"href":"https:\/\/www.europesays.com\/lv\/wp-json\/wp\/v2\/posts\/91374\/revisions"}],"wp:featuredmedia":[{"embeddable":true,"href":"https:\/\/www.europesays.com\/lv\/wp-json\/wp\/v2\/media\/91375"}],"wp:attachment":[{"href":"https:\/\/www.europesays.com\/lv\/wp-json\/wp\/v2\/media?parent=91374"}],"wp:term":[{"taxonomy":"category","embeddable":true,"href":"https:\/\/www.europesays.com\/lv\/wp-json\/wp\/v2\/categories?post=91374"},{"taxonomy":"post_tag","embeddable":true,"href":"https:\/\/www.europesays.com\/lv\/wp-json\/wp\/v2\/tags?post=91374"}],"curies":[{"name":"wp","href":"https:\/\/api.w.org\/{rel}","templated":true}]}}