{"id":91376,"date":"2026-01-01T05:21:26","date_gmt":"2026-01-01T05:21:26","guid":{"rendered":"https:\/\/www.europesays.com\/lv\/91376\/"},"modified":"2026-01-01T05:21:26","modified_gmt":"2026-01-01T05:21:26","slug":"mazumtirdznieciba-jau-pusgadu-turpinas-izaugsme-novembri-sasniedzot-33-2","status":"publish","type":"post","link":"https:\/\/www.europesays.com\/lv\/91376\/","title":{"rendered":"Mazumtirdzniec\u012bb\u0101 jau pusgadu turpin\u0101s izaugsme, novembr\u012b sasniedzot 3,3%"},"content":{"rendered":"<p>Novembr\u012b galvenie mazumtirdzniec\u012bbas pieauguma veicin\u0101t\u0101ji bija nep\u0101rtikas preces un degviela, kur tirgotie apjomi pieauga attiec\u012bgi par 4,4% un 4,6%. Tikm\u0113r \u0161\u0101 gada oktobr\u012b un novembr\u012b ar\u012b p\u0101rtikas mazumtirdzniec\u012bbas apjomos ats\u0101kusies izaugsme, attiec\u012bgi par 0,1% un 0,8%, taj\u0101 pa\u0161\u0101 laik\u0101 samazinoties ar\u012b p\u0101rtikas pat\u0113ri\u0146a cenu pieaugumam, kas nor\u0101da uz p\u0101rtikas pre\u010du pat\u0113ri\u0146a atkar\u012bbu no attiec\u012bg\u0101 br\u012b\u017ea pat\u0113ri\u0146a cen\u0101m.<\/p>\n<p>Starp nep\u0101rtikas prec\u0113m novembr\u012b liel\u0101kie apjomu pieaugumi biju\u0161i inform\u0101cijas un komunik\u0101cijas tehnolo\u0123iju iek\u0101rtu (+16,6%) mazumtirdzniec\u012bb\u0101, kur pieaugums gada griezum\u0101 turpin\u0101s jau kop\u0161 2024. gada febru\u0101ra. Iev\u0113rojami pieaugumi novembr\u012b biju\u0161i ar\u012b farmaceitisko un medic\u012bnisko piederumu (+14,6%) un m\u0101jok\u013ca labiek\u0101rto\u0161anas pre\u010du (+12,8%) mazumtirdzniec\u012bb\u0101, k\u0101 ar\u012b mazumtirdzniec\u012bb\u0101 \u0101rpus veikaliem, stendiem un tirgiem (+6,6%). Pie liel\u0101kajiem samazin\u0101jumiem v\u0113rts piemin\u0113t kult\u016brai un atp\u016btai paredz\u0113to pre\u010du noieta sarukumu par 12,5%.<\/p>\n<p>Mazumtirdzniec\u012bbas izaugsmi \u0161\u0101 gada vienpadsmit m\u0113ne\u0161os kop\u0101 p\u0101rliecino\u0161i nodro\u0161in\u0101ja nep\u0101rtikas pre\u010du tirdzniec\u012bba (+4,6%). Tikm\u0113r p\u0101rtikas pre\u010du noiets saruka par 2%, ko noteica joproj\u0101m strauji augo\u0161\u0101s cenas. P\u0101rtikas pre\u010du pat\u0113ri\u0146a cenas 11 m\u0113ne\u0161os kop\u0101 pieauga par 5,1% pret p\u0113rn\u0101 gada attiec\u012bgo periodu, taj\u0101 pa\u0161\u0101 laik\u0101 visu pre\u010du pat\u0113ri\u0146a cenas pieauga l\u0113n\u0101k \u2013 par 3%. \u00a0Savuk\u0101rt degvielas mazumtirdzniec\u012bba 11 m\u0113ne\u0161os pieauga par 0,5%.<\/p>\n<p>Eiropas Komisijas apkopotais mazumtirdzniec\u012bbas konfidences indekss liecina, ka Latvij\u0101 \u0161\u0101 gada novembr\u012b noska\u0146ojums mazumtirdzniec\u012bb\u0101 uzlabojies jau piekto m\u0113nesi p\u0113c k\u0101rtas un indeksa v\u0113rt\u012bba sasniegusi augst\u0101ko atz\u012bmi kop\u0161 2023. gada j\u016bnija, nedaudz ar\u012b p\u0101rsniedzot indeksa ilgtermi\u0146a vid\u0113jo l\u012bmeni. To nodro\u0161in\u0101ja tirdzniec\u012bbas apjomu palielin\u0101\u0161an\u0101s p\u0113d\u0113jo m\u0113ne\u0161u laik\u0101, k\u0101 ar\u012b sagaid\u0101mais turpm\u0101kais apjomu pieaugums, uz ko aptauj\u0101s nor\u0101d\u012bju\u0161i pa\u0161i uz\u0146\u0113m\u0113ji. Ar\u012b pat\u0113r\u0113t\u0101ju konfidence \u0161\u0101 gada oktobr\u012b bija sasniegusi augst\u0101ko indeksa atz\u012bmi p\u0113d\u0113jo \u010detru gadu laik\u0101, kam sekoja neliels kritums novembr\u012b.<\/p>\n<p>2025. gad\u0101 kop\u0101 mazumtirdzniec\u012bbas apjomi pieaugs par 1,7%\u20131,8%, bet 2026. gad\u0101 apjomu pieaugumam b\u016btu j\u0101turpin\u0101s, saglab\u0101joties zemam bezdarba l\u012bmenim un sal\u012bdzino\u0161i straujam algu pieaugumam, kas turpin\u0101s veicin\u0101t pre\u010du pat\u0113ri\u0146u. Ar\u012b konfiden\u010du dati liecina par turpm\u0101k\u0101m pozit\u012bv\u0101m iez\u012bm\u0113m nozares att\u012bst\u012bb\u0101.<\/p>\n","protected":false},"excerpt":{"rendered":"Novembr\u012b galvenie mazumtirdzniec\u012bbas pieauguma veicin\u0101t\u0101ji bija nep\u0101rtikas preces un degviela, kur tirgotie apjomi pieauga attiec\u012bgi par 4,4% un&hellip;\n","protected":false},"author":2,"featured_media":91377,"comment_status":"","ping_status":"","sticky":false,"template":"","format":"standard","meta":{"footnotes":""},"categories":[12],"tags":[23,28,29,32,33,22,30,31,35,39,38,36,37,34,40,20,26,27,24,25,21],"class_list":{"0":"post-91376","1":"post","2":"type-post","3":"status-publish","4":"format-standard","5":"has-post-thumbnail","7":"category-latvija","8":"tag-aktualitates","9":"tag-breaking-news","10":"tag-breakingnews","11":"tag-featured-news","12":"tag-featurednews","13":"tag-headlines","14":"tag-latest-news","15":"tag-latestnews","16":"tag-latvia","17":"tag-latvian","18":"tag-latviesu","19":"tag-latviesu-valoda","20":"tag-latviesuvaloda","21":"tag-latvija","22":"tag-lv","23":"tag-news","24":"tag-popularakas-zinas","25":"tag-popularakaszinas","26":"tag-top-stories","27":"tag-topstories","28":"tag-zinas"},"share_on_mastodon":{"url":"https:\/\/pubeurope.com\/@lv\/115818167190755213","error":""},"_links":{"self":[{"href":"https:\/\/www.europesays.com\/lv\/wp-json\/wp\/v2\/posts\/91376","targetHints":{"allow":["GET"]}}],"collection":[{"href":"https:\/\/www.europesays.com\/lv\/wp-json\/wp\/v2\/posts"}],"about":[{"href":"https:\/\/www.europesays.com\/lv\/wp-json\/wp\/v2\/types\/post"}],"author":[{"embeddable":true,"href":"https:\/\/www.europesays.com\/lv\/wp-json\/wp\/v2\/users\/2"}],"replies":[{"embeddable":true,"href":"https:\/\/www.europesays.com\/lv\/wp-json\/wp\/v2\/comments?post=91376"}],"version-history":[{"count":0,"href":"https:\/\/www.europesays.com\/lv\/wp-json\/wp\/v2\/posts\/91376\/revisions"}],"wp:featuredmedia":[{"embeddable":true,"href":"https:\/\/www.europesays.com\/lv\/wp-json\/wp\/v2\/media\/91377"}],"wp:attachment":[{"href":"https:\/\/www.europesays.com\/lv\/wp-json\/wp\/v2\/media?parent=91376"}],"wp:term":[{"taxonomy":"category","embeddable":true,"href":"https:\/\/www.europesays.com\/lv\/wp-json\/wp\/v2\/categories?post=91376"},{"taxonomy":"post_tag","embeddable":true,"href":"https:\/\/www.europesays.com\/lv\/wp-json\/wp\/v2\/tags?post=91376"}],"curies":[{"name":"wp","href":"https:\/\/api.w.org\/{rel}","templated":true}]}}