{"id":91389,"date":"2026-01-01T05:57:08","date_gmt":"2026-01-01T05:57:08","guid":{"rendered":"https:\/\/www.europesays.com\/lv\/91389\/"},"modified":"2026-01-01T05:57:08","modified_gmt":"2026-01-01T05:57:08","slug":"valsts-prezidents-gadu-mija-drosiba-sakas-ar-attieksmi-pret-sevi-saviem-tuviniekiem-un-lidzcilvekiem","status":"publish","type":"post","link":"https:\/\/www.europesays.com\/lv\/91389\/","title":{"rendered":"Valsts prezidents gadu mij\u0101: \u201cDro\u0161\u012bba s\u0101kas ar attieksmi pret sevi, saviem tuviniekiem un l\u012bdzcilv\u0113kiem\u201d"},"content":{"rendered":"<p>Labvakar, d\u0101mas un kungi!<\/p>\n<p>Labvakar, meitenes un z\u0113ni!<\/p>\n<p>Labvakar, om\u012btes un op\u012b\u0161i!<\/p>\n<p>Nu jau aizejo\u0161o 2025. gadu m\u0113s gaid\u012bj\u0101m ar cer\u012bb\u0101m, ar prieku, ar\u012b trauksmi un ba\u017e\u0101m. Ar \u0161aub\u0101m \u2013 vai san\u0101ks? San\u0101ca! Tiem, kas tic\u0113ja un m\u0113\u0123in\u0101ja, ir san\u0101cis. Ja nesan\u0101ca, tad n\u0101kamgad \u2013 noteikti!<\/p>\n<p>\u0160ogad esam daudz priec\u0101ju\u0161ies un lepoju\u0161ies. <br \/>Par straumi, kas m\u016bs aizveda t\u0101l\u0101k, nek\u0101 cer\u0113ts. <br \/>Par lieliskajiem b\u0113rniem un jaunie\u0161iem Dziesmu un deju sv\u0113tkos. <br \/>Par m\u016bsu sportistu pan\u0101kumiem.<\/p>\n<p>M\u016bs\u0113jiem izdodas, ja str\u0101d\u0101 kop\u0101. Ja l\u016bkojamies p\u0113c kop\u012bg\u0101, m\u0113s to atrodam. Un paliekam tuk\u0161\u0101m rok\u0101m, ja mekl\u0113jam viens otr\u0101 naidnieku.<\/p>\n<p>\u0160is gads mums iem\u0101c\u012bjis, ka j\u0101uzticas, pirmk\u0101rt, pa\u0161iem sev. Ka neviens cits, bet pa\u0161i nosak\u0101m savu un m\u016bsu valsts dz\u012bvi. Ka m\u016bsu dro\u0161\u012bbas pamats esam m\u0113s pa\u0161i.<\/p>\n<p>Dro\u0161\u012bba s\u0101kas ar attieksmi pret sevi, saviem tuviniekiem un l\u012bdzcilv\u0113kiem.<\/p>\n<p>M\u016bsu izv\u0113les ikdien\u0101 un ar\u012b \u0161ajos sv\u0113tkos ir svar\u012bgas.<\/p>\n<p>M\u0113s varam izv\u0113l\u0113ties nepeld\u0113t reibum\u0101. M\u016bsu zi\u0146\u0101 ir neb\u016bt vienaldz\u012bgam. Ja uz ielas redzam apjuku\u0161u b\u0113rnu, pal\u012bdz\u0113sim, nevis steigsimies t\u0101l\u0101k. M\u016bsu un ar\u012b apk\u0101rt\u0113jo dro\u0161\u012bbu var uzlabot t\u0101ds nieks k\u0101 atstarot\u0101js pie ap\u0123\u0113rba. Un pa\u0161i vien izv\u0113lamies \u2013 vai atbalst\u012bt vai tom\u0113r uzbrukt saviem l\u012bdzcilv\u0113kiem. Iet kop\u0101 vai iet prom. T\u0101 ir m\u016bsu izv\u0113le.<\/p>\n<p>Ar maziem so\u013ciem viens otram pret\u012b m\u0113s s\u0101kam kop\u012bgu ce\u013cu. Kop\u0101 uz sasniegumiem. \u0160ie so\u013ci rada p\u0101rliec\u012bbu, kur t\u0101s tr\u016bcis. Tos ejot, vairs nav tram\u012bgi j\u0101p\u0101rliecin\u0101s, vai pareizi. Jo ir. M\u0113s visi to varam. Varam gan Latgal\u0113, gan Kurzem\u0113. M\u0113s esam stipri Vidzem\u0113, Zemgal\u0113 un S\u0113lij\u0101. M\u016bsu sp\u0113ks ir k\u0101 R\u012bg\u0101, t\u0101 visur pasaul\u0113, kur m\u012bl Latviju.<\/p>\n<p>M\u012b\u013cie draugi!<\/p>\n<p>Jaun\u0101 gada tuvums vienm\u0113r ir cer\u012bbu un satraukuma laiks. M\u0113s v\u0113lamies iel\u016bkoties n\u0101kotn\u0113, vai b\u016bs labi. B\u016bs! Ja b\u016bsim godpr\u0101t\u012bgi, atbild\u012bgi un izpal\u012bdz\u012bgi. Ja b\u016bsim viens otram. Tad m\u0113s esam liels sp\u0113ks. Ikviens no mums. T\u0101d\u0113\u013c s\u0101ksim un dar\u012bsim savu darbu jau t\u016bli\u0146. Lai non\u0101kam t\u0101d\u0101 straum\u0113, kas mums pa\u0161iem apliecin\u0101s, ka sp\u0113jam lab\u0101k, nek\u0101 mums \u0161\u0137ita. Un aicin\u0101sim l\u012bdzi ar\u012b draugus, kol\u0113\u0123us un klasesbiedrus. Un ar\u012b tos, kas vismaz\u0101k to gaida. Kam \u0161ovakar un ikdien\u0101 ir vientu\u013ci. Jo m\u0113s viens otram esam vislab\u0101kie.<\/p>\n<p>Lai mums visiem savstarp\u0113jas uztic\u012bbas un m\u012blest\u012bbas pilns Jaunais gads!<\/p>\n<p>Laim\u012bgu 2026. gadu!<\/p>\n<p>          <img decoding=\"async\" src=\"https:\/\/www.europesays.com\/lv\/wp-content\/uploads\/2025\/12\/1765959310_789_logo-lv.png\" alt=\"\"\/><\/p>\n<p>                  \u0160\u012b inform\u0101cija ir publisks pazi\u0146ojums un neatspogu\u013co LV port\u0101la viedokli. Par t\u0101s saturu atbild ies\u016bt\u012bt\u0101js. <a data-popup=\"rules\">Public\u0113\u0161anas noteikumi<\/a><\/p>\n","protected":false},"excerpt":{"rendered":"Labvakar, d\u0101mas un kungi! Labvakar, meitenes un z\u0113ni! Labvakar, om\u012btes un op\u012b\u0161i! Nu jau aizejo\u0161o 2025. gadu m\u0113s&hellip;\n","protected":false},"author":2,"featured_media":91390,"comment_status":"","ping_status":"","sticky":false,"template":"","format":"standard","meta":{"footnotes":""},"categories":[12],"tags":[23,28,29,32,33,22,30,31,35,39,38,36,37,34,40,20,26,27,24,25,21],"class_list":{"0":"post-91389","1":"post","2":"type-post","3":"status-publish","4":"format-standard","5":"has-post-thumbnail","7":"category-latvija","8":"tag-aktualitates","9":"tag-breaking-news","10":"tag-breakingnews","11":"tag-featured-news","12":"tag-featurednews","13":"tag-headlines","14":"tag-latest-news","15":"tag-latestnews","16":"tag-latvia","17":"tag-latvian","18":"tag-latviesu","19":"tag-latviesu-valoda","20":"tag-latviesuvaloda","21":"tag-latvija","22":"tag-lv","23":"tag-news","24":"tag-popularakas-zinas","25":"tag-popularakaszinas","26":"tag-top-stories","27":"tag-topstories","28":"tag-zinas"},"share_on_mastodon":{"url":"https:\/\/pubeurope.com\/@lv\/115818308740326806","error":""},"_links":{"self":[{"href":"https:\/\/www.europesays.com\/lv\/wp-json\/wp\/v2\/posts\/91389","targetHints":{"allow":["GET"]}}],"collection":[{"href":"https:\/\/www.europesays.com\/lv\/wp-json\/wp\/v2\/posts"}],"about":[{"href":"https:\/\/www.europesays.com\/lv\/wp-json\/wp\/v2\/types\/post"}],"author":[{"embeddable":true,"href":"https:\/\/www.europesays.com\/lv\/wp-json\/wp\/v2\/users\/2"}],"replies":[{"embeddable":true,"href":"https:\/\/www.europesays.com\/lv\/wp-json\/wp\/v2\/comments?post=91389"}],"version-history":[{"count":0,"href":"https:\/\/www.europesays.com\/lv\/wp-json\/wp\/v2\/posts\/91389\/revisions"}],"wp:featuredmedia":[{"embeddable":true,"href":"https:\/\/www.europesays.com\/lv\/wp-json\/wp\/v2\/media\/91390"}],"wp:attachment":[{"href":"https:\/\/www.europesays.com\/lv\/wp-json\/wp\/v2\/media?parent=91389"}],"wp:term":[{"taxonomy":"category","embeddable":true,"href":"https:\/\/www.europesays.com\/lv\/wp-json\/wp\/v2\/categories?post=91389"},{"taxonomy":"post_tag","embeddable":true,"href":"https:\/\/www.europesays.com\/lv\/wp-json\/wp\/v2\/tags?post=91389"}],"curies":[{"name":"wp","href":"https:\/\/api.w.org\/{rel}","templated":true}]}}