{"id":91391,"date":"2026-01-01T06:04:09","date_gmt":"2026-01-01T06:04:09","guid":{"rendered":"https:\/\/www.europesays.com\/lv\/91391\/"},"modified":"2026-01-01T06:04:09","modified_gmt":"2026-01-01T06:04:09","slug":"kamer-dazi-vel-meza-mekle-gailenes-citi-jau-vaze-liek-pavasara-ziedus-kas-isti-notiek-ar-latvijas-dabu","status":"publish","type":"post","link":"https:\/\/www.europesays.com\/lv\/91391\/","title":{"rendered":"Kam\u0113r da\u017ei v\u0113l me\u017e\u0101 mekl\u0113 gailenes, citi jau v\u0101z\u0113 liek pavasara ziedus. Kas \u012bsti notiek ar Latvijas dabu?"},"content":{"rendered":"<p>Bet zi\u0146ojum\u0101 &#8220;L\u012bdz\u0161in\u0113j\u0101s un n\u0101kotnes klimata p\u0101rmai\u0146as Latvij\u0101&#8221; LV\u0122MC nor\u0101da, ka\u00a0klimata p\u0101rmai\u0146u ietekme skaidri redzama ar\u012b Latvij\u0101: vid\u0113j\u0101 gaisa temperat\u016bra 1991.\u20132020. gad\u0101 jau bija par 1,2 \u00b0C augst\u0101ka nek\u0101 iepriek\u0161\u0113j\u0101 references period\u0101, un prognozes liecina, ka l\u012bdz gadsimta beig\u0101m t\u0101 var\u0113tu pieaugt v\u0113l par 2,8 l\u012bdz 4,9 gr\u0101diem. Vienlaikus sagaid\u0101ms b\u016btisks nokri\u0161\u0146u pieaugums, \u012bpa\u0161i ziem\u0101, sniega segas samazin\u0101\u0161an\u0101s, izmai\u0146as v\u0113ja \u0101trum\u0101 un v\u0113traino dienu bie\u017eum\u0101 un iev\u0113rojams j\u016bras l\u012bme\u0146a k\u0101pums.<\/p>\n","protected":false},"excerpt":{"rendered":"Bet zi\u0146ojum\u0101 &#8220;L\u012bdz\u0161in\u0113j\u0101s un n\u0101kotnes klimata p\u0101rmai\u0146as Latvij\u0101&#8221; LV\u0122MC nor\u0101da, ka\u00a0klimata p\u0101rmai\u0146u ietekme skaidri redzama ar\u012b Latvij\u0101: vid\u0113j\u0101&hellip;\n","protected":false},"author":2,"featured_media":91392,"comment_status":"","ping_status":"","sticky":false,"template":"","format":"standard","meta":{"footnotes":""},"categories":[5],"tags":[23,28,29,32,33,22,30,31,35,39,38,36,37,34,40,20,26,27,24,25,21],"class_list":{"0":"post-91391","1":"post","2":"type-post","3":"status-publish","4":"format-standard","5":"has-post-thumbnail","7":"category-aktualitates","8":"tag-aktualitates","9":"tag-breaking-news","10":"tag-breakingnews","11":"tag-featured-news","12":"tag-featurednews","13":"tag-headlines","14":"tag-latest-news","15":"tag-latestnews","16":"tag-latvia","17":"tag-latvian","18":"tag-latviesu","19":"tag-latviesu-valoda","20":"tag-latviesuvaloda","21":"tag-latvija","22":"tag-lv","23":"tag-news","24":"tag-popularakas-zinas","25":"tag-popularakaszinas","26":"tag-top-stories","27":"tag-topstories","28":"tag-zinas"},"share_on_mastodon":{"url":"https:\/\/pubeurope.com\/@lv\/115818336275176890","error":""},"_links":{"self":[{"href":"https:\/\/www.europesays.com\/lv\/wp-json\/wp\/v2\/posts\/91391","targetHints":{"allow":["GET"]}}],"collection":[{"href":"https:\/\/www.europesays.com\/lv\/wp-json\/wp\/v2\/posts"}],"about":[{"href":"https:\/\/www.europesays.com\/lv\/wp-json\/wp\/v2\/types\/post"}],"author":[{"embeddable":true,"href":"https:\/\/www.europesays.com\/lv\/wp-json\/wp\/v2\/users\/2"}],"replies":[{"embeddable":true,"href":"https:\/\/www.europesays.com\/lv\/wp-json\/wp\/v2\/comments?post=91391"}],"version-history":[{"count":0,"href":"https:\/\/www.europesays.com\/lv\/wp-json\/wp\/v2\/posts\/91391\/revisions"}],"wp:featuredmedia":[{"embeddable":true,"href":"https:\/\/www.europesays.com\/lv\/wp-json\/wp\/v2\/media\/91392"}],"wp:attachment":[{"href":"https:\/\/www.europesays.com\/lv\/wp-json\/wp\/v2\/media?parent=91391"}],"wp:term":[{"taxonomy":"category","embeddable":true,"href":"https:\/\/www.europesays.com\/lv\/wp-json\/wp\/v2\/categories?post=91391"},{"taxonomy":"post_tag","embeddable":true,"href":"https:\/\/www.europesays.com\/lv\/wp-json\/wp\/v2\/tags?post=91391"}],"curies":[{"name":"wp","href":"https:\/\/api.w.org\/{rel}","templated":true}]}}