{"id":91393,"date":"2026-01-01T06:08:34","date_gmt":"2026-01-01T06:08:34","guid":{"rendered":"https:\/\/www.europesays.com\/lv\/91393\/"},"modified":"2026-01-01T06:08:34","modified_gmt":"2026-01-01T06:08:34","slug":"geinsvilas-parka-ziemassvetku-prieksvakara-nosauts-virietis","status":"publish","type":"post","link":"https:\/\/www.europesays.com\/lv\/91393\/","title":{"rendered":"Geinsvilas park\u0101 Ziemassv\u0113tku priek\u0161vakar\u0101 no\u0161auts v\u012brietis"},"content":{"rendered":"<p class=\"descr\">70 gadus vecais Terijs Lodens no D\u017eordzijas \u0161tata ASV tika no\u0161auts nesaprotama konflikta d\u0113\u013c pastaigas laik\u0101 ar savu suni, zi\u0146o &#8220;Dailymail.co.uk&#8221;.<\/p>\n<p>Noziegums notika tie\u0161i vienu dienu pirms Ziemassv\u0113tkiem, pastaig\u0101joties publisk\u0101 park\u0101 Geinsvil\u0101 ar m\u0101jas m\u012bluli.<\/p>\n<p>Tra\u0123isk\u0101 notikumu virkne s\u0101k\u0101s, kad Lodena suns D\u017eesijs &#8220;sastr\u012bd\u0113j\u0101s&#8221; ar citu suni Simpsona park\u0101, pazi\u0146oja policija.<\/p>\n<p>Situ\u0101cija krasi saasin\u0101j\u0101s, kad otra m\u0101jdz\u012bvnieka \u012bpa\u0161nieks, 52 gadus vecais Tods Aleksandrs Stalkups, it k\u0101 izvilcis pistoli un sa\u0161\u0101vis Lodena d\u0101rgo m\u012bluli.<\/p>\n<p>P\u0113c tam Stalkups it k\u0101 \u0161\u0101va ar\u012b uz sa\u0161aut\u0101 su\u0146a saimnieku Lodenu, kad vi\u0146a sieva \u0160erila atsteidz\u0101s vi\u0146u gl\u0101bt.<\/p>\n<p>Vi\u0146a past\u0101st\u012bja viet\u0113jam zi\u0146u port\u0101lam &#8220;Atlanta News First&#8221;, ka vi\u0146as v\u012brs run\u0101ja pa telefonu ar mazmeitu, kad ticis sa\u0161auts.<\/p>\n<p>\u0160erila st\u0101st\u012bja, k\u0101 atceras, ka vi\u0146as v\u012brs esot nor\u0101d\u012bjis savam sunim D\u017eesijam &#8220;neaiztikt to suni&#8221;, pirms atskan\u0113ja \u0161\u0101vieni.<\/p>\n<p>Sieva \u0160erila to visu redz\u0113ja, steidz\u0101s pie v\u012bra, zvan\u012bja uz 911 un tur\u0113ja aizspiestu vi\u0146a br\u016bci, kam\u0113r atbrauca medi\u0137i, ta\u010du v\u012bru neizdev\u0101s gl\u0101bt, vi\u0146\u0161 slimn\u012bc\u0101 nomira.<\/p>\n<p>Vi\u0146a apgalvoja, ka Stalkups <a href=\"https:\/\/nra.lv\/tautaruna\/kriminali\/510162-berns-iesper-nolaupitajam-pa-kajstarpi-un-aizbeg.htm\" data-item-link=\"true\" data-item-id=\"510162\" rel=\"nofollow noopener\" target=\"_blank\">mier\u012bgi staig\u0101ja apk\u0101rt,<\/a> kam\u0113r vi\u0146as v\u012brs c\u012bn\u012bj\u0101s par savu dz\u012bv\u012bbu, un tad galu gal\u0101 aizbrauca ar savu automa\u0161\u012bnu.<\/p>\n<p>Policisti aiztur\u0113ja Stalkupu apm\u0113ram 15 min\u016btes p\u0113c str\u012bda. Vi\u0146am tika izvirz\u012btas aps\u016bdz\u012bbas slepkav\u012bb\u0101, slepkav\u012bb\u0101 ar smagu miesas boj\u0101jumu nodar\u012b\u0161anu, smagu miesas boj\u0101jumu nodar\u012b\u0161an\u0101 un noziegum\u0101 izmantota iero\u010da glab\u0101\u0161an\u0101.<\/p>\n<p>Stalkups atrodas apcietin\u0101jum\u0101 Hallas apgabala cietum\u0101, un saska\u0146\u0101 ar cietuma ierakstiem vi\u0146am nevar piem\u0113rot dro\u0161\u012bbas naudu.<\/p>\n<p>\t\t\t\t\t\tinfo<\/p>\n<p>Uzzini pirmais<br \/>kas interesants noticis Latvij\u0101 un pasaul\u0113,<br \/>pievienojoties mums <a href=\"https:\/\/t.me\/neatkariga\" rel=\"nofollow\">Telegram<\/a> vai <a href=\"https:\/\/whatsapp.com\/channel\/0029VaMLFUH5K3zLU5s4wm3y\" rel=\"nofollow noopener\" target=\"_blank\">Whatsapp<\/a> kan\u0101l\u0101<\/p>\n","protected":false},"excerpt":{"rendered":"70 gadus vecais Terijs Lodens no D\u017eordzijas \u0161tata ASV tika no\u0161auts nesaprotama konflikta d\u0113\u013c pastaigas laik\u0101 ar savu&hellip;\n","protected":false},"author":2,"featured_media":91394,"comment_status":"","ping_status":"","sticky":false,"template":"","format":"standard","meta":{"footnotes":""},"categories":[14],"tags":[23,57,28,29,32,33,22,30,31,35,39,38,36,37,34,40,20,26,27,24,25,54,55,56,21,58],"class_list":{"0":"post-91393","1":"post","2":"type-post","3":"status-publish","4":"format-standard","5":"has-post-thumbnail","7":"category-zinas-no-arvalstim","8":"tag-aktualitates","9":"tag-arvalstim","10":"tag-breaking-news","11":"tag-breakingnews","12":"tag-featured-news","13":"tag-featurednews","14":"tag-headlines","15":"tag-latest-news","16":"tag-latestnews","17":"tag-latvia","18":"tag-latvian","19":"tag-latviesu","20":"tag-latviesu-valoda","21":"tag-latviesuvaloda","22":"tag-latvija","23":"tag-lv","24":"tag-news","25":"tag-popularakas-zinas","26":"tag-popularakaszinas","27":"tag-top-stories","28":"tag-topstories","29":"tag-world","30":"tag-world-news","31":"tag-worldnews","32":"tag-zinas","33":"tag-zinas-no-arvalstim"},"share_on_mastodon":{"url":"https:\/\/pubeurope.com\/@lv\/115818351970996378","error":""},"_links":{"self":[{"href":"https:\/\/www.europesays.com\/lv\/wp-json\/wp\/v2\/posts\/91393","targetHints":{"allow":["GET"]}}],"collection":[{"href":"https:\/\/www.europesays.com\/lv\/wp-json\/wp\/v2\/posts"}],"about":[{"href":"https:\/\/www.europesays.com\/lv\/wp-json\/wp\/v2\/types\/post"}],"author":[{"embeddable":true,"href":"https:\/\/www.europesays.com\/lv\/wp-json\/wp\/v2\/users\/2"}],"replies":[{"embeddable":true,"href":"https:\/\/www.europesays.com\/lv\/wp-json\/wp\/v2\/comments?post=91393"}],"version-history":[{"count":0,"href":"https:\/\/www.europesays.com\/lv\/wp-json\/wp\/v2\/posts\/91393\/revisions"}],"wp:featuredmedia":[{"embeddable":true,"href":"https:\/\/www.europesays.com\/lv\/wp-json\/wp\/v2\/media\/91394"}],"wp:attachment":[{"href":"https:\/\/www.europesays.com\/lv\/wp-json\/wp\/v2\/media?parent=91393"}],"wp:term":[{"taxonomy":"category","embeddable":true,"href":"https:\/\/www.europesays.com\/lv\/wp-json\/wp\/v2\/categories?post=91393"},{"taxonomy":"post_tag","embeddable":true,"href":"https:\/\/www.europesays.com\/lv\/wp-json\/wp\/v2\/tags?post=91393"}],"curies":[{"name":"wp","href":"https:\/\/api.w.org\/{rel}","templated":true}]}}