{"id":91397,"date":"2026-01-01T06:22:09","date_gmt":"2026-01-01T06:22:09","guid":{"rendered":"https:\/\/www.europesays.com\/lv\/91397\/"},"modified":"2026-01-01T06:22:09","modified_gmt":"2026-01-01T06:22:09","slug":"1-janvara-pecpusdiena-prognoze-stipru-snigsanu","status":"publish","type":"post","link":"https:\/\/www.europesays.com\/lv\/91397\/","title":{"rendered":"1.janv\u0101ra p\u0113cpusdien\u0101 prognoz\u0113 stipru snig\u0161anu"},"content":{"rendered":"<p>1.janv\u0101ra p\u0113cpusdien\u0101 prognoz\u0113 stipru snig\u0161anu<\/p>\n<p>Latvijas Vides \u0123eolo\u0123ijas un meteorolo\u0123ijas centrs inform\u0113, ka 1.janv\u0101ra p\u0113cpusdien\u0101 Latviju no rietumiem s\u0101ks \u0161\u0137\u0113rsot pla\u0161a nokri\u0161\u0146u zona. Viet\u0101m rietumu un centr\u0101lajos rajonos gaid\u0101ma stipra snig\u0161ana \u2013 sniega segas biezums palielin\u0101sies par 5-8 cm. \u201cDzeltenais\u201d sniega br\u012bdin\u0101jums ir sp\u0113k\u0101 l\u012bdz 2.janv\u0101ra pulksten 4. Aicin\u0101m satiksmes dal\u012bbniekus b\u016bt uzman\u012bgiem \u2013 atsevi\u0161\u0137i ce\u013cu posmi b\u016bs slideni!<\/p>\n<p>ESI INFORM\u0112TS, ka gaid\u0101ma stipra snig\u0161ana!<\/p>\n<p>Snig\u0161ana var kav\u0113t transporta kust\u012bbu uz ce\u013ciem, k\u0101 ar\u012b g\u0101j\u0113ju p\u0101rvieto\u0161anos. Redzam\u012bba snig\u0161anas un pute\u0146a laik\u0101 b\u016bs pasliktin\u0101ta. Snig\u0161ana un slapja sniega nogulums atsevi\u0161\u0137os rajonos var izrais\u012bt koku zaru l\u016b\u0161anu un elektrol\u012bniju boj\u0101jumus. Atsevi\u0161\u0137os rajonos var tikt trauc\u0113tas \u0101ra aktivit\u0101tes. Esi uzman\u012bgs, gan ejot, gan ar\u012b braucot ar automa\u0161\u012bnu.<\/p>\n<p>Ziemas dienests visu diennakti seko l\u012bdzi gaisa un ce\u013ca seguma temperat\u016brai, re\u0101lajai situ\u0101cijai uz iel\u0101m un ietv\u0113m, lai nepiecie\u0161am\u012bbas gad\u012bjum\u0101 organiz\u0113tu kais\u012b\u0161anu vai t\u012br\u012b\u0161anu.<\/p>\n<p>Par paman\u012btaj\u0101m ielu seguma probl\u0113m\u0101m Jelgav\u0101 l\u016bgums zi\u0146ot Jelgavas pa\u0161vald\u012bbas operat\u012bv\u0101s inform\u0101cijas centram pa iedz\u012bvot\u0101ju atbalsta t\u0101lruni 8787.<\/p>\n<p><img fetchpriority=\"high\" decoding=\"async\" class=\"aligncenter size-full wp-image-282443\" src=\"https:\/\/www.europesays.com\/lv\/wp-content\/uploads\/2026\/01\/1janv_sniegs.jpg\" alt=\"\" width=\"1080\" height=\"1080\"\/><\/p>\n<p>Prognoz\u0113tie hidrometeorolo\u0123iskie apst\u0101k\u013ci nav b\u012bstami, ta\u010du, ja pl\u0101no aktivit\u0101tes, kuras tie var ietekm\u0113t, esi uzman\u012bgs! Esi inform\u0113ts par gaid\u0101maj\u0101m izmai\u0146\u0101m, un lieki nepak\u013cauj sevi riskam.<\/p>\n<p>Aktu\u0101lajiem br\u012bdin\u0101jumiem l\u012bdzi var sekot https:\/\/bridinajumi.meteo.lv\/<\/p>\n","protected":false},"excerpt":{"rendered":"1.janv\u0101ra p\u0113cpusdien\u0101 prognoz\u0113 stipru snig\u0161anu Latvijas Vides \u0123eolo\u0123ijas un meteorolo\u0123ijas centrs inform\u0113, ka 1.janv\u0101ra p\u0113cpusdien\u0101 Latviju no rietumiem&hellip;\n","protected":false},"author":2,"featured_media":91398,"comment_status":"","ping_status":"","sticky":false,"template":"","format":"standard","meta":{"footnotes":""},"categories":[5],"tags":[23,28,29,32,33,22,30,31,35,39,38,36,37,34,40,20,26,27,24,25,21],"class_list":{"0":"post-91397","1":"post","2":"type-post","3":"status-publish","4":"format-standard","5":"has-post-thumbnail","7":"category-aktualitates","8":"tag-aktualitates","9":"tag-breaking-news","10":"tag-breakingnews","11":"tag-featured-news","12":"tag-featurednews","13":"tag-headlines","14":"tag-latest-news","15":"tag-latestnews","16":"tag-latvia","17":"tag-latvian","18":"tag-latviesu","19":"tag-latviesu-valoda","20":"tag-latviesuvaloda","21":"tag-latvija","22":"tag-lv","23":"tag-news","24":"tag-popularakas-zinas","25":"tag-popularakaszinas","26":"tag-top-stories","27":"tag-topstories","28":"tag-zinas"},"share_on_mastodon":{"url":"https:\/\/pubeurope.com\/@lv\/115818407072864812","error":""},"_links":{"self":[{"href":"https:\/\/www.europesays.com\/lv\/wp-json\/wp\/v2\/posts\/91397","targetHints":{"allow":["GET"]}}],"collection":[{"href":"https:\/\/www.europesays.com\/lv\/wp-json\/wp\/v2\/posts"}],"about":[{"href":"https:\/\/www.europesays.com\/lv\/wp-json\/wp\/v2\/types\/post"}],"author":[{"embeddable":true,"href":"https:\/\/www.europesays.com\/lv\/wp-json\/wp\/v2\/users\/2"}],"replies":[{"embeddable":true,"href":"https:\/\/www.europesays.com\/lv\/wp-json\/wp\/v2\/comments?post=91397"}],"version-history":[{"count":0,"href":"https:\/\/www.europesays.com\/lv\/wp-json\/wp\/v2\/posts\/91397\/revisions"}],"wp:featuredmedia":[{"embeddable":true,"href":"https:\/\/www.europesays.com\/lv\/wp-json\/wp\/v2\/media\/91398"}],"wp:attachment":[{"href":"https:\/\/www.europesays.com\/lv\/wp-json\/wp\/v2\/media?parent=91397"}],"wp:term":[{"taxonomy":"category","embeddable":true,"href":"https:\/\/www.europesays.com\/lv\/wp-json\/wp\/v2\/categories?post=91397"},{"taxonomy":"post_tag","embeddable":true,"href":"https:\/\/www.europesays.com\/lv\/wp-json\/wp\/v2\/tags?post=91397"}],"curies":[{"name":"wp","href":"https:\/\/api.w.org\/{rel}","templated":true}]}}