{"id":91399,"date":"2026-01-01T06:23:08","date_gmt":"2026-01-01T06:23:08","guid":{"rendered":"https:\/\/www.europesays.com\/lv\/91399\/"},"modified":"2026-01-01T06:23:08","modified_gmt":"2026-01-01T06:23:08","slug":"adriana-miglane-izlaiz-jaunu-dziesmu-par-spiti-manis-pasas-meliem-vecgada-vakara-lente-lv-2","status":"publish","type":"post","link":"https:\/\/www.europesays.com\/lv\/91399\/","title":{"rendered":"Adriana Migl\u0101ne izlai\u017e jaunu dziesmu &#8220;Par sp\u012bti manis pa\u0161as meliem&#8221; Vecgada vakar\u0101\u00a0\u2014\u00a0Lente.lv"},"content":{"rendered":"<p>Jauna dziesma k\u0101 gaismas stars gr\u016bt\u012bbu priek\u0161vakar\u0101<\/p>\n<p>M\u016bzi\u0137e Adriana Migl\u0101ne saviem klaus\u012bt\u0101jiem sag\u0101d\u0101jusi \u012bpa\u0161u d\u0101vanu Vecgada vakar\u0101, prezent\u0113jot jaunu ori\u0123in\u0101ldziesmu ar nosaukumu &#8220;Par sp\u012bti manis pa\u0161as meliem.&#8221; \u0160is ir pirmais ori\u0123in\u0101ldarbs, ko m\u0101ksliniece izdevusi p\u0113d\u0113jo divu gadu laik\u0101. K\u0101 zi\u0146o telekan\u0101ls TV3, Migl\u0101ne nesl\u0113pj, ka aizvad\u012btie gadi biju\u0161i \u0101rk\u0101rt\u012bgi gr\u016bti vi\u0146as person\u012bgaj\u0101 dz\u012bv\u0113. Tom\u0113r, sp\u012bt\u0113jot gr\u016bt\u012bb\u0101m, vi\u0146a l\u0113n\u0101m atg\u016bstas un saskata cer\u012bbu uz lab\u0101ku n\u0101kotni. Jaun\u0101 dziesma &#8220;No tumsas uz gaismu&#8221; tapusi tie\u0161i \u0161aj\u0101 sare\u017e\u0123\u012btaj\u0101 dz\u012bves posm\u0101, kad vien\u012bgi tic\u012bba un cer\u012bba sp\u0113jusi sniegt patv\u0113rumu un \u013caut notic\u0113t dz\u012bves skaistumam.<\/p>\n<p>Ce\u013c\u0161 no tumsas uz gaismu: person\u012bg\u0101s c\u012b\u0146as un atdzim\u0161ana<\/p>\n<p>P\u0113d\u0113jie divi gadi Adrianai Migl\u0101nei biju\u0161i pies\u0101tin\u0101ti ar p\u0101rbaud\u012bjumiem. Vi\u0146a publiski ir dal\u012bjusies ar smagu \u0161\u0137ir\u0161anos no sava d\u0113la t\u0113va, kas vi\u0146u novedusi dzi\u013c\u0101 kr\u012bz\u0113. P\u0113c \u0161\u0137ir\u0161an\u0101s Migl\u0101ne uz laiku p\u0101rc\u0113l\u0101s uz dz\u012bvi \u012arij\u0101, ta\u010du \u0161oruden, m\u012blest\u012bbas d\u0113\u013c, atgriez\u0101s Latvij\u0101, uzs\u0101kot attiec\u012bbas ar uz\u0146\u0113m\u0113ju O\u013cegu Zabirko. Vi\u0146u kopdz\u012bve s\u0101k\u0101s ap 2025. gada augustu, un abi kop\u0101 dz\u012bvoja O\u013cega m\u0101j\u0101 Garkaln\u0113. Tom\u0113r, neskatoties uz cer\u012bb\u0101m uz jaunu s\u0101kumu, \u0161\u012b gada decembra s\u0101kum\u0101 k\u013cuva zin\u0101ms, ka p\u0101ra attiec\u012bbas ir izbeigu\u0161\u0101s. Neskatoties uz \u0161\u0137ir\u0161anos, abi nol\u0113mu\u0161i saglab\u0101t draudz\u012bgas attiec\u012bbas.<\/p>\n<p>Neatlaid\u012bba un iedvesma<\/p>\n<p>Migl\u0101nes person\u012bg\u0101 dz\u012bve ir bijusi gana v\u0113traina, ta\u010du vi\u0146a nav \u013c\u0101vusi gr\u016bt\u012bb\u0101m sevi salauzt. Vi\u0146a ir atzinusi, ka divu gadu ilg\u0101 depresija ir beigusies, un vi\u0146a ir saskat\u012bjusi dz\u012bvesprieku un laimi. Pati m\u0101ksliniece mudina savus sekot\u0101jus nekad nebaid\u012bties l\u016bgt pal\u012bdz\u012bbu gr\u016btos br\u012b\u017eos, uzsverot, ka run\u0101\u0161ana par probl\u0113m\u0101m un atbalsta mekl\u0113\u0161ana ir \u013coti svar\u012bga. \u0160\u012b pieredze sniegusi vi\u0146ai jaunu apzi\u0146u un v\u0113lmi dal\u012bties sav\u0101 ce\u013c\u0101 ar citiem.<\/p>\n<p>Jaun\u0101 dziesma k\u0101 simbols person\u012bgajai izaugsmei<\/p>\n<p>Dziesma &#8220;Par sp\u012bti manis pa\u0161as meliem&#8221; un t\u0101s apak\u0161virsraksts &#8220;No tumsas uz gaismu&#8221; simboliz\u0113 Adrianas Migl\u0101nes person\u012bgo ce\u013cu un izaugsmi. T\u0101 atspogu\u013co sp\u0113ju p\u0101rvar\u0113t gr\u016bt\u012bbas, nepadoties un atrast gaismu pat visdzi\u013c\u0101kaj\u0101 tums\u0101. Vecgada vakara izv\u0113le dziesmas prezent\u0113\u0161anai ir simboliska \u2013 tas ir laiks, kad tiek nov\u0113rt\u0113ts aizvad\u012btais gads un tiek sagaid\u012bts jauns s\u0101kums, kas bie\u017ei vien saist\u0101s ar cer\u012bb\u0101m un p\u0101rmai\u0146\u0101m.<\/p>\n","protected":false},"excerpt":{"rendered":"Jauna dziesma k\u0101 gaismas stars gr\u016bt\u012bbu priek\u0161vakar\u0101 M\u016bzi\u0137e Adriana Migl\u0101ne saviem klaus\u012bt\u0101jiem sag\u0101d\u0101jusi \u012bpa\u0161u d\u0101vanu Vecgada vakar\u0101, prezent\u0113jot&hellip;\n","protected":false},"author":2,"featured_media":91319,"comment_status":"","ping_status":"","sticky":false,"template":"","format":"standard","meta":{"footnotes":""},"categories":[19],"tags":[12805,89,90,2043,35,39,38,194,36,37,34,40,22999,15960],"class_list":{"0":"post-91399","1":"post","2":"type-post","3":"status-publish","4":"format-standard","5":"has-post-thumbnail","7":"category-izklaide","8":"tag-adriana-miglane","9":"tag-entertainment","10":"tag-izklaide","11":"tag-jauna-dziesma","12":"tag-latvia","13":"tag-latvian","14":"tag-latviesu","15":"tag-latviesu-muzika","16":"tag-latviesu-valoda","17":"tag-latviesuvaloda","18":"tag-latvija","19":"tag-lv","20":"tag-personiga-dzive","21":"tag-vecgada-vakars"},"share_on_mastodon":{"url":"https:\/\/pubeurope.com\/@lv\/115818410976744073","error":""},"_links":{"self":[{"href":"https:\/\/www.europesays.com\/lv\/wp-json\/wp\/v2\/posts\/91399","targetHints":{"allow":["GET"]}}],"collection":[{"href":"https:\/\/www.europesays.com\/lv\/wp-json\/wp\/v2\/posts"}],"about":[{"href":"https:\/\/www.europesays.com\/lv\/wp-json\/wp\/v2\/types\/post"}],"author":[{"embeddable":true,"href":"https:\/\/www.europesays.com\/lv\/wp-json\/wp\/v2\/users\/2"}],"replies":[{"embeddable":true,"href":"https:\/\/www.europesays.com\/lv\/wp-json\/wp\/v2\/comments?post=91399"}],"version-history":[{"count":0,"href":"https:\/\/www.europesays.com\/lv\/wp-json\/wp\/v2\/posts\/91399\/revisions"}],"wp:featuredmedia":[{"embeddable":true,"href":"https:\/\/www.europesays.com\/lv\/wp-json\/wp\/v2\/media\/91319"}],"wp:attachment":[{"href":"https:\/\/www.europesays.com\/lv\/wp-json\/wp\/v2\/media?parent=91399"}],"wp:term":[{"taxonomy":"category","embeddable":true,"href":"https:\/\/www.europesays.com\/lv\/wp-json\/wp\/v2\/categories?post=91399"},{"taxonomy":"post_tag","embeddable":true,"href":"https:\/\/www.europesays.com\/lv\/wp-json\/wp\/v2\/tags?post=91399"}],"curies":[{"name":"wp","href":"https:\/\/api.w.org\/{rel}","templated":true}]}}