{"id":91404,"date":"2026-01-01T06:29:06","date_gmt":"2026-01-01T06:29:06","guid":{"rendered":"https:\/\/www.europesays.com\/lv\/91404\/"},"modified":"2026-01-01T06:29:06","modified_gmt":"2026-01-01T06:29:06","slug":"apsveicam-koris-kamer-ceturto-reizi-izcina-eiropas-grand-prix-trofeju-lente-lv","status":"publish","type":"post","link":"https:\/\/www.europesays.com\/lv\/91404\/","title":{"rendered":"Apsveicam! Koris &#8220;Kam\u0113r\u2026&#8221; ceturto reizi izc\u012bna Eiropas &#8220;Grand Prix&#8221; trofeju\u00a0\u2014\u00a0Lente.lv"},"content":{"rendered":"<p>Latvijas kora &#8220;Kam\u0113r\u2026&#8221; triumfs Eiropas &#8220;Grand Prix&#8221; fin\u0101l\u0101<\/p>\n<p>Latvijas jaunie\u0161u koris \u201cKam\u0113r\u2026\u201d ir izc\u012bn\u012bjis presti\u017eo Eiropas koru \u201cGrand Prix\u201d trofeju ceturto reizi savas past\u0101v\u0113\u0161anas v\u0113stur\u0113. Sp\u0101nijas pils\u0113t\u0101 Tolos\u0101 notiku\u0161aj\u0101 fin\u0101l\u0101 koris, ko vada m\u0101kslinieciskais vad\u012bt\u0101js un diri\u0123ents Jur\u0123is C\u0101bulis, apliecin\u0101jis nemain\u012bgi augsto m\u0101ksliniecisko l\u012bmeni un spo\u017eo sniegumu starptautiskaj\u0101 korm\u016bzikas ar\u0113n\u0101. K\u0101 zi\u0146o Latvijas Av\u012bze, \u0161is sasniegums padara \u201cKam\u0113r\u2026\u201d par vien\u012bgo kori pasaul\u0113, kas \u0161o augst\u0101ko nov\u0113rt\u0113jumu kordzied\u0101\u0161anas pasaul\u0113 ieguvis \u010detras reizes. \u0160is ir jau ceturtais &#8220;Grand Prix&#8221; tituls kora past\u0101v\u0113\u0161anas v\u0113stur\u0113, apliecinot t\u0101 ilggad\u0113jo meistar\u012bbu.<\/p>\n<p>V\u0113sturisks sasniegums un kora izcil\u012bbas ce\u013c\u0161<\/p>\n<p>\u0160\u012b iespaid\u012bg\u0101 uzvara ir apliecin\u0101jums gadu desmitiem koptajai kvalit\u0101tei un nelok\u0101majai cent\u012bbai, ko koris \u201cKam\u0113r\u2026\u201d demonstr\u0113 kop\u0161 1990. gada, kad to dibin\u0101jis M\u0101ris Sirmais. Kolekt\u012bvs ir k\u013cuvis par Latvijas kult\u016bras v\u0113stnieku, nesot m\u016bsu m\u016bzikas ska\u0146as un dv\u0113seli uz pasaules noz\u012bm\u012bg\u0101kajiem festiv\u0101liem un konkursiem. \u0160\u012b ceturt\u0101 \u201cGrand Prix\u201d trofeja ir iev\u0113rojams sasniegums, kas apliecina \u201cKam\u0113r\u2026\u201d sp\u0113ju uztur\u0113t nemain\u012bgi augstu kvalit\u0101ti gadu desmitiem, kas ir reta par\u0101d\u012bba pat pasaules m\u0113rog\u0101. Tas liecina par kolekt\u012bva sp\u0113c\u012bgo m\u0101ksliniecisko identit\u0101ti un sp\u0113ju past\u0101v\u012bgi att\u012bst\u012bties un pilnveidoties.<\/p>\n<p>Kora dibin\u0101t\u0101js un ilggad\u0113jais vad\u012bt\u0101js ir M\u0101ris Sirmais, kur\u0161 vad\u012bja kori l\u012bdz 2012. gadam. P\u0113c vi\u0146a n\u0101ca J\u0101nis Liepi\u0146\u0161 (2012\u20132018) un Aivis Greters (2018\u20132022), bet kop\u0161 2022. gada kora m\u0101kslinieciskais vad\u012bt\u0101js un galvenais diri\u0123ents ir Jur\u0123is C\u0101bulis. Jur\u0123is C\u0101bulis, kur\u0161 ir ar\u012b R\u012bgas Doma kora skolas jaukt\u0101 kora diri\u0123ents un izgl\u012bt\u012bbas programmas \u201cDiri\u0123\u0113\u0161ana\u201d vad\u012bt\u0101js, k\u0101 ar\u012b kop\u0161 2013. gada ir R\u012bgas kamerkora \u201cAve Sol\u201d diri\u0123ents, ir devis noz\u012bm\u012bgu ieguld\u012bjumu kora att\u012bst\u012bb\u0101.<\/p>\n<p>Eiropas &#8220;Grand Prix&#8221; \u2013 augst\u0101kais korm\u016bzikas nov\u0113rt\u0113jums<\/p>\n<p>Eiropas \u201cGrand Prix\u201d ir viena no presti\u017e\u0101kaj\u0101m un gaid\u012bt\u0101kaj\u0101m balv\u0101m Eiropas korm\u016bzikas pasaul\u0113. T\u0101 pie\u0161\u0137ir\u0161ana ir apliecin\u0101jums ne tikai izcilam vok\u0101lajam sniegumam, bet ar\u012b m\u0101kslinieciskajai interpret\u0101cijai, programmas ori\u0123inalit\u0101tei un kop\u0113jam iespaidam. \u0160\u012b trofeja pie\u0161\u0137irta koriem, kuri ieguvu\u0161i uzvaras se\u0161os Eiropas kordzied\u0101\u0161anas konkursos. Fin\u0101l\u0101 savu meistar\u012bbu apliecin\u0101ja se\u0161u Eiropas koru konkursu uzvar\u0113t\u0101ji no da\u017e\u0101d\u0101m pasaules valst\u012bm.<\/p>\n<p>V\u0113sturisk\u0101s uzvaras un fin\u0101la programma<\/p>\n<p>Pirmoreiz koris \u201cKam\u0113r\u2026\u201d izc\u012bn\u012bja Eiropas \u201cGrand Prix\u201d 2004. gad\u0101 diri\u0123enta M\u0101ra Sirm\u0101 vad\u012bb\u0101. N\u0101kam\u0101s uzvaras sekoja 2013. gad\u0101 J\u0101\u0146a Liepi\u0146a vad\u012bb\u0101 un 2019. gad\u0101 Aivja Gretera vad\u012bb\u0101. \u0160aj\u0101 reiz\u0113, Sp\u0101nijas pils\u0113t\u0101 Tolos\u0101, koris izpild\u012bja iespaid\u012bgu programmu, kur\u0101 iek\u013cauti ska\u0146darbi k\u0101 \u0100dolfa Skultes \u201cJ\u016brai\u201d, Henrija Purcella un Svena D\u0101vidsa Sandstrema \u201cHear my prayer, O Lord\u201d, Ri\u010darda D\u0113ringa \u201cFactum est silentium\u201d no Atkl\u0101smes gr\u0101matas, \u0112rika E\u0161envalda \u201cA Drop in the Ocean\u201d ar M\u0101tes Ter\u0113zes v\u0101rdiem, un Tadejas Vulcas \u201cSine Sole Nihil Sum\u201d (Bez saules nekas neesmu). \u0160\u012b programma demonstr\u0113ja kora pla\u0161o m\u0101ksliniecisko diapazonu, tehnisko meistar\u012bbu un sp\u0113ju interpret\u0113t da\u017e\u0101dus ska\u0146darbus.<\/p>\n<p>Atbalsts un n\u0101kotnes perspekt\u012bvas<\/p>\n<p>Par kora sasniegumu Latvijas vald\u012bba nol\u0113musi pie\u0161\u0137irt jaunie\u0161u korim \u201cKam\u0113r\u2026\u201d 35 000 eiro naudas balvu. Kora Eiropas Grand Prix fin\u0101la turneju atbalst\u012bja R\u012bgas pa\u0161vald\u012bbas Izgl\u012bt\u012bbas, kult\u016bras un sporta departaments un R\u012bgas pa\u0161vald\u012bbas kult\u016bras iest\u0101\u017eu apvien\u012bbas Koncertorganiz\u0101cija \u201cAve Sol\u201d, k\u0101 ar\u012b citi atbalst\u012bt\u0101ji. Kora nosaukum\u0101 iek\u013caut\u0101 daudzpunkte noz\u012bm\u0113 \u201ckam\u0113r esam jauni, tikm\u0113r viss iesp\u0113jams\u201d, kas lieliski raksturo kolekt\u012bva dinamisko garu un nep\u0101rtraukto att\u012bst\u012bbu.<\/p>\n","protected":false},"excerpt":{"rendered":"Latvijas kora &#8220;Kam\u0113r\u2026&#8221; triumfs Eiropas &#8220;Grand Prix&#8221; fin\u0101l\u0101 Latvijas jaunie\u0161u koris \u201cKam\u0113r\u2026\u201d ir izc\u012bn\u012bjis presti\u017eo Eiropas koru \u201cGrand&hellip;\n","protected":false},"author":2,"featured_media":91405,"comment_status":"","ping_status":"","sticky":false,"template":"","format":"standard","meta":{"footnotes":""},"categories":[19],"tags":[10048,89,90,9992,9567,115,35,39,38,36,37,34,10571,40],"class_list":{"0":"post-91404","1":"post","2":"type-post","3":"status-publish","4":"format-standard","5":"has-post-thumbnail","7":"category-izklaide","8":"tag-eiropas-grand-prix","9":"tag-entertainment","10":"tag-izklaide","11":"tag-jurgis-cabulis","12":"tag-koris-kamer","13":"tag-kormuzika","14":"tag-latvia","15":"tag-latvian","16":"tag-latviesu","17":"tag-latviesu-valoda","18":"tag-latviesuvaloda","19":"tag-latvija","20":"tag-latvijas-koris","21":"tag-lv"},"share_on_mastodon":{"url":"https:\/\/pubeurope.com\/@lv\/115818434569757878","error":""},"_links":{"self":[{"href":"https:\/\/www.europesays.com\/lv\/wp-json\/wp\/v2\/posts\/91404","targetHints":{"allow":["GET"]}}],"collection":[{"href":"https:\/\/www.europesays.com\/lv\/wp-json\/wp\/v2\/posts"}],"about":[{"href":"https:\/\/www.europesays.com\/lv\/wp-json\/wp\/v2\/types\/post"}],"author":[{"embeddable":true,"href":"https:\/\/www.europesays.com\/lv\/wp-json\/wp\/v2\/users\/2"}],"replies":[{"embeddable":true,"href":"https:\/\/www.europesays.com\/lv\/wp-json\/wp\/v2\/comments?post=91404"}],"version-history":[{"count":0,"href":"https:\/\/www.europesays.com\/lv\/wp-json\/wp\/v2\/posts\/91404\/revisions"}],"wp:featuredmedia":[{"embeddable":true,"href":"https:\/\/www.europesays.com\/lv\/wp-json\/wp\/v2\/media\/91405"}],"wp:attachment":[{"href":"https:\/\/www.europesays.com\/lv\/wp-json\/wp\/v2\/media?parent=91404"}],"wp:term":[{"taxonomy":"category","embeddable":true,"href":"https:\/\/www.europesays.com\/lv\/wp-json\/wp\/v2\/categories?post=91404"},{"taxonomy":"post_tag","embeddable":true,"href":"https:\/\/www.europesays.com\/lv\/wp-json\/wp\/v2\/tags?post=91404"}],"curies":[{"name":"wp","href":"https:\/\/api.w.org\/{rel}","templated":true}]}}