{"id":91410,"date":"2026-01-01T06:35:25","date_gmt":"2026-01-01T06:35:25","guid":{"rendered":"https:\/\/www.europesays.com\/lv\/91410\/"},"modified":"2026-01-01T06:35:25","modified_gmt":"2026-01-01T06:35:25","slug":"finansialais-spiediens-uz-latvijas-nacionalo-teatri","status":"publish","type":"post","link":"https:\/\/www.europesays.com\/lv\/91410\/","title":{"rendered":"Finansi\u0101lais spiediens uz Latvijas Nacion\u0101lo te\u0101tri"},"content":{"rendered":"<p><img loading=\"lazy\" decoding=\"async\" class=\"lazy lazy-hidden alignnone size-full wp-image-235620\" src=\"data:image\/gif;base64,R0lGODlhAQABAIAAAAAAAP\/\/\/yH5BAEAAAAALAAAAAABAAEAAAIBRAA7\" data-lazy-type=\"image\" data-lazy-src=\"https:\/\/www.europesays.com\/lv\/wp-content\/uploads\/2026\/01\/1-149.jpg\" alt=\"\" width=\"900\" height=\"619\" data-lazy- data-lazy-\/><\/p>\n<p>Saska\u0146\u0101 ar izdevuma \u201cLatvijas Av\u012bze\u201d public\u0113to inform\u0101ciju, valsts dot\u0101cija Latvijas Nacion\u0101lajam te\u0101trim tiks samazin\u0101ta par gandr\u012bz desmito da\u013cu. \u0160is l\u0113mums iek\u013caujas pla\u0161\u0101k\u0101 p\u0113d\u0113jo gadu tendenc\u0113, kur\u0101 valsts finans\u0113jums kult\u016bras organiz\u0101cij\u0101m tiek pak\u0101peniski ierobe\u017eots. <\/p>\n<p>Te\u0101tra direktors M\u0101ris V\u012btols skaidro, ka vad\u012bba un kolekt\u012bvs pret \u0161o situ\u0101ciju izturas konstrukt\u012bvi \u2013 eso\u0161ais st\u0101voklis ir r\u016bp\u012bgi izdiskut\u0113ts, apzinoties, ka valsts \u0161obr\u012bd p\u0101rdala l\u012bdzek\u013cus par labu cit\u0101m priorit\u0101t\u0113m.<\/p>\n<p>\u00a0<\/p>\n<p>Valsts priorit\u0101\u0161u mai\u0146a: Dro\u0161\u012bba pirmaj\u0101 viet\u0101<\/p>\n<p>Kult\u016bras ministrijas (KM) strat\u0113\u0123iskais pl\u0101ns n\u0101kamajam periodam skaidri par\u0101da, ka valsts dro\u0161\u012bba un aizsardz\u012bba \u0161obr\u012bd ir absol\u016btas priorit\u0101tes. Tas neizb\u0113gami atst\u0101j negat\u012bvu ietekmi uz soci\u0101laj\u0101m un humanit\u0101raj\u0101m nozar\u0113m. Lai gan kop\u0113jais KM bud\u017eets 2025. gadam ir pl\u0101nots 246,8 miljonu eiro apm\u0113r\u0101 (par 0,18 miljoniem vair\u0101k nek\u0101 p\u0113rn), \u0161is \u0161\u0137ietamais pieaugums neparedz liel\u0101ku atbalstu iest\u0101\u017eu ikdienas darbam.<\/p>\n<p><a href=\"https:\/\/dzentlmenis.lv\/sirsniga-sieviete-atlava-bezpajumtniekam-naksnot-pie-sevis-tacu-nakti-sis-virietis-ielauzas-pie-vinas-gulamistaba\/149622\/\" rel=\"nofollow noopener\" target=\"_blank\"><img class=\"lazy lazy-hidden\" decoding=\"async\" src=\"data:image\/gif;base64,R0lGODlhAQABAIAAAAAAAP\/\/\/yH5BAEAAAAALAAAAAABAAEAAAIBRAA7\" data-lazy-type=\"image\" data-lazy-src=\"https:\/\/www.europesays.com\/lv\/wp-content\/uploads\/2025\/12\/fails.jpg\" data-lazy- alt=\"Sirsn\u012bga sieviete at\u013c\u0101va bezpajumtniekam nak\u0161\u0146ot pie sevis, ta\u010du nakt\u012b \u0161is v\u012brietis ielauz\u0101s pie vi\u0146as gu\u013camistab\u0101\"\/><\/a>\u0160obr\u012bd citi lasa<a class=\"monsterinsights-inline-popular-posts-title\" href=\"https:\/\/dzentlmenis.lv\/sirsniga-sieviete-atlava-bezpajumtniekam-naksnot-pie-sevis-tacu-nakti-sis-virietis-ielauzas-pie-vinas-gulamistaba\/149622\/\" rel=\"nofollow noopener\" target=\"_blank\">Sirsn\u012bga sieviete at\u013c\u0101va bezpajumtniekam nak\u0161\u0146ot pie sevis, ta\u010du nakt\u012b \u0161is v\u012brietis ielauz\u0101s pie vi\u0146as gu\u013camistab\u0101<\/a><\/p>\n<p>Tie\u0161i pret\u0113ji \u2013 bud\u017eeta projekt\u0101 ir iestr\u0101d\u0101ti stingri efektiviz\u0101cijas meh\u0101nismi. Kapit\u0101lsabiedr\u012bb\u0101m, tostarp valsts te\u0101triem, ne tikai j\u0101r\u0113\u0137in\u0101s ar m\u0113r\u0137dot\u0101ciju sarukumu, bet ar\u012b ar oblig\u0101tu uzdevumu palielin\u0101t savus pa\u0161u ie\u0146\u0113mumus vismaz par 1-2%. Tas noz\u012bm\u0113, ka te\u0101triem j\u0101k\u013c\u016bst par veiksm\u012bg\u0101kiem \u201cuz\u0146\u0113m\u0113jiem\u201d, nezaud\u0113jot savu m\u0101ksliniecisko kvalit\u0101ti.<\/p>\n<p>\u00a0<\/p>\n<p>M\u0101kslas pieejam\u012bba pret ekonomisko realit\u0101ti<\/p>\n<p>Neraugoties uz finansi\u0101lo spiedienu un pieaugo\u0161aj\u0101m uztur\u0113\u0161anas izmaks\u0101m, Latvijas Nacion\u0101lais te\u0101tris ir izv\u0113l\u0113jies soci\u0101li atbild\u012bgu poz\u012bciju \u2013 \u0161obr\u012bd netiek pl\u0101nots strauj\u0161 bi\u013ce\u0161u cenu k\u0101pums. M\u0101ris V\u012btols uzsver, ka valsts dot\u0113tam te\u0101trim ir j\u0101saglab\u0101 sava pieejam\u012bba visiem sabiedr\u012bbas sl\u0101\u0146iem. Tom\u0113r direktors nesl\u0113pj, ka ilgtermi\u0146\u0101 \u0161\u0101da politika b\u016bs atkar\u012bga no pakalpojumu (energoresursu, materi\u0101lu) d\u0101rdz\u012bbas un turpm\u0101k\u0101 valsts atbalsta apjoma.<\/p>\n<p>Lai kompens\u0113tu iztr\u016bkumu, te\u0101tris ir izstr\u0101d\u0101jis vair\u0101kus pretpas\u0101kumus:<\/p>\n<p>Izdevumu optimiz\u0101cija: Atteik\u0161an\u0101s no da\u017eiem ilgtermi\u0146a invest\u012bciju projektiem.<\/p>\n<p>Darb\u012bbas intensit\u0101te: Izr\u0101\u017eu skaita palielin\u0101\u0161ana, lai maksim\u0101li izmantotu telpu kapacit\u0101ti un audz\u0113tu bi\u013ce\u0161u ie\u0146\u0113mumus.<\/p>\n<p><a href=\"https:\/\/dzentlmenis.lv\/pircejiem-pie-pasakalposanas-kasem-bus-jarikojas-citadi-noteikums-kas-pasargas-tavumaku-un-pirkuma-grozu\/235938\/\" rel=\"nofollow noopener\" target=\"_blank\"><img class=\"lazy lazy-hidden\" decoding=\"async\" src=\"data:image\/gif;base64,R0lGODlhAQABAIAAAAAAAP\/\/\/yH5BAEAAAAALAAAAAABAAEAAAIBRAA7\" data-lazy-type=\"image\" data-lazy-src=\"https:\/\/www.europesays.com\/lv\/wp-content\/uploads\/2025\/12\/norekins2.jpg\" data-lazy- alt=\"Pirc\u0113jiem pie pa\u0161apkalpo\u0161an\u0101s kas\u0113m b\u016bs j\u0101r\u012bkojas cit\u0101di: Noteikums, kas pasarg\u0101s tavu maku un pirkumu grozu\"\/><\/a>\u0160obr\u012bd citi lasa<a class=\"monsterinsights-inline-popular-posts-title\" href=\"https:\/\/dzentlmenis.lv\/pircejiem-pie-pasakalposanas-kasem-bus-jarikojas-citadi-noteikums-kas-pasargas-tavumaku-un-pirkuma-grozu\/235938\/\" rel=\"nofollow noopener\" target=\"_blank\">Pirc\u0113jiem pie pa\u0161apkalpo\u0161an\u0101s kas\u0113m b\u016bs j\u0101r\u012bkojas cit\u0101di: Noteikums, kas pasarg\u0101s tavu maku un pirkumu grozu<\/a><\/p>\n<p>Procesu efektiviz\u0101cija: Administrat\u012bvo un tehnisko t\u0113ri\u0146u samazin\u0101\u0161ana.<\/p>\n<p>\u00a0<\/p>\n<p>Inovat\u012bvas programmas skat\u012bt\u0101ju piesaistei<\/p>\n<p>Lai nodro\u0161in\u0101tu m\u0101kslas pieejam\u012bbu, te\u0101tris turpina att\u012bst\u012bt \u012bpa\u0161as lojalit\u0101tes un atla\u017eu programmas. Viena no veiksm\u012bg\u0101kaj\u0101m iniciat\u012bv\u0101m ir projekts \u201cKult\u016brrandi\u0146\u0161\u201d. Tas dod iesp\u0113ju jaunie\u0161iem un studentiem divas stundas pirms izr\u0101des s\u0101kuma ieg\u0101d\u0101ties neizp\u0101rdot\u0101s vietas par \u013coti draudz\u012bgu cenu \u2013 tikai 7 eiro.<\/p>\n<p>T\u0101pat akt\u012bvi darbojas \u201cSkat\u012bt\u0101ja karte\u201d, kas pied\u0101v\u0101:<\/p>\n<p>Past\u0101v\u012bgu 20% atlaidi vis\u0101m bi\u013cet\u0113m.<\/p>\n<p>Reizi m\u0113nes\u012b \u012bpa\u0161u 40% atlaidi izv\u0113l\u0113tam iestud\u0113jumam.<\/p>\n<p>Priorit\u0101ru iesp\u0113ju ieg\u0101d\u0101ties bi\u013cetes diennakti pirms publisk\u0101s tirdzniec\u012bbas uzs\u0101k\u0161anas.<\/p>\n<p>Nacion\u0101l\u0101 te\u0101tra cenu amplit\u016bda \u0161obr\u012bd ir pla\u0161a \u2013 no 12 eiro par vienk\u0101r\u0161\u0101k\u0101m viet\u0101m l\u012bdz 50 eiro par pirmizr\u0101\u017eu lo\u017e\u0101m, t\u0101d\u0113j\u0101di m\u0113\u0123inot uzrun\u0101t da\u017e\u0101das maks\u0101tsp\u0113jas auditorijas.<\/p>\n<p>\u00a0<\/p>\n<p>N\u0101kotnes perspekt\u012bvas un nozares prognozes<\/p>\n<p>Raugoties uz 2026. gadu, Kult\u016bras ministrijas prognozes paredz bud\u017eeta palielin\u0101jumu l\u012bdz 253,1 miljonam eiro, tom\u0113r ar\u012b tad uzsvars tiks likts uz iest\u0101\u017eu pa\u0161u ie\u0146\u0113mumu audz\u0113\u0161anu. Valmieras te\u0101tra direktore Evita A\u0161eradena atz\u012bst, ka te\u0101triem b\u016bs j\u0101pie\u0146em smagi l\u0113mumi \u2013 pakalpojumu sad\u0101rdzin\u0101jums kombin\u0101cij\u0101 ar maz\u0101ku dot\u0101ciju agr\u0101k vai v\u0113l\u0101k var novest pie bi\u013ce\u0161u cenu p\u0101rskat\u012b\u0161anas vis\u0101 nozar\u0113.<\/p>\n<p><a href=\"https:\/\/dzentlmenis.lv\/zvanija-mans-draugs-no-autoservisa-un-pasaka-beidzas-stastu-ar-ko-bmw-5-f10-ipasnieks-saskaras-pec-ta-iegades\/235710\/\" rel=\"nofollow noopener\" target=\"_blank\"><img class=\"lazy lazy-hidden\" decoding=\"async\" src=\"data:image\/gif;base64,R0lGODlhAQABAIAAAAAAAP\/\/\/yH5BAEAAAAALAAAAAABAAEAAAIBRAA7\" data-lazy-type=\"image\" data-lazy-src=\"https:\/\/www.europesays.com\/lv\/wp-content\/uploads\/2026\/01\/Ekranuznemums-2025-12-30-132104.jpg\" data-lazy- alt=\"\u201cZvan\u012bja mans draugs no autoservisa un pasaka beidz\u0101s\u201d st\u0101stu, ar ko BMW 5 F10 \u012bpa\u0161nieks sask\u0101r\u0101s p\u0113c t\u0101 ieg\u0101des\"\/><\/a>\u0160obr\u012bd citi lasa<a class=\"monsterinsights-inline-popular-posts-title\" href=\"https:\/\/dzentlmenis.lv\/zvanija-mans-draugs-no-autoservisa-un-pasaka-beidzas-stastu-ar-ko-bmw-5-f10-ipasnieks-saskaras-pec-ta-iegades\/235710\/\" rel=\"nofollow noopener\" target=\"_blank\">\u201cZvan\u012bja mans draugs no autoservisa un pasaka beidz\u0101s\u201d st\u0101stu, ar ko BMW 5 F10 \u012bpa\u0161nieks sask\u0101r\u0101s p\u0113c t\u0101 ieg\u0101des<\/a><\/p>\n<p>\u0160obr\u012bd Nacion\u0101lais te\u0101tris balans\u0113 uz robe\u017eas starp fisk\u0101lo discipl\u012bnu un kult\u016bras misiju. Turpm\u0101kie gadi r\u0101d\u012bs, vai te\u0101trim izdosies audz\u0113t ie\u0146\u0113mumus, nepadarot te\u0101tra apmekl\u0113jumu par luksusa preci, kas pieejama tikai tur\u012bg\u0101kajai sabiedr\u012bbas da\u013cai.<\/p>\n","protected":false},"excerpt":{"rendered":"Saska\u0146\u0101 ar izdevuma \u201cLatvijas Av\u012bze\u201d public\u0113to inform\u0101ciju, valsts dot\u0101cija Latvijas Nacion\u0101lajam te\u0101trim tiks samazin\u0101ta par gandr\u012bz desmito da\u013cu.&hellip;\n","protected":false},"author":2,"featured_media":91411,"comment_status":"","ping_status":"","sticky":false,"template":"","format":"standard","meta":{"footnotes":""},"categories":[19],"tags":[89,90,35,39,38,36,37,34,40],"class_list":{"0":"post-91410","1":"post","2":"type-post","3":"status-publish","4":"format-standard","5":"has-post-thumbnail","7":"category-izklaide","8":"tag-entertainment","9":"tag-izklaide","10":"tag-latvia","11":"tag-latvian","12":"tag-latviesu","13":"tag-latviesu-valoda","14":"tag-latviesuvaloda","15":"tag-latvija","16":"tag-lv"},"share_on_mastodon":{"url":"https:\/\/pubeurope.com\/@lv\/115818458159117864","error":""},"_links":{"self":[{"href":"https:\/\/www.europesays.com\/lv\/wp-json\/wp\/v2\/posts\/91410","targetHints":{"allow":["GET"]}}],"collection":[{"href":"https:\/\/www.europesays.com\/lv\/wp-json\/wp\/v2\/posts"}],"about":[{"href":"https:\/\/www.europesays.com\/lv\/wp-json\/wp\/v2\/types\/post"}],"author":[{"embeddable":true,"href":"https:\/\/www.europesays.com\/lv\/wp-json\/wp\/v2\/users\/2"}],"replies":[{"embeddable":true,"href":"https:\/\/www.europesays.com\/lv\/wp-json\/wp\/v2\/comments?post=91410"}],"version-history":[{"count":0,"href":"https:\/\/www.europesays.com\/lv\/wp-json\/wp\/v2\/posts\/91410\/revisions"}],"wp:featuredmedia":[{"embeddable":true,"href":"https:\/\/www.europesays.com\/lv\/wp-json\/wp\/v2\/media\/91411"}],"wp:attachment":[{"href":"https:\/\/www.europesays.com\/lv\/wp-json\/wp\/v2\/media?parent=91410"}],"wp:term":[{"taxonomy":"category","embeddable":true,"href":"https:\/\/www.europesays.com\/lv\/wp-json\/wp\/v2\/categories?post=91410"},{"taxonomy":"post_tag","embeddable":true,"href":"https:\/\/www.europesays.com\/lv\/wp-json\/wp\/v2\/tags?post=91410"}],"curies":[{"name":"wp","href":"https:\/\/api.w.org\/{rel}","templated":true}]}}