{"id":91416,"date":"2026-01-01T07:03:15","date_gmt":"2026-01-01T07:03:15","guid":{"rendered":"https:\/\/www.europesays.com\/lv\/91416\/"},"modified":"2026-01-01T07:03:15","modified_gmt":"2026-01-01T07:03:15","slug":"ta-bija-emociju-jura-ko-pardzivoju-no-amata-atstadinatas-gors-vaditajas-zirninas-stasts-santa","status":"publish","type":"post","link":"https:\/\/www.europesays.com\/lv\/91416\/","title":{"rendered":"\u00abT\u0101 bija emociju j\u016bra, ko p\u0101rdz\u012bvoju.\u00bb No amata atst\u0101din\u0101t\u0101s \u00abGors\u00bb vad\u012bt\u0101jas Zirni\u0146as st\u0101sts \u2014 Santa"},"content":{"rendered":"<p>L\u0113mums atst\u0101din\u0101t no amata koncertz\u0101les Gors vad\u012bt\u0101ju un un SIA Austrumlatvijas koncertz\u0101le\u00a0valdes locekli Di\u0101nu Zirni\u0146u pie\u0146emts 30. decembr\u012b pa\u0161vald\u012bbas uz\u0146\u0113muma dal\u012bbnieku \u0101rk\u0101rtas sapulc\u0113. Taj\u0101 Di\u0101nai, kura \u0161o vietu vad\u012bjusi 15 gadus,\u00a0izteikta neuztic\u012bba. \u0160\u0101ds pav\u0113rsiens daudzos Latgales iedz\u012bvot\u0101jos rais\u012bjis lielu neizpratni un pat sa\u0161utumu. Par to\u00a0izteikusies ar\u012b olimpiete Gunta Vai\u010dule: \u00abK\u0101 \u0161is ir iesp\u0113jams?\u00a0Di\u0101na Zirni\u0146a toties saglab\u0101 m\u0101kslinieku, koncertu, izr\u0101\u017eu, pas\u0101kumu apmekl\u0113t\u0101ju uztic\u012bbu.\u00bb Ba\u017eas par \u0161\u0101da\u00a0l\u0113muma patieso pamatojumu\u00a0ir ar\u012b Kult\u016bras ministrei Agnesei L\u0101cei.<\/p>\n<p>Kas tad \u012bsti ir Di\u0101na Zirni\u0146a? Savulaik \u017eurn\u0101l\u0101 Ieva bija las\u0101ma\u00a0 L\u012bgas Blauas veidota portretintervija ar Di\u0101nu, kur\u0101 atkl\u0101j\u0101s vi\u0146as <a data-id=\"126754\" href=\"https:\/\/www.santa.lv\/tema\/126754\/personibas?utm_source=internal&amp;utm_medium=article&amp;utm_campaign=theme_link\" target=\"_blank\" rel=\"nofollow noopener\">person\u012bbas<\/a> \u0161\u0137autnes un dz\u012bves g\u0101jums. Tai autore devusi lakonisku nosaukumu \u2013\u00a0Teicamniece.\u00a0<\/p>\n<p>\u00a0<\/p>\n<p>Di\u0101nas Zirni\u0146as pieturz\u012bmes<\/p>\n<ul>&#13;<\/p>\n<li>Dzimusi 1981. gada 2. maij\u0101 R\u0113zekn\u0113.<\/li>\n<p>&#13;<\/p>\n<li>M\u0101c\u012bjusies R\u0113zeknes 1. vidusskol\u0101 un R\u0113zeknes Komercskol\u0101.<\/li>\n<p>&#13;<\/p>\n<li>R\u0113zeknes Augstskol\u0101 apguvusi ekonomistes un juristes bakalaura zin\u012bbas uz\u0146\u0113m\u0113jdarb\u012bbas ties\u012bb\u0101s un ieguvusi ma\u0123istra izgl\u012bt\u012bbu vad\u012bbu zin\u0101tn\u0113.<\/li>\n<p>&#13;<\/p>\n<li>Augstskol\u0101 Tur\u012bba \u2013 ma\u0123istrs sabiedrisko attiec\u012bbu vad\u012bb\u0101.<\/li>\n<p>&#13;<\/p>\n<li>Izgl\u012bt\u012bbu papildin\u0101jusi Zviedrij\u0101.<\/li>\n<p>&#13;<\/p>\n<li>S\u0101kusi stud\u0113t Latvijas Kult\u016bras akad\u0113mij\u0101 ma\u0123istrat\u016br\u0101 kult\u016bras mened\u017ementu un rado\u0161\u0101s industrijas.<\/li>\n<p>&#13;<\/p>\n<li>Str\u0101d\u0101jusi Radio, laikrakst\u0101, zi\u0146u a\u0123ent\u016br\u0101, Nodarbin\u0101t\u012bbas valsts a\u0123ent\u016br\u0101 un R\u0113zeknes pa\u0161vald\u012bb\u0101.<\/li>\n<p>&#13;<\/p>\n<li>Kop\u0161 2011. gada \u2013 Autrumlatvijas koncertz\u0101les valdes locekle jeb Latgales v\u0113stniec\u012bbas Gors vad\u012bt\u0101ja.<\/li>\n<p>&#13;\n<\/ul>\n<p>\u00a0<\/p>\n<p>Jums ir cien\u012bjama izgl\u012bt\u012bbas biogr\u0101fija.<\/p>\n<p>\u00a0M\u016b\u017eu dz\u012bvo, m\u016b\u017eu m\u0101cies. Tas ir par mani. (Smejas.) \u0160obr\u012bd jaut\u0101juma z\u012bme pielikta ma\u0123istrat\u016bras studij\u0101m kult\u016bras mened\u017ement\u0101 un rado\u0161aj\u0101s industrij\u0101s man\u0101 m\u012b\u013caj\u0101 Kult\u016bras akad\u0113mij\u0101. Pag\u0101ju\u0161ais gads bija visai sare\u017e\u0123\u012bts, milzum daudz darba, un vajadz\u0113ja noteikt priorit\u0101tes. V\u0113l arvien mana priorit\u0101te ir Gors.<\/p>\n<blockquote><p>&#13;<\/p>\n<p>Esmu izbaud\u012bjusi katru gadu, ko te pavadu, un visu, ko esmu dar\u012bjusi.<\/p>\n<p>&#13;\n<\/p><\/blockquote>\n<p>Izskat\u0101ties dz\u012bves veiksminiece.<\/p>\n<p>T\u0101da es ar\u012b esmu. No malas viss izskat\u0101s pat p\u0101r\u0101k glanc\u0113ti. Laikam t\u0101p\u0113c, ka sp\u0113ju priec\u0101ties par to, kas man \u0161aj\u0101 mirkl\u012b dots, nevis m\u0113\u0123inu tiekties p\u0113c v\u0113l kaut k\u0101 varb\u016bt nepiepild\u0101ma. Gors nav mana pirm\u0101 liel\u0101 uzvara. Ar\u012b l\u012bdz \u0161im biju\u0161as uzvaras \u2013 maz\u0101s un liel\u0101s, bet nekad neesmu smagi c\u012bn\u012bjusies pa dz\u012bvi, vismaz citiem t\u0101 \u0161\u0137iet. Kop\u0161 b\u0113rn\u012bbas man ir paticis m\u0101c\u012bties, visur iesaist\u012bties.<\/p>\n<p>Vienm\u0113r esat bijusi lab\u0101 meitene?<\/p>\n<p>Pareizais b\u0113rns, reiz\u0113m ar maziem radzi\u0146iem. Skolas laik\u0101 pareiz\u0101ku b\u0113rnu par mani neatrast.<\/p>\n<blockquote><p>&#13;<\/p>\n<p>Biju absol\u016bt\u0101 teicamniece, un par \u0161o sindromu nekad neesmu p\u0101rdz\u012bvojusi,<\/p>\n<p>&#13;\n<\/p><\/blockquote>\n<p>jo tas man netika uzspiests. Mamma nelika m\u0101c\u012bties, dar\u012bju to ar prieku, man patika un padev\u0101s. Skol\u0101 bija tikai piecnieki, tolaik augst\u0101k\u0101 atz\u012bme, un dar\u012bju visu, ko vajadz\u0113ja, \u2013 dzied\u0101ju, dejoju, sp\u0113l\u0113ju klavieres un akordeonu. Neesmu g\u0101jusi m\u016bzikas skol\u0101, bet skolot\u0101jiem patika ar mani no\u0146emties, \u0101tri visu apguvu.<\/p>\n","protected":false},"excerpt":{"rendered":"L\u0113mums atst\u0101din\u0101t no amata koncertz\u0101les Gors vad\u012bt\u0101ju un un SIA Austrumlatvijas koncertz\u0101le\u00a0valdes locekli Di\u0101nu Zirni\u0146u pie\u0146emts 30. decembr\u012b&hellip;\n","protected":false},"author":2,"featured_media":91417,"comment_status":"","ping_status":"","sticky":false,"template":"","format":"standard","meta":{"footnotes":""},"categories":[12],"tags":[23,28,29,32,33,22,30,31,35,39,38,36,37,34,40,20,26,27,24,25,21],"class_list":{"0":"post-91416","1":"post","2":"type-post","3":"status-publish","4":"format-standard","5":"has-post-thumbnail","7":"category-latvija","8":"tag-aktualitates","9":"tag-breaking-news","10":"tag-breakingnews","11":"tag-featured-news","12":"tag-featurednews","13":"tag-headlines","14":"tag-latest-news","15":"tag-latestnews","16":"tag-latvia","17":"tag-latvian","18":"tag-latviesu","19":"tag-latviesu-valoda","20":"tag-latviesuvaloda","21":"tag-latvija","22":"tag-lv","23":"tag-news","24":"tag-popularakas-zinas","25":"tag-popularakaszinas","26":"tag-top-stories","27":"tag-topstories","28":"tag-zinas"},"share_on_mastodon":{"url":"https:\/\/pubeurope.com\/@lv\/115818568266841314","error":""},"_links":{"self":[{"href":"https:\/\/www.europesays.com\/lv\/wp-json\/wp\/v2\/posts\/91416","targetHints":{"allow":["GET"]}}],"collection":[{"href":"https:\/\/www.europesays.com\/lv\/wp-json\/wp\/v2\/posts"}],"about":[{"href":"https:\/\/www.europesays.com\/lv\/wp-json\/wp\/v2\/types\/post"}],"author":[{"embeddable":true,"href":"https:\/\/www.europesays.com\/lv\/wp-json\/wp\/v2\/users\/2"}],"replies":[{"embeddable":true,"href":"https:\/\/www.europesays.com\/lv\/wp-json\/wp\/v2\/comments?post=91416"}],"version-history":[{"count":0,"href":"https:\/\/www.europesays.com\/lv\/wp-json\/wp\/v2\/posts\/91416\/revisions"}],"wp:featuredmedia":[{"embeddable":true,"href":"https:\/\/www.europesays.com\/lv\/wp-json\/wp\/v2\/media\/91417"}],"wp:attachment":[{"href":"https:\/\/www.europesays.com\/lv\/wp-json\/wp\/v2\/media?parent=91416"}],"wp:term":[{"taxonomy":"category","embeddable":true,"href":"https:\/\/www.europesays.com\/lv\/wp-json\/wp\/v2\/categories?post=91416"},{"taxonomy":"post_tag","embeddable":true,"href":"https:\/\/www.europesays.com\/lv\/wp-json\/wp\/v2\/tags?post=91416"}],"curies":[{"name":"wp","href":"https:\/\/api.w.org\/{rel}","templated":true}]}}