{"id":91418,"date":"2026-01-01T07:08:10","date_gmt":"2026-01-01T07:08:10","guid":{"rendered":"https:\/\/www.europesays.com\/lv\/91418\/"},"modified":"2026-01-01T07:08:10","modified_gmt":"2026-01-01T07:08:10","slug":"zinas-vieglaja-valoda-31-decembri-raksts","status":"publish","type":"post","link":"https:\/\/www.europesays.com\/lv\/91418\/","title":{"rendered":"Zi\u0146as vieglaj\u0101 valod\u0101 31. decembr\u012b \/ Raksts"},"content":{"rendered":"<p>Zi\u0146as vieglaj\u0101 valod\u0101 31. decembr\u012b.<\/p>\n<p>Zi\u0146as vieglaj\u0101 valod\u0101 31. decembr\u012b<\/p>\n<p>Krievija veikusi pla\u0161u uzbrukumu Odesai un t\u0101s apgabalam<\/p>\n<p>Krievija pag\u0101ju\u0161aj\u0101 nakt\u012b uzbruka Odesai un t\u0101s apgabalam ar droniem.<\/p>\n<p>Daudzi cilv\u0113ki ir paliku\u0161i bez elektr\u012bbas, \u016bdens un apkures.<\/p>\n<p>Vismaz 6 cilv\u0113ki ir ievainoti, ar\u012b 3 b\u0113rni.<\/p>\n<p>Krievijas armija uzbruka civiliem objektiem un ener\u0123\u0113tikas infrastrukt\u016brai.<\/p>\n<p>\u00a0<\/p>\n<p>Net\u0101lu no Zapori\u017ejas AES pabeigti svar\u012bgi remontdarbi<\/p>\n<p>Net\u0101lu no Zapori\u017ejas atomelektrostacijas (AES) ir pabeigti svar\u012bgi remontdarbi.<\/p>\n<p>Tehni\u0137i atjaunoja elektr\u012bbas p\u0101rvadi.<\/p>\n<p>Tas bija iesp\u0113jams, jo taj\u0101 rajon\u0101 bija izsludin\u0101ts pamiers starp Krieviju un Ukrainu.<\/p>\n<p>\u00a0<\/p>\n<p>Somu l\u012bc\u012b \u0161or\u012bt boj\u0101ts sakaru kabelis<\/p>\n<p>Somijas policija arest\u0113jusi ku\u0123i, kas var\u0113tu b\u016bt boj\u0101jis sakaru kabeli starp Helsinkiem un Tallinu.<\/p>\n<p>Kabelis pieder somu telekomunik\u0101ciju uz\u0146\u0113mumam &#8220;Elisa&#8221;.<\/p>\n<p>\u00a0<\/p>\n<p>ASV m\u0113\u0123in\u0101jusi aiztur\u0113t tankku\u0123i, kas devies uz Venecu\u0113lu p\u0113c naftas<\/p>\n<p>ASV Krasta apsardze m\u0113\u0123in\u0101jusi aiztur\u0113t tankku\u0123i &#8220;Bella 1&#8221;, kas devies uz Venecu\u0113lu p\u0113c naftas.<\/p>\n<p>Ku\u0123is nav apst\u0101jies, t\u0101p\u0113c ASV Krasta apsardze s\u0101kusi to vaj\u0101t jeb dz\u012bties paka\u013c.<\/p>\n<p>Ku\u0123is p\u0101rk\u0101pis sankcijas jeb aizliegumu, jo p\u0101rvad\u0101jis naftu no Ir\u0101nas.<\/p>\n<p>\u00a0<\/p>\n<p>Izra\u0113la aizliegs\u00a037 pal\u012bdz\u012bbas organiz\u0101cij\u0101m darboties Gaz\u0101<\/p>\n<p>Izra\u0113la pazi\u0146ojusi, ka 37\u00a0pal\u012bdz\u012bbas organiz\u0101cij\u0101m b\u016bs aizliegts darboties Gaz\u0101, ja t\u0101s neiev\u0113ros noteikumus.<\/p>\n<p>Eiropas Savien\u012bba br\u012bdin\u0101jusi, ka tas var trauc\u0113t sniegt pal\u012bdz\u012bbu Gazas iedz\u012bvot\u0101jiem.<\/p>\n<p>\u00a0<\/p>\n<p>Bulg\u0101rija k\u013c\u016bs par 21. eirozonas dal\u012bbvalsti<\/p>\n<p>Bulg\u0101rija no r\u012btdienas s\u0101ks lietot eiro, k\u013c\u016bstot par 21.\u00a0eirozonas dal\u012bbvalsti.<\/p>\n<p>Eiropas Komisijas prezidente atzinusi, ka tas ir svar\u012bgs notikums ne tikai pa\u0161ai Bulg\u0101rijai, bet visai Eiropas Savien\u012bbai.<\/p>\n<p>\u00a0<\/p>\n<p>Da\u017eviet pasaul\u0113 jau sagaid\u012bts Jaunais gads<\/p>\n<p>Da\u017eviet pasaul\u0113 jau sagaid\u012bts 2026. gads.<\/p>\n<p>Pirmie to sagaid\u012bja Kirisimasi atola iedz\u012bvot\u0101ji.<\/p>\n<p>Jaunais gads jau ir iest\u0101jies ar\u012b Jaunz\u0113land\u0113 un Austr\u0101lij\u0101.<\/p>\n<p>\u00a0<\/p>\n<p>R\u012bg\u0101 Jauno gadu svin\u0113s vair\u0101kos laukumos<\/p>\n<p>R\u012bg\u0101 Jauno gadu svin\u0113s vair\u0101kos laukumos.<\/p>\n<p>R\u012bgas kult\u016bras iest\u0101des aicina cilv\u0113kus b\u016bt atbild\u012bgiem un ne\u0146emt l\u012bdzi pirotehniku.<\/p>\n<p>\u00a0<\/p>\n<p>Gl\u0101b\u0113ji aicina\u00a0uzman\u012bgi lietot pirotehniku<\/p>\n<p>Gl\u0101b\u0161anas dienesti aicina sv\u0113tkos uzman\u012bgi lietot pirotehniku, jo bie\u017ei notiek nelaimes gad\u012bjumi.<\/p>\n<p>P\u0113c svin\u012bb\u0101m dz\u012bvnieku patversm\u0113s non\u0101k daudz dz\u012bvnieku, kas aizkl\u012bdu\u0161i ugu\u0146o\u0161anas d\u0113\u013c.<\/p>\n<p>Dz\u012bvnieku saimniekiem ieteicams su\u0146us atst\u0101t telp\u0101s un p\u0101rliecin\u0101ties, vai sunim ir mikro\u010dips.<\/p>\n<p>T\u0101 ir viegl\u0101k atrast nokl\u012bdu\u0161\u0101 su\u0146a saimniekus.<\/p>\n<p>\u00a0<\/p>\n<p>Sabiedriskais transports R\u012bg\u0101 b\u016bs bez maksas<\/p>\n<p>\u0160odien un r\u012bt R\u012bgas sabiedrisko transportu var izmantot bez maksas. Jaungada nakt\u012b b\u016bs papildu reisi.<\/p>\n<p>\u00a0<\/p>\n<p>\u0160ogad jaunu\u00a0Ginesa\u00a0rekordu uzst\u0101d\u012bjis viens Latvijas pilsonis<\/p>\n<p>Latvijas pilsonis Juris Janke uzst\u0101d\u012bjis Ginesa rekordu, grie\u017eot basketbola bumbu uz z\u012bmu\u013ca gala.<\/p>\n<p>Vi\u0146\u0161 ar to cerot iedvesmot ar\u012b citus.<\/p>\n<p>\u00a0<\/p>\n<p>Laika zi\u0146as<\/p>\n<p>Sinopti\u0137i prognoz\u0113, ka \u0161onakt Latvij\u0101 b\u016bs m\u0101ko\u0146ains laiks, br\u012b\u017eiem debesis skaidrosies.<\/p>\n<p>Daudzviet snigs.<\/p>\n<p>Atsevi\u0161\u0137os posmos b\u016bs slideni ce\u013ci.<\/p>\n<p>L\u0113ns v\u0113j\u0161, no nakts vidus piekrast\u0113 m\u0113rens rietumu, dienvidrietumu v\u0113j\u0161, br\u0101zm\u0101s l\u012bdz 14 metriem sekund\u0113.<\/p>\n<p>Gaisa temperat\u016bra -10\u2026-15 gr\u0101di, piekrast\u0113 -4\u2026-9 gr\u0101di.<\/p>\n<p>\u00a0<\/p>\n<p>R\u012bt b\u016bs m\u0101ko\u0146ains laiks, viet\u0101m austrumos skaidrosies.<\/p>\n<p>No dienas vidus, s\u0101kot no rietumiem, Latviju \u0161\u0137\u0113rsos pla\u0161a nokri\u0161\u0146u zona \u2013 rietumu un centr\u0101lajos rajonos stipri snigs. Vakar\u0101 viet\u0101m j\u016bras piekrast\u0113 iesp\u0113jams slapj\u0161 sniegs un atkala.<\/p>\n<p>Atsevi\u0161\u0137os posmos b\u016bs slideni ce\u013ci un viet\u0101m nokri\u0161\u0146u laik\u0101 pasliktin\u0101sies redzam\u012bba.<\/p>\n<p>M\u0113rens dienvidrietumu, dienvidu, p\u0113cpusdien\u0101 dienvidu, dienvidaustrumu\u00a0v\u0113j\u0161, piekrast\u0113 br\u0101zm\u0101s l\u012bdz 19 metriem sekund\u0113, p\u0113cpusdien\u0101 ar\u012b rietumu un centr\u0101lajos rajonos l\u012bdz 15 metriem sekund\u0113.<\/p>\n<p>Gaisa temperat\u016bra -3\u2026-8 gr\u0101di, gal\u0113jos rietumos -2\u2026+3 gr\u0101di.<\/p>\n<p>\u00a0<\/p>\n<p>R\u012bg\u0101 tuv\u0101kaj\u0101 diennakt\u012b b\u016bs liel\u0101koties m\u0101ko\u0146ains laiks.<\/p>\n<p>Ik pa laikam snigs.<\/p>\n<p>L\u0113ns v\u0113j\u0161, no nakts vidus m\u0113rens rietumu, dienvidrietumu, r\u012bt dien\u0101 m\u0113rens dienvidu, dienvidaustrumu v\u0113j\u0161, br\u0101zm\u0101s l\u012bdz 17 metriem sekund\u0113.<\/p>\n<p>Gaisa temperat\u016bra nakt\u012b un r\u012bt dien\u0101 -4\u2026-6 gr\u0101di.<\/p>\n","protected":false},"excerpt":{"rendered":"Zi\u0146as vieglaj\u0101 valod\u0101 31. decembr\u012b. Zi\u0146as vieglaj\u0101 valod\u0101 31. decembr\u012b Krievija veikusi pla\u0161u uzbrukumu Odesai un t\u0101s apgabalam&hellip;\n","protected":false},"author":2,"featured_media":89368,"comment_status":"","ping_status":"","sticky":false,"template":"","format":"standard","meta":{"footnotes":""},"categories":[14],"tags":[23,57,28,29,32,33,22,30,31,35,39,38,36,37,34,40,20,26,27,24,25,54,55,56,21,58],"class_list":{"0":"post-91418","1":"post","2":"type-post","3":"status-publish","4":"format-standard","5":"has-post-thumbnail","7":"category-zinas-no-arvalstim","8":"tag-aktualitates","9":"tag-arvalstim","10":"tag-breaking-news","11":"tag-breakingnews","12":"tag-featured-news","13":"tag-featurednews","14":"tag-headlines","15":"tag-latest-news","16":"tag-latestnews","17":"tag-latvia","18":"tag-latvian","19":"tag-latviesu","20":"tag-latviesu-valoda","21":"tag-latviesuvaloda","22":"tag-latvija","23":"tag-lv","24":"tag-news","25":"tag-popularakas-zinas","26":"tag-popularakaszinas","27":"tag-top-stories","28":"tag-topstories","29":"tag-world","30":"tag-world-news","31":"tag-worldnews","32":"tag-zinas","33":"tag-zinas-no-arvalstim"},"share_on_mastodon":{"url":"https:\/\/pubeurope.com\/@lv\/115818587982218232","error":""},"_links":{"self":[{"href":"https:\/\/www.europesays.com\/lv\/wp-json\/wp\/v2\/posts\/91418","targetHints":{"allow":["GET"]}}],"collection":[{"href":"https:\/\/www.europesays.com\/lv\/wp-json\/wp\/v2\/posts"}],"about":[{"href":"https:\/\/www.europesays.com\/lv\/wp-json\/wp\/v2\/types\/post"}],"author":[{"embeddable":true,"href":"https:\/\/www.europesays.com\/lv\/wp-json\/wp\/v2\/users\/2"}],"replies":[{"embeddable":true,"href":"https:\/\/www.europesays.com\/lv\/wp-json\/wp\/v2\/comments?post=91418"}],"version-history":[{"count":0,"href":"https:\/\/www.europesays.com\/lv\/wp-json\/wp\/v2\/posts\/91418\/revisions"}],"wp:featuredmedia":[{"embeddable":true,"href":"https:\/\/www.europesays.com\/lv\/wp-json\/wp\/v2\/media\/89368"}],"wp:attachment":[{"href":"https:\/\/www.europesays.com\/lv\/wp-json\/wp\/v2\/media?parent=91418"}],"wp:term":[{"taxonomy":"category","embeddable":true,"href":"https:\/\/www.europesays.com\/lv\/wp-json\/wp\/v2\/categories?post=91418"},{"taxonomy":"post_tag","embeddable":true,"href":"https:\/\/www.europesays.com\/lv\/wp-json\/wp\/v2\/tags?post=91418"}],"curies":[{"name":"wp","href":"https:\/\/api.w.org\/{rel}","templated":true}]}}