{"id":91419,"date":"2026-01-01T07:09:13","date_gmt":"2026-01-01T07:09:13","guid":{"rendered":"https:\/\/www.europesays.com\/lv\/91419\/"},"modified":"2026-01-01T07:09:13","modified_gmt":"2026-01-01T07:09:13","slug":"sniegs-un-apledojums-daudzviet-apgrutina-brauksanu-tvnet","status":"publish","type":"post","link":"https:\/\/www.europesays.com\/lv\/91419\/","title":{"rendered":"Sniegs un apledojums daudzviet apgr\u016btina brauk\u0161anu &#8211; TVNET"},"content":{"rendered":"<ol>\n<li><a href=\"https:\/\/news.google.com\/rss\/articles\/CBMihgFBVV95cUxObjZvaWloRjVzang5UGlnMnJJSHUyUmt2ZG9XdFdackRUNVprTkJIMDN0MFNENF9pNGRYeGYtaWUwVkdCLWJlU1FlSVhOdUZYV182b3NRakNyR2JUdkxZQW9EQWlGMzg4VnMxc2M0bV84NU12V3dTazVjQWtRTjVrSlBNUTE1dw?oc=5\" target=\"_blank\" rel=\"nofollow noopener\">Sniegs un apledojums daudzviet apgr\u016btina brauk\u0161anu<\/a>&nbsp;&nbsp;TVNET<\/li>\n<li><a href=\"https:\/\/news.google.com\/rss\/articles\/CBMiuwFBVV95cUxNcXVQbzFIbXdud3owZlMxekJ3TEVLRWhVYXlHakgxNFB3LXk1ZXNSUW12QzM4alpWVGFEcUNzVDRKV29VWGppMTlIWmxXSzFtVnZqVWYyZzJKV2d3MDMzYW5mRDdSQ3dpbFlHRnZvRkRva2xvZUEyd3V1R0dreUMyZ2wzWk10R1JJZXpnS1F6R0U2cFZ3UlQzdXR1SkVxaFJib3J3dEZLdlZ0cUpXb1Q0U0t5Tk5SVE82M0l3?oc=5\" target=\"_blank\" rel=\"nofollow noopener\">\u0160or\u012bt daudzviet Latvij\u0101 autoce\u013ci sniegoti un apledo, str\u0101d\u0101 157 ziemas tehnikas vien\u012bbas<\/a>&nbsp;&nbsp;Latvijas Valsts ce\u013ci<\/li>\n<li><a href=\"https:\/\/news.google.com\/rss\/articles\/CBMiqAFBVV95cUxPdDdCTWVLamx3eVMzQzg2bUNHUW11cEctbWdScHNIQkF3S2J6QU5LX2YtRzF0U1o1Z1F1UGtPaWd5RG5LbGIta2M3LXA0RnI1elZRem9jVWFQbzh6SEY2a1psNV9UVzEzaFFKVWtpc0ZxcG5SQ3RoaDRjSlRxbU5fY014NF9XSDcwd1FhZHFTUGRKQnJtT2s5Wlo0SW5uemMwWFAtMzNfYzg?oc=5\" target=\"_blank\" rel=\"nofollow noopener\">Otrdienas vakar\u0101 \u012bpa\u0161i apgr\u016btin\u0101ti brauk\u0161anas apst\u0101k\u013ci Talsu un Saldus pus\u0113<\/a>&nbsp;&nbsp;Apollo.lv<\/li>\n<li><a href=\"https:\/\/news.google.com\/rss\/articles\/CBMipwFBVV95cUxQN1FuX1RaWDFlR0VZcmV2cGxLVGtIdmpMOGw3ZW5UNVBrU1otRENPaFZVRWNNSTZDVEowSEFxU3JSWTZRWFdDdE1rUFpERFNEbGpGMEFGVEtEd1V0WmN2N0VCWUNZNUp2em1lNjZEbzdDa3RfQkVpSTNIdEIyWDhQSGpCUlgtZnBXS1dPclNqYzMzQW9sclJ4Mjhvb2lVUU1FUEt4ekRrQQ?oc=5\" target=\"_blank\" rel=\"nofollow noopener\">Svar\u012bga inform\u0101cija \u0161oferiem: kuros autoce\u013cos \u0161obr\u012bd ir apmierino\u0161i brauk\u0161anas apst\u0101k\u013ci?<\/a>&nbsp;&nbsp;LA.LV<\/li>\n<li><a href=\"https:\/\/news.google.com\/rss\/articles\/CBMi2AFBVV95cUxNZnpQazVFTDZMVjdYYlZ3TVJMQ1B2QXQzcFdIQUVvMmxrOWhvNWdsNk9jeGpwWmdNTXRiaUlMSjlkSmRGZUsxU0NHdkZGVURJdjNramhpd1pULVZCc0s1bU9UUGtfZDY0aHJOVHdyRlNEeUV3UV84d0h5UFM0NFBJZ1BMbm9JN3ZYU1M3SURvcmRsOGpPS0JwbkZOVGs5cXVQaWVla0xrQVBtQU0yU01uOVVxMjZMVWNENFlUMXprRlVEV0cwOF9ORjdreXl2QkV2SlhiNWxiaFk?oc=5\" target=\"_blank\" rel=\"nofollow noopener\">Sniegs un apledojums sare\u017e\u0123\u012b satiksmi vis\u0101 valst\u012b: apgr\u016btin\u0101ta brauk\u0161ana pa visiem galvenajiem autoce\u013ciem<\/a>&nbsp;&nbsp;Jauns.lv<\/li>\n<\/ol>\n","protected":false},"excerpt":{"rendered":"Sniegs un apledojums daudzviet apgr\u016btina brauk\u0161anu&nbsp;&nbsp;TVNET \u0160or\u012bt daudzviet Latvij\u0101 autoce\u013ci sniegoti un apledo, str\u0101d\u0101 157 ziemas tehnikas vien\u012bbas&nbsp;&nbsp;Latvijas&hellip;\n","protected":false},"author":2,"featured_media":91420,"comment_status":"","ping_status":"","sticky":false,"template":"","format":"standard","meta":{"footnotes":""},"categories":[12],"tags":[23,14937,28,29,32,33,22,30,31,35,39,38,36,37,34,2857,40,20,26,27,24,25,21],"class_list":{"0":"post-91419","1":"post","2":"type-post","3":"status-publish","4":"format-standard","5":"has-post-thumbnail","7":"category-latvija","8":"tag-aktualitates","9":"tag-apledojums","10":"tag-breaking-news","11":"tag-breakingnews","12":"tag-featured-news","13":"tag-featurednews","14":"tag-headlines","15":"tag-latest-news","16":"tag-latestnews","17":"tag-latvia","18":"tag-latvian","19":"tag-latviesu","20":"tag-latviesu-valoda","21":"tag-latviesuvaloda","22":"tag-latvija","23":"tag-latvijas-valsts-celi","24":"tag-lv","25":"tag-news","26":"tag-popularakas-zinas","27":"tag-popularakaszinas","28":"tag-top-stories","29":"tag-topstories","30":"tag-zinas"},"share_on_mastodon":{"url":"https:\/\/pubeurope.com\/@lv\/115818591859099478","error":""},"_links":{"self":[{"href":"https:\/\/www.europesays.com\/lv\/wp-json\/wp\/v2\/posts\/91419","targetHints":{"allow":["GET"]}}],"collection":[{"href":"https:\/\/www.europesays.com\/lv\/wp-json\/wp\/v2\/posts"}],"about":[{"href":"https:\/\/www.europesays.com\/lv\/wp-json\/wp\/v2\/types\/post"}],"author":[{"embeddable":true,"href":"https:\/\/www.europesays.com\/lv\/wp-json\/wp\/v2\/users\/2"}],"replies":[{"embeddable":true,"href":"https:\/\/www.europesays.com\/lv\/wp-json\/wp\/v2\/comments?post=91419"}],"version-history":[{"count":0,"href":"https:\/\/www.europesays.com\/lv\/wp-json\/wp\/v2\/posts\/91419\/revisions"}],"wp:featuredmedia":[{"embeddable":true,"href":"https:\/\/www.europesays.com\/lv\/wp-json\/wp\/v2\/media\/91420"}],"wp:attachment":[{"href":"https:\/\/www.europesays.com\/lv\/wp-json\/wp\/v2\/media?parent=91419"}],"wp:term":[{"taxonomy":"category","embeddable":true,"href":"https:\/\/www.europesays.com\/lv\/wp-json\/wp\/v2\/categories?post=91419"},{"taxonomy":"post_tag","embeddable":true,"href":"https:\/\/www.europesays.com\/lv\/wp-json\/wp\/v2\/tags?post=91419"}],"curies":[{"name":"wp","href":"https:\/\/api.w.org\/{rel}","templated":true}]}}