{"id":91421,"date":"2026-01-01T07:14:11","date_gmt":"2026-01-01T07:14:11","guid":{"rendered":"https:\/\/www.europesays.com\/lv\/91421\/"},"modified":"2026-01-01T07:14:11","modified_gmt":"2026-01-01T07:14:11","slug":"baltaja-nama-gaidams-berns-livita-izsaka-pateicibu-trampam","status":"publish","type":"post","link":"https:\/\/www.europesays.com\/lv\/91421\/","title":{"rendered":"Baltaj\u0101 nam\u0101 gaid\u0101ms b\u0113rns \u2013 L\u012bvita izsaka pateic\u012bbu Trampam"},"content":{"rendered":"<p class=\"descr\">Balt\u0101 nama preses sekret\u0101re Karol\u012bna L\u012bvita piektdien pazi\u0146oja, ka vi\u0146a un vi\u0146as v\u012brs gaida savu otro b\u0113rnu, meiti\u0146u, kas gaid\u0101ma n\u0101kam\u0101 gada maij\u0101, zi\u0146o CNN.<\/p>\n<p>&#8220;Mans v\u012brs un es esam saj\u016bsm\u0101 par \u0123imenes pieaugumu un nevaram sagaid\u012bt, kad redz\u0113sim, k\u0101 m\u016bsu d\u0113ls k\u013c\u016bs par vec\u0101ko br\u0101li,&#8221; vi\u0146a rakst\u012bja &#8220;Instagram&#8221; ierakst\u0101.<\/p>\n<p>Sav\u0101 ierakst\u0101 L\u012bvita pauda ar\u012b pateic\u012bbu prezidentam Donaldam Trampam un Balt\u0101 nama administr\u0101cijas vad\u012bt\u0101jai Sj\u016bzijai Vailsai par atbalstu &#8220;un par \u0123imenei draudz\u012bgas vides veicin\u0101\u0161anu Baltaj\u0101 nam\u0101&#8221;.<\/p>\n<p>L\u012bvita un vi\u0146as v\u012brs Nikolass Ri\u010do sagaid\u012bja<a href=\"https:\/\/nra.lv\/tautaruna\/slavenibas\/509006-ramona-agruma-pazino-par-grutniecibu-ar-rebel-wilson.htm\" data-item-link=\"true\" data-item-id=\"509006\" rel=\"nofollow noopener\" target=\"_blank\"> savu pirmo b\u0113rnu<\/a> 2024. gada j\u016blij\u0101, kuru ar\u012b nosauca par Nikolasu.<\/p>\n<p>\t\t\t\t\t\tinfo<\/p>\n<p>Uzzini pirmais<br \/>kas interesants noticis Latvij\u0101 un pasaul\u0113,<br \/>pievienojoties mums <a href=\"https:\/\/t.me\/neatkariga\" rel=\"nofollow\">Telegram<\/a> vai <a href=\"https:\/\/whatsapp.com\/channel\/0029VaMLFUH5K3zLU5s4wm3y\" rel=\"nofollow noopener\" target=\"_blank\">Whatsapp<\/a> kan\u0101l\u0101<\/p>\n","protected":false},"excerpt":{"rendered":"Balt\u0101 nama preses sekret\u0101re Karol\u012bna L\u012bvita piektdien pazi\u0146oja, ka vi\u0146a un vi\u0146as v\u012brs gaida savu otro b\u0113rnu, meiti\u0146u,&hellip;\n","protected":false},"author":2,"featured_media":91422,"comment_status":"","ping_status":"","sticky":false,"template":"","format":"standard","meta":{"footnotes":""},"categories":[14],"tags":[23,57,28,29,32,33,22,30,31,35,39,38,36,37,34,40,20,26,27,24,25,54,55,56,21,58],"class_list":{"0":"post-91421","1":"post","2":"type-post","3":"status-publish","4":"format-standard","5":"has-post-thumbnail","7":"category-zinas-no-arvalstim","8":"tag-aktualitates","9":"tag-arvalstim","10":"tag-breaking-news","11":"tag-breakingnews","12":"tag-featured-news","13":"tag-featurednews","14":"tag-headlines","15":"tag-latest-news","16":"tag-latestnews","17":"tag-latvia","18":"tag-latvian","19":"tag-latviesu","20":"tag-latviesu-valoda","21":"tag-latviesuvaloda","22":"tag-latvija","23":"tag-lv","24":"tag-news","25":"tag-popularakas-zinas","26":"tag-popularakaszinas","27":"tag-top-stories","28":"tag-topstories","29":"tag-world","30":"tag-world-news","31":"tag-worldnews","32":"tag-zinas","33":"tag-zinas-no-arvalstim"},"share_on_mastodon":{"url":"https:\/\/pubeurope.com\/@lv\/115818611871954279","error":""},"_links":{"self":[{"href":"https:\/\/www.europesays.com\/lv\/wp-json\/wp\/v2\/posts\/91421","targetHints":{"allow":["GET"]}}],"collection":[{"href":"https:\/\/www.europesays.com\/lv\/wp-json\/wp\/v2\/posts"}],"about":[{"href":"https:\/\/www.europesays.com\/lv\/wp-json\/wp\/v2\/types\/post"}],"author":[{"embeddable":true,"href":"https:\/\/www.europesays.com\/lv\/wp-json\/wp\/v2\/users\/2"}],"replies":[{"embeddable":true,"href":"https:\/\/www.europesays.com\/lv\/wp-json\/wp\/v2\/comments?post=91421"}],"version-history":[{"count":0,"href":"https:\/\/www.europesays.com\/lv\/wp-json\/wp\/v2\/posts\/91421\/revisions"}],"wp:featuredmedia":[{"embeddable":true,"href":"https:\/\/www.europesays.com\/lv\/wp-json\/wp\/v2\/media\/91422"}],"wp:attachment":[{"href":"https:\/\/www.europesays.com\/lv\/wp-json\/wp\/v2\/media?parent=91421"}],"wp:term":[{"taxonomy":"category","embeddable":true,"href":"https:\/\/www.europesays.com\/lv\/wp-json\/wp\/v2\/categories?post=91421"},{"taxonomy":"post_tag","embeddable":true,"href":"https:\/\/www.europesays.com\/lv\/wp-json\/wp\/v2\/tags?post=91421"}],"curies":[{"name":"wp","href":"https:\/\/api.w.org\/{rel}","templated":true}]}}