{"id":91423,"date":"2026-01-01T07:15:24","date_gmt":"2026-01-01T07:15:24","guid":{"rendered":"https:\/\/www.europesays.com\/lv\/91423\/"},"modified":"2026-01-01T07:15:24","modified_gmt":"2026-01-01T07:15:24","slug":"tas-baisais-traka-suna-gads","status":"publish","type":"post","link":"https:\/\/www.europesays.com\/lv\/91423\/","title":{"rendered":"Tas baisais trak\u0101 su\u0146a gads"},"content":{"rendered":"<p>Latvija k\u0101 maza valsts &#8220;\u0123eopolitiski interesantos&#8221; apst\u0101k\u013cos kop\u0161 savas dibin\u0101\u0161anas 1918. gad\u0101 un atjauno\u0161anas 1991. gad\u0101 vienm\u0113r vair\u0101k vai maz\u0101k ir v\u0113rojusi, kas notiek taj\u0101s valst\u012bs, kur\u0101m Latvijas atra\u0161an\u0101s sav\u0101 viet\u0101 uz kartes \u0161\u0137iet &#8220;interesanta&#8221;.<\/p>\n<p>Pirmskara un pirm\u0101s neatkar\u012bbas laik\u0101 gan Latvijas politisk\u0101 elite, gan t\u0101 laika mediji redz\u0113ja un nor\u0101d\u012bja uz draud\u012bgajiem procesiem lielajos kaimi\u0146os V\u0101cij\u0101 un Padomju Savien\u012bb\u0101.<\/p>\n<p>P\u0101rskatot 30. gadu publik\u0101cijas digit\u0101laj\u0101 mediju kr\u0101tuv\u0113 &#8220;<a rel=\"noopener nofollow\" target=\"_blank\" href=\"http:\/\/periodika.lndb.lv\" data-rel-date-range=\"[]\">periodika.lndb.lv<\/a>&#8220;, redzami raksti, kas atspogu\u013co gan nacistu represijas, piem., v\u0101cu arodbiedr\u012bbu sl\u0113g\u0161anu, gan Sta\u013cina pr\u0101vas un t\u012br\u012b\u0161anas. Trauksmes sign\u0101lu no ab\u0101m pus\u0113m netr\u016bka, ta\u010du Ulma\u0146a autorit\u0101r\u0101 vald\u012bba un citu Baltijas valstu vad\u012bt\u0101ji neizdar\u012bja vai p\u0101r\u0101k v\u0113lu izdar\u012bja secin\u0101jumus ar v\u0113sturiski labi zin\u0101m\u0101m sek\u0101m.<\/p>\n<p>Tagad esam cit\u0101dos glob\u0101lajos apst\u0101k\u013cos, bet ne maz\u0101k \u0123eopolitiski un cit\u0101di interesantos laikos. No Latvijas un p\u0101r\u0113j\u0101s Baltijas redzesloka drauds no austrumiem nekad \u012bsti neatk\u0101p\u0101s, bet jau no Atmodas br\u012bv\u0101kas izteik\u0161an\u0101s laikiem no Latvijas skan\u0113ja \u2013 m\u016bsu n\u0101kotne un dro\u0161\u012bba ir Rietumos, ar <a rel=\"noopener nofollow\" target=\"_blank\" href=\"https:\/\/www.delfi.lv\/temas\/42596146\/asv\" tag-id=\"42596146\">ASV<\/a> priek\u0161gal\u0101. <\/p>\n<p>P\u0113d\u0113jais gads s\u0101cis sagraut \u0161o cer\u012bbu. <\/p>\n<p>Lai turpin\u0101tu las\u012bt, ieg\u0101d\u0101jies abonementu.<\/p>\n<p class=\"fs-4\">L\u016bdzu, uzgaidi!<\/p>\n<p class=\"fs-5\">Piel\u0101gojam Tev piem\u0113rot\u0101ko abon\u0113\u0161anas pied\u0101v\u0101jumu&#8230;<\/p>\n<p class=\"lh-1 fs-6 text-muted pt-3 mt-5\">Abon\u0113\u0161anas pied\u0101v\u0101jums nav redzams? L\u016bdzu, izsl\u0113dz rekl\u0101mu blo\u0137\u0113t\u0101ju vai  p\u0101rl\u0101d\u0113 lapu.<br \/>Jaut\u0101jumu gad\u012bjum\u0101 raksti <a href=\"https:\/\/www.delfi.lv\/52106703\/versijas\/120100947\/mailto:konts@delfi.lv\" class=\"text-primary\" rel=\"nofollow noopener\" target=\"_blank\">konts@delfi.lv<\/a><\/p>\n<p class=\"m-0\">Seko &#8220;Delfi&#8221; ar\u012b  <a target=\"_blank\" href=\"https:\/\/www.instagram.com\/delfi.lv\/\" rel=\"nofollow noopener\">Instagram<\/a>  un <a target=\"_blank\" href=\"https:\/\/www.youtube.com\/channel\/UCw5foWtcJvAbUm64rv7jwUQ\" rel=\"nofollow noopener\">YouTube<\/a>  profil\u0101 \u2013 pievienojies, lai uzzin\u0101tu svar\u012bg\u0101ko un interesant\u0101ko pirmais!<\/p>\n<p>Publik\u0101cijas saturs vai t\u0101s jebk\u0101da apjoma da\u013ca ir aizsarg\u0101ts autorties\u012bbu objekts Autorties\u012bbu likuma izpratn\u0113, un t\u0101 izmanto\u0161ana bez izdev\u0113ja at\u013caujas ir aizliegta. Vair\u0101k lasi  <a target=\"_blank\" href=\"https:\/\/www.delfi.lv\/noteikumi#autortiesibas\" rel=\"nofollow noopener\">\u0161eit<\/a><script async src=\"\/\/www.instagram.com\/embed.js\"><\/script><\/p>\n","protected":false},"excerpt":{"rendered":"Latvija k\u0101 maza valsts &#8220;\u0123eopolitiski interesantos&#8221; apst\u0101k\u013cos kop\u0161 savas dibin\u0101\u0161anas 1918. gad\u0101 un atjauno\u0161anas 1991. gad\u0101 vienm\u0113r vair\u0101k&hellip;\n","protected":false},"author":2,"featured_media":91424,"comment_status":"","ping_status":"","sticky":false,"template":"","format":"standard","meta":{"footnotes":""},"categories":[12],"tags":[23,292,3976,28,29,5728,542,32,33,22,23023,30,31,35,39,38,36,37,34,40,20,26,27,24,25,21],"class_list":{"0":"post-91423","1":"post","2":"type-post","3":"status-publish","4":"format-standard","5":"has-post-thumbnail","7":"category-latvija","8":"tag-aktualitates","9":"tag-asv","10":"tag-atelpas-bridim","11":"tag-breaking-news","12":"tag-breakingnews","13":"tag-delfi-plus","14":"tag-donalds-tramps","15":"tag-featured-news","16":"tag-featurednews","17":"tag-headlines","18":"tag-juris-kaza","19":"tag-latest-news","20":"tag-latestnews","21":"tag-latvia","22":"tag-latvian","23":"tag-latviesu","24":"tag-latviesu-valoda","25":"tag-latviesuvaloda","26":"tag-latvija","27":"tag-lv","28":"tag-news","29":"tag-popularakas-zinas","30":"tag-popularakaszinas","31":"tag-top-stories","32":"tag-topstories","33":"tag-zinas"},"share_on_mastodon":{"url":"https:\/\/pubeurope.com\/@lv\/115818615448177360","error":""},"_links":{"self":[{"href":"https:\/\/www.europesays.com\/lv\/wp-json\/wp\/v2\/posts\/91423","targetHints":{"allow":["GET"]}}],"collection":[{"href":"https:\/\/www.europesays.com\/lv\/wp-json\/wp\/v2\/posts"}],"about":[{"href":"https:\/\/www.europesays.com\/lv\/wp-json\/wp\/v2\/types\/post"}],"author":[{"embeddable":true,"href":"https:\/\/www.europesays.com\/lv\/wp-json\/wp\/v2\/users\/2"}],"replies":[{"embeddable":true,"href":"https:\/\/www.europesays.com\/lv\/wp-json\/wp\/v2\/comments?post=91423"}],"version-history":[{"count":0,"href":"https:\/\/www.europesays.com\/lv\/wp-json\/wp\/v2\/posts\/91423\/revisions"}],"wp:featuredmedia":[{"embeddable":true,"href":"https:\/\/www.europesays.com\/lv\/wp-json\/wp\/v2\/media\/91424"}],"wp:attachment":[{"href":"https:\/\/www.europesays.com\/lv\/wp-json\/wp\/v2\/media?parent=91423"}],"wp:term":[{"taxonomy":"category","embeddable":true,"href":"https:\/\/www.europesays.com\/lv\/wp-json\/wp\/v2\/categories?post=91423"},{"taxonomy":"post_tag","embeddable":true,"href":"https:\/\/www.europesays.com\/lv\/wp-json\/wp\/v2\/tags?post=91423"}],"curies":[{"name":"wp","href":"https:\/\/api.w.org\/{rel}","templated":true}]}}