{"id":91427,"date":"2026-01-01T07:20:06","date_gmt":"2026-01-01T07:20:06","guid":{"rendered":"https:\/\/www.europesays.com\/lv\/91427\/"},"modified":"2026-01-01T07:20:06","modified_gmt":"2026-01-01T07:20:06","slug":"vangas-paregojumi-2026-gadam-tehnologiju-un-mi-nakotne","status":"publish","type":"post","link":"https:\/\/www.europesays.com\/lv\/91427\/","title":{"rendered":"Vangas pare\u0123ojumi 2026. gadam: Tehnolo\u0123iju un MI n\u0101kotne"},"content":{"rendered":"<p class=\"descr\">Daudzi z\u012blnieki dal\u0101s sav\u0101s v\u012bzij\u0101s par pasaules notikumiem. Un tie, kuru pare\u0123ojumi piepild\u0101s daudzu gadus v\u0113l\u0101k, ir zin\u0101mi vis\u0101 pasaul\u0113. Ko sagaid\u012bt jaunaj\u0101 gad\u0101 saska\u0146\u0101 ar Vangas pare\u0123ojumiem?<\/p>\n<p>Slaven\u0101 bulg\u0101ru gai\u0161re\u0123e <a href=\"https:\/\/nra.lv\/birka\/vanga\/\" rel=\"nofollow noopener\" target=\"_blank\">Vanga<\/a> sp\u0113ja redz\u0113t n\u0101kotni, interpret\u0113t sap\u0146us un past\u0101st\u012bt, k\u0101 \u0101rst\u0113t da\u017e\u0101das slim\u012bbas un k\u0101p\u0113c cilv\u0113kiem &#8220;uzbruka&#8221; nelaimes, raksta Patrika.com. Z\u012blniece ar\u012b br\u012bdin\u0101ja par pasaules notikumiem, kas main\u012bs v\u0113stures gaitu. Un visi vi\u0146as br\u012bdin\u0101jumi joproj\u0101m piepild\u0101s.<\/p>\n<p> Vangas v\u012bzija 2026. gadam <\/p>\n<p>Ir atkl\u0101jies svar\u012bgs Vangas pare\u0123ojums. Saska\u0146\u0101 ar \u0161o pare\u0123ojumu 2026. gad\u0101 notiks iev\u0113rojamas p\u0101rmai\u0146as.<\/p>\n<p>Vanga ir paz\u012bstama ar saviem bied\u0113jo\u0161ajiem pare\u0123ojumiem. Daudzi \u0161\u0101di pare\u0123ojumi ir piepild\u012bju\u0161ies, un t\u0101p\u0113c Vanga tagad ir paz\u012bstama vis\u0101 pasaul\u0113. Tom\u0113r da\u017ereiz par\u0101d\u0101s ar\u012b pare\u0123ojumi, kas nav bied\u0113jo\u0161i, bet tom\u0113r piesaista cilv\u0113ku uzman\u012bbu. Tagad ir n\u0101cis gaism\u0101 noz\u012bm\u012bgs Vangas pare\u0123ojums 2026. gadam.<\/p>\n<p> Lielas p\u0101rmai\u0146as 2026. gad\u0101 <\/p>\n<p>Ir k\u013cuvu\u0161i zin\u0101mi vair\u0101ki Baba Vangas pare\u0123ojumi 2026. gadam. Viens no \u0161iem pare\u0123ojumiem apgalvo, ka n\u0101kamgad uz Zemes notiks iev\u0113rojamas tehnolo\u0123iskas p\u0101rmai\u0146as. Saska\u0146\u0101 ar \u0161o pare\u0123ojumu, p\u0101rmai\u0146as n\u0101kamgad tehnolo\u0123iju pasaul\u0113 b\u016bs diezgan iev\u0113rojamas.<\/p>\n<p>Vanga br\u012bdin\u0101ja par b\u016btisk\u0101m izmai\u0146\u0101m tehnolo\u0123ij\u0101s. P\u0113c vi\u0146as teikt\u0101, uz plan\u0113tas tiks izveidots projekts, kas p\u0101rveidos biznesu un var\u0113tu atst\u0101t t\u016bksto\u0161iem cilv\u0113ku bez darba. Tagad cilv\u0113ki ir uzzin\u0101ju\u0161i, par ko run\u0101ja praviete. Vi\u0146a run\u0101 par <a href=\"https:\/\/nra.lv\/birka\/maksligais-intelekts\/\" rel=\"nofollow noopener\" target=\"_blank\">m\u0101ksl\u012bgo intelektu (MI)<\/a>, kas ir s\u0101cis k\u013c\u016bt akt\u012bv\u0101ks vis\u0101s dz\u012bves jom\u0101s.<\/p>\n<p>\u0160aj\u0101 kontekst\u0101 tiek spekul\u0113ts, ka m\u0101ksl\u012bgais intelekts palielin\u0101s savu dominanci da\u017e\u0101d\u0101s nozar\u0113s. MI <a href=\"https:\/\/nra.lv\/birka\/tehnologiju-attistiba\/\" rel=\"nofollow noopener\" target=\"_blank\">tehnolo\u0123ija<\/a> k\u013c\u016bs att\u012bst\u012bt\u0101ka, potenci\u0101li p\u0101rveidojot daudzus uz\u0146\u0113mumus, darbavietas un cilv\u0113ku dz\u012bves.<\/p>\n<p> K\u0101di Vangas pare\u0123ojumi jau ir piepild\u012bju\u0161ies? <\/p>\n<p>Daudzi Vangas pare\u0123ojumi ir apstiprin\u0101ju\u0161ies. Baba Vanga iepriek\u0161 bija paredz\u0113jusi t\u0101dus notikumus k\u0101 Padomju Savien\u012bbas kri\u0161ana, 11. septembra teroristu uzbrukumi Amerik\u0101, \u0136\u012bnas att\u012bst\u012bba, terorisma pieaugums, tehnolo\u0123iskie sasniegumi un zemestr\u012bce Mjanm\u0101 2025. gad\u0101, kas kop\u0161 t\u0101 laika ir piepild\u012bjusies.<\/p>\n<p>Turkl\u0101t vi\u0146a bija paredz\u0113jusi karu 2025. gad\u0101, kas ar\u012b notika. \u0160ogad ir notiku\u0161i kari starp Indiju un Pakist\u0101nu, Pakist\u0101nu un Afganist\u0101nu, Izra\u0113lu un Ir\u0101nu un Taizemi un Kambod\u017eu. Tom\u0113r visos \u0161ajos konfliktos ir ieviesti ar\u012b pamieri.<\/p>\n","protected":false},"excerpt":{"rendered":"Daudzi z\u012blnieki dal\u0101s sav\u0101s v\u012bzij\u0101s par pasaules notikumiem. Un tie, kuru pare\u0123ojumi piepild\u0101s daudzu gadus v\u0113l\u0101k, ir zin\u0101mi&hellip;\n","protected":false},"author":2,"featured_media":91428,"comment_status":"","ping_status":"","sticky":false,"template":"","format":"standard","meta":{"footnotes":""},"categories":[14],"tags":[23,57,28,29,32,33,22,30,31,35,39,38,36,37,34,40,20,26,27,24,25,54,55,56,21,58],"class_list":{"0":"post-91427","1":"post","2":"type-post","3":"status-publish","4":"format-standard","5":"has-post-thumbnail","7":"category-zinas-no-arvalstim","8":"tag-aktualitates","9":"tag-arvalstim","10":"tag-breaking-news","11":"tag-breakingnews","12":"tag-featured-news","13":"tag-featurednews","14":"tag-headlines","15":"tag-latest-news","16":"tag-latestnews","17":"tag-latvia","18":"tag-latvian","19":"tag-latviesu","20":"tag-latviesu-valoda","21":"tag-latviesuvaloda","22":"tag-latvija","23":"tag-lv","24":"tag-news","25":"tag-popularakas-zinas","26":"tag-popularakaszinas","27":"tag-top-stories","28":"tag-topstories","29":"tag-world","30":"tag-world-news","31":"tag-worldnews","32":"tag-zinas","33":"tag-zinas-no-arvalstim"},"share_on_mastodon":{"url":"","error":""},"_links":{"self":[{"href":"https:\/\/www.europesays.com\/lv\/wp-json\/wp\/v2\/posts\/91427","targetHints":{"allow":["GET"]}}],"collection":[{"href":"https:\/\/www.europesays.com\/lv\/wp-json\/wp\/v2\/posts"}],"about":[{"href":"https:\/\/www.europesays.com\/lv\/wp-json\/wp\/v2\/types\/post"}],"author":[{"embeddable":true,"href":"https:\/\/www.europesays.com\/lv\/wp-json\/wp\/v2\/users\/2"}],"replies":[{"embeddable":true,"href":"https:\/\/www.europesays.com\/lv\/wp-json\/wp\/v2\/comments?post=91427"}],"version-history":[{"count":0,"href":"https:\/\/www.europesays.com\/lv\/wp-json\/wp\/v2\/posts\/91427\/revisions"}],"wp:featuredmedia":[{"embeddable":true,"href":"https:\/\/www.europesays.com\/lv\/wp-json\/wp\/v2\/media\/91428"}],"wp:attachment":[{"href":"https:\/\/www.europesays.com\/lv\/wp-json\/wp\/v2\/media?parent=91427"}],"wp:term":[{"taxonomy":"category","embeddable":true,"href":"https:\/\/www.europesays.com\/lv\/wp-json\/wp\/v2\/categories?post=91427"},{"taxonomy":"post_tag","embeddable":true,"href":"https:\/\/www.europesays.com\/lv\/wp-json\/wp\/v2\/tags?post=91427"}],"curies":[{"name":"wp","href":"https:\/\/api.w.org\/{rel}","templated":true}]}}