{"id":91429,"date":"2026-01-01T07:21:27","date_gmt":"2026-01-01T07:21:27","guid":{"rendered":"https:\/\/www.europesays.com\/lv\/91429\/"},"modified":"2026-01-01T07:21:27","modified_gmt":"2026-01-01T07:21:27","slug":"popularaka-jaungada-apnemsanas-vairak-sportot-par-ko-vel-sapno-latvijas-iedzivotaji","status":"publish","type":"post","link":"https:\/\/www.europesays.com\/lv\/91429\/","title":{"rendered":"Popul\u0101r\u0101k\u0101 Jaungada ap\u0146em\u0161an\u0101s \u2013 vair\u0101k sportot. Par ko v\u0113l sap\u0146o Latvijas iedz\u012bvot\u0101ji?"},"content":{"rendered":"<p>Z\u012bm\u012bgi, ka gandr\u012bz katrs piektais respondents (19%) v\u0113l\u0113tos vair\u0101k dz\u012bvot \u0161eit un tagad, maz\u0101k raiz\u0113joties par pag\u0101tni vai n\u0101kotni. Savuk\u0101rt 21% nor\u0101da, ka v\u0113las k\u013c\u016bt pozit\u012bv\u0101ki.<\/p>\n<p>\u201cK\u0101 Ziemassv\u0113tki, t\u0101 ar\u012b Jaunais gads Latvij\u0101 ir laiks, kas saist\u0101s ar trad\u012bcij\u0101m, m\u0101j\u012bgumu un d\u0101vin\u0101\u0161anu. Nav p\u0101rsteigums, ka 83% iedz\u012bvot\u0101ju atz\u012bst \u2013 vi\u0146i pa\u0161i akt\u012bvi piedal\u0101s sv\u0113tku noska\u0146as rad\u012b\u0161an\u0101 un patiesi izbauda \u0161o laiku. Vienlaikus 15% v\u0113l\u0113tos bie\u017e\u0101k satikt tuviniekus un vair\u0101k laika pavad\u012bt kop\u0101 ar \u0123imeni. Tikpat b\u016btiski cilv\u0113kiem \u0161\u0137iet ar\u012b vesel\u012bga dz\u012bvesveida jaut\u0101jumi \u2013 29% v\u0113las dz\u012bvot vesel\u012bg\u0101k, 25% piev\u0113rst liel\u0101ku uzman\u012bbu uzturam, 12% samazin\u0101t saldumu pat\u0113ri\u0146u, 8% \u2013 alkohola lieto\u0161anu, bet 10% \u2013 soci\u0101lajos t\u012bklos pavad\u012bto laiku,\u201d nor\u0101da FSC Latvia p\u0101rst\u0101ve Agnese Pidrike.<\/p>\n<p>Z\u012bm\u012bgi, ka TOP 10 Jaungada ap\u0146em\u0161anos sarakst\u0101 iek\u013cauta ar\u012b v\u0113lme dz\u012bvot ilgtsp\u0113j\u012bg\u0101k (8%). Tas apliecina, ka arvien vair\u0101k cilv\u0113ku apzin\u0101s ikdienas izv\u0113\u013cu noz\u012bmi. L\u012bdz ar to arvien aktu\u0101l\u0101ks k\u013c\u016bst jaut\u0101jums \u2013 k\u0101 sv\u0113tkos pie\u0146emt p\u0101rdom\u0101tus l\u0113mumus gan, izv\u0113loties d\u0101vanas, gan dom\u0101jot par to, k\u0101du ietekmi t\u0101s atst\u0101j uz apk\u0101rt\u0113jo vidi.<\/p>\n<p class=\"tv3-fw-500\">Zi\u0146o par k\u013c\u016bdu rakst\u0101<\/p>\n<p class=\"d-md-block d-none\">Iez\u012bm\u0113 k\u013c\u016bdaino tekstu un spied Ctrl+Enter.<\/p>\n<p class=\"d-md-none d-block\">Iez\u012bm\u0113 k\u013c\u016bdaino tekstu un zi\u0146o par to!<\/p>\n","protected":false},"excerpt":{"rendered":"Z\u012bm\u012bgi, ka gandr\u012bz katrs piektais respondents (19%) v\u0113l\u0113tos vair\u0101k dz\u012bvot \u0161eit un tagad, maz\u0101k raiz\u0113joties par pag\u0101tni vai&hellip;\n","protected":false},"author":2,"featured_media":91430,"comment_status":"","ping_status":"","sticky":false,"template":"","format":"standard","meta":{"footnotes":""},"categories":[12],"tags":[23,23024,28,29,32,33,22,30,31,35,39,38,36,37,34,40,20,26,27,24,25,21],"class_list":{"0":"post-91429","1":"post","2":"type-post","3":"status-publish","4":"format-standard","5":"has-post-thumbnail","7":"category-latvija","8":"tag-aktualitates","9":"tag-apnemsanasjauna-gada-apnemsanasjaunais-gads","10":"tag-breaking-news","11":"tag-breakingnews","12":"tag-featured-news","13":"tag-featurednews","14":"tag-headlines","15":"tag-latest-news","16":"tag-latestnews","17":"tag-latvia","18":"tag-latvian","19":"tag-latviesu","20":"tag-latviesu-valoda","21":"tag-latviesuvaloda","22":"tag-latvija","23":"tag-lv","24":"tag-news","25":"tag-popularakas-zinas","26":"tag-popularakaszinas","27":"tag-top-stories","28":"tag-topstories","29":"tag-zinas"},"share_on_mastodon":{"url":"https:\/\/pubeurope.com\/@lv\/115818639008839793","error":""},"_links":{"self":[{"href":"https:\/\/www.europesays.com\/lv\/wp-json\/wp\/v2\/posts\/91429","targetHints":{"allow":["GET"]}}],"collection":[{"href":"https:\/\/www.europesays.com\/lv\/wp-json\/wp\/v2\/posts"}],"about":[{"href":"https:\/\/www.europesays.com\/lv\/wp-json\/wp\/v2\/types\/post"}],"author":[{"embeddable":true,"href":"https:\/\/www.europesays.com\/lv\/wp-json\/wp\/v2\/users\/2"}],"replies":[{"embeddable":true,"href":"https:\/\/www.europesays.com\/lv\/wp-json\/wp\/v2\/comments?post=91429"}],"version-history":[{"count":0,"href":"https:\/\/www.europesays.com\/lv\/wp-json\/wp\/v2\/posts\/91429\/revisions"}],"wp:featuredmedia":[{"embeddable":true,"href":"https:\/\/www.europesays.com\/lv\/wp-json\/wp\/v2\/media\/91430"}],"wp:attachment":[{"href":"https:\/\/www.europesays.com\/lv\/wp-json\/wp\/v2\/media?parent=91429"}],"wp:term":[{"taxonomy":"category","embeddable":true,"href":"https:\/\/www.europesays.com\/lv\/wp-json\/wp\/v2\/categories?post=91429"},{"taxonomy":"post_tag","embeddable":true,"href":"https:\/\/www.europesays.com\/lv\/wp-json\/wp\/v2\/tags?post=91429"}],"curies":[{"name":"wp","href":"https:\/\/api.w.org\/{rel}","templated":true}]}}