{"id":91431,"date":"2026-01-01T07:27:18","date_gmt":"2026-01-01T07:27:18","guid":{"rendered":"https:\/\/www.europesays.com\/lv\/91431\/"},"modified":"2026-01-01T07:27:18","modified_gmt":"2026-01-01T07:27:18","slug":"iedzivotaji-aicinati-nepulceties-parkos-un-kapsetas-lente-lv","status":"publish","type":"post","link":"https:\/\/www.europesays.com\/lv\/91431\/","title":{"rendered":"iedz\u012bvot\u0101ji aicin\u0101ti nepulc\u0113ties parkos un kaps\u0113t\u0101s\u00a0\u2014\u00a0Lente.lv"},"content":{"rendered":"<p>Sp\u0113c\u012bga v\u0113tra tuvojas R\u012bgai<\/p>\n<p>Saska\u0146\u0101 ar meteorologu prognoz\u0113m, R\u012bg\u0101 sestdienas p\u0113cpusdien\u0101 s\u0101ksies sp\u0113c\u012bga v\u0113tra, kas turpin\u0101sies l\u012bdz sv\u0113tdienas vidum. Latvijas Vides, \u0123eolo\u0123ijas un meteorolo\u0123ijas centrs izsludin\u0101jis oran\u017eo br\u012bdin\u0101jumu, kas ir otr\u0101 augst\u0101k\u0101 l\u012bme\u0146a br\u012bdin\u0101jums par laikapst\u0101k\u013ciem. Paredzams, ka v\u0113ja br\u0101zmas sestdien dienas vid\u016b sasniegs 20\u201322 metrus sekund\u0113, bet vakar\u0101 piekrastes rajonos l\u012bdz pat 25\u201328 metriem sekund\u0113. Nakt\u012b uz sv\u0113tdienu v\u0113ja br\u0101zmas turpin\u0101sies 15-19 m\/s, piekrast\u0113 l\u012bdz 25 m\/s, bet dienas gait\u0101 v\u0113j\u0161 pak\u0101peniski pierims. K\u0101 zi\u0146o Latvijas Av\u012bze, p\u0113d\u0113j\u0101 gada dien\u0101, 31. decembr\u012b, Latvij\u0101 kopum\u0101 gaid\u0101ms neliels l\u012bdz m\u0113reni stiprs zieme\u013cu v\u0113j\u0161, bet R\u012bg\u0101 vienlaikus gaid\u0101ms ar\u012b \u012bslaic\u012bgs sniegs.<\/p>\n<p>Pa\u0161vald\u012bba aicina b\u016bt uzman\u012bgiem un palikt m\u0101j\u0101s<\/p>\n<p>Lai pasarg\u0101tu sevi un savus tuviniekus, k\u0101 ar\u012b netrauc\u0113tu gl\u0101b\u0161anas dienestiem v\u0113tras seku likvid\u0113\u0161an\u0101, R\u012bgas pa\u0161vald\u012bba aicina galvaspils\u0113tas iedz\u012bvot\u0101jus bez \u012bpa\u0161as nepiecie\u0161am\u012bbas neuztur\u0113ties \u0101rpus telp\u0101m. \u012apa\u0161i tiek l\u016bgts attur\u0113ties no parku, kaps\u0113tu, atp\u016btas zonu un b\u0113rnu rota\u013cu laukumu apmekl\u0113\u0161anas, jo past\u0101v augsts risks, ka var\u0113tu l\u016bzt koki un to zari, radot b\u012bstamas situ\u0101cijas. Lai gan v\u0113tra, kas plos\u012bj\u0101s iepriek\u0161\u0113j\u0101s br\u012bvdien\u0101s, ir pierimusi, pa\u0161vald\u012bba uzsver, ka v\u0113ja izkustin\u0101tie koki un zari joproj\u0101m var rad\u012bt apdraud\u0113jumu.<\/p>\n<p>Gl\u0101b\u0161anas dienestiem daudz darba v\u0113tras seku nov\u0113r\u0161an\u0101<\/p>\n<p>Ned\u0113\u013cas nogal\u0113 R\u012bg\u0101 piedz\u012bvot\u0101 v\u0113tra rad\u012bjusi iev\u0113rojamus post\u012bjumus \u2013 ir lauzti koki, boj\u0101ti vair\u0101ki jumti, apg\u0101zu\u0161\u0101s ce\u013ca z\u012bmes un boj\u0101tas \u0113ku fas\u0101des. Valsts ugunsdz\u0113s\u012bbas un gl\u0101b\u0161anas dienests (VUGD) l\u012bdz sv\u0113tdienas p\u0113cpusdienai sa\u0146\u0113mis vair\u0101k nek\u0101 80 izsaukumus saist\u012bb\u0101 ar v\u0113tras rad\u012btajiem post\u012bjumiem, bet pa\u0161vald\u012bbas zvanu centrs sa\u0146\u0113mis vair\u0101k nek\u0101 100 zi\u0146ojumu. Tika zi\u0146ots par boj\u0101tiem jumtiem, ce\u013caz\u012bm\u0113m, luksoforiem, k\u0101 ar\u012b norautiem vadiem. VUGD uzsver, ka par jebkuriem v\u0113ja nolauztiem objektiem vai kokiem, kas rada b\u012bstam\u012bbu, nekav\u0113joties j\u0101zi\u0146o pa t\u0101lruni 112.<\/p>\n<p>K\u0101 r\u012bkoties v\u0113tras laik\u0101<\/p>\n<p>Ja laika apst\u0101k\u013cu rad\u012btie post\u012bjumi apdraud cilv\u0113ku vesel\u012bbu un dz\u012bv\u012bbu, komunik\u0101ciju vai sabiedrisk\u0101 transporta kust\u012bbu, iedz\u012bvot\u0101ji tiek aicin\u0101ti zvan\u012bt uz vienoto \u0101rk\u0101rtas pal\u012bdz\u012bbas t\u0101lruni 112. Gad\u012bjumos, ja nog\u0101zies koks, kas nerada t\u016bl\u012bt\u0113ju b\u012bstam\u012bbu, pa\u0161vald\u012bba l\u016bdz zi\u0146ot pa t\u0101lruni 80001201 vai rakstot uz e-pastu &#8220;1201@riga.lv&#8221;. Ja koks ir nog\u0101zies uz priv\u0101t\u012bpa\u0161um\u0101 eso\u0161a zemesgabala, nepiecie\u0161ams veikt nol\u016bzu\u0161\u0101 koka fotofiks\u0101ciju un iesniegt to kop\u0101 ar iesniegumu R\u012bgas pa\u0161vald\u012bbas Pils\u0113tas att\u012bst\u012bbas departamentam.<\/p>\n<p>\u016adens l\u012bme\u0146a paaugstin\u0101\u0161an\u0101s un citi dro\u0161\u012bbas pas\u0101kumi<\/p>\n<p>Papildus v\u0113ja rad\u012btajiem post\u012bjumiem, Latvijas Vides, \u0123eolo\u0123ijas un meteorolo\u0123ijas centrs izsludin\u0101jis ar\u012b dzelteno br\u012bdin\u0101jumu par \u016bdens l\u012bme\u0146a paaugstin\u0101\u0161anos R\u012bg\u0101. Paredzams, ka tuv\u0101kaj\u0101s stund\u0101s \u016bdens l\u012bmenis paaugstin\u0101sies l\u012bdz 115-130 centimetriem. T\u0101 k\u0101 ar\u012b turpm\u0101kaj\u0101s dien\u0101s gaid\u0101mi br\u012b\u017eiem sniegotu laikapst\u0101k\u013cu periodi un sals, iedz\u012bvot\u0101ji tiek aicin\u0101ti b\u016bt \u012bpa\u0161i uzman\u012bgiem un sekot l\u012bdzi aktu\u0101lajai inform\u0101cijai par laikapst\u0101k\u013ciem un dro\u0161\u012bbas pas\u0101kumiem.<\/p>\n","protected":false},"excerpt":{"rendered":"Sp\u0113c\u012bga v\u0113tra tuvojas R\u012bgai Saska\u0146\u0101 ar meteorologu prognoz\u0113m, R\u012bg\u0101 sestdienas p\u0113cpusdien\u0101 s\u0101ksies sp\u0113c\u012bga v\u0113tra, kas turpin\u0101sies l\u012bdz sv\u0113tdienas&hellip;\n","protected":false},"author":2,"featured_media":91432,"comment_status":"","ping_status":"","sticky":false,"template":"","format":"standard","meta":{"footnotes":""},"categories":[12],"tags":[23,28,29,334,32,33,22,397,30,31,35,39,38,36,37,34,40,20,23026,26,27,10909,24,25,23025,21],"class_list":{"0":"post-91431","1":"post","2":"type-post","3":"status-publish","4":"format-standard","5":"has-post-thumbnail","7":"category-latvija","8":"tag-aktualitates","9":"tag-breaking-news","10":"tag-breakingnews","11":"tag-drosiba","12":"tag-featured-news","13":"tag-featurednews","14":"tag-headlines","15":"tag-laikapstakli","16":"tag-latest-news","17":"tag-latestnews","18":"tag-latvia","19":"tag-latvian","20":"tag-latviesu","21":"tag-latviesu-valoda","22":"tag-latviesuvaloda","23":"tag-latvija","24":"tag-lv","25":"tag-news","26":"tag-orans-bridinajums","27":"tag-popularakas-zinas","28":"tag-popularakaszinas","29":"tag-rigas-pasvaldiba","30":"tag-top-stories","31":"tag-topstories","32":"tag-vetra-riga","33":"tag-zinas"},"share_on_mastodon":{"url":"https:\/\/pubeurope.com\/@lv\/115818662684185999","error":""},"_links":{"self":[{"href":"https:\/\/www.europesays.com\/lv\/wp-json\/wp\/v2\/posts\/91431","targetHints":{"allow":["GET"]}}],"collection":[{"href":"https:\/\/www.europesays.com\/lv\/wp-json\/wp\/v2\/posts"}],"about":[{"href":"https:\/\/www.europesays.com\/lv\/wp-json\/wp\/v2\/types\/post"}],"author":[{"embeddable":true,"href":"https:\/\/www.europesays.com\/lv\/wp-json\/wp\/v2\/users\/2"}],"replies":[{"embeddable":true,"href":"https:\/\/www.europesays.com\/lv\/wp-json\/wp\/v2\/comments?post=91431"}],"version-history":[{"count":0,"href":"https:\/\/www.europesays.com\/lv\/wp-json\/wp\/v2\/posts\/91431\/revisions"}],"wp:featuredmedia":[{"embeddable":true,"href":"https:\/\/www.europesays.com\/lv\/wp-json\/wp\/v2\/media\/91432"}],"wp:attachment":[{"href":"https:\/\/www.europesays.com\/lv\/wp-json\/wp\/v2\/media?parent=91431"}],"wp:term":[{"taxonomy":"category","embeddable":true,"href":"https:\/\/www.europesays.com\/lv\/wp-json\/wp\/v2\/categories?post=91431"},{"taxonomy":"post_tag","embeddable":true,"href":"https:\/\/www.europesays.com\/lv\/wp-json\/wp\/v2\/tags?post=91431"}],"curies":[{"name":"wp","href":"https:\/\/api.w.org\/{rel}","templated":true}]}}