{"id":91435,"date":"2026-01-01T07:29:06","date_gmt":"2026-01-01T07:29:06","guid":{"rendered":"https:\/\/www.europesays.com\/lv\/91435\/"},"modified":"2026-01-01T07:29:06","modified_gmt":"2026-01-01T07:29:06","slug":"muziba-devies-legendarais-baletdejotajs-un-aktieris-haralds-ritenbergs-lente-lv","status":"publish","type":"post","link":"https:\/\/www.europesays.com\/lv\/91435\/","title":{"rendered":"M\u016b\u017e\u012bb\u0101 devies le\u0123end\u0101rais baletdejot\u0101js un aktieris Haralds Ritenbergs\u00a0\u2014\u00a0Lente.lv"},"content":{"rendered":"<p>S\u0113ru v\u0113sts: Aizsaul\u0113 aizg\u0101jis Haralds Ritenbergs<\/p>\n<p>2025. gada 21. decembr\u012b m\u016b\u017e\u012bb\u0101 devies viens no visu laiku izcil\u0101kajiem latvie\u0161u baletdejot\u0101jiem, talant\u012bgs kinoaktieris un kaisl\u012bgs pedagogs Haralds Ritenbergs. M\u0101kslinieks aizg\u0101ja m\u016b\u017e\u012bb\u0101 93 gadu vecum\u0101. K\u0101 zi\u0146o Latvijas Av\u012bze, atvad\u012b\u0161an\u0101s no talant\u012bg\u0101 m\u0101kslinieka notiks 2025. gada 29. decembr\u012b Latvijas Nacion\u0101l\u0101s operas un baleta Belet\u0101\u017eas z\u0101l\u0113 no pulksten 12:00 l\u012bdz 13:00.<\/p>\n<p>Baleta virsotnes un kino zvaigzne<\/p>\n<p>Haralds Ritenbergs savu karjeru s\u0101ka Latvijas Nacion\u0101l\u0101s operas un baleta trup\u0101, kur dejoja no 1951. l\u012bdz 1977. gadam. Vi\u0146\u0161 k\u013cuva par vienu no spilgt\u0101kajiem p\u0113ckara paaudzes romantisk\u0101 baleta ide\u0101liem, un vi\u0146a sniegumu raksturoja plastiska elegance, iek\u0161\u0113ja apgarot\u012bba un v\u012bri\u0161\u0137\u012bgs c\u0113lums. Sav\u0101 spo\u017eaj\u0101 karjer\u0101 vi\u0146\u0161 atveidojis vair\u0101k nek\u0101 \u010detrdesmit noz\u012bm\u012bgas lomas, tostarp Zigfr\u012bdu balet\u0101 \u201cGulbju ezers\u201d, princi Albertu balet\u0101 \u201c\u017dizele\u201d, titullomu balet\u0101 \u201c\u0160akuntala\u201d, Gireju balet\u0101 \u201cBah\u010disarajas str\u016bklak\u0101\u201d, P\u0113ru Gintu, k\u0101 ar\u012b Romeo balet\u0101 \u201cRomeo un D\u017euljeta\u201d. Par Ako lomu balet\u0101 \u201cRigonda\u201d 1959. gad\u0101 Ritenbergam tika pie\u0161\u0137irta Latvijas PSR Valsts pr\u0113mija .<\/p>\n<p>Haralda Ritenberga talants spo\u017ei izpaud\u0101s ar\u012b latvie\u0161u kino. Vi\u0146a atveidot\u0101s lomas t\u0101d\u0101s kulta film\u0101s k\u0101 \u201cVella kalpi\u201d, \u201cVella kalpi Vella dzirnav\u0101s\u201d, \u201c\u0160\u0137\u0113ps un roze\u201d un \u201cNauris\u201d ieguva pla\u0161u skat\u012bt\u0101ju m\u012blest\u012bbu un k\u013cuva par noz\u012bm\u012bgu Latvijas kino zelta fonda da\u013cu. \u012apa\u0161i atmi\u0146\u0101 vi\u0146\u0161 palicis k\u0101 iek\u0101rojamais Andris taut\u0101 iem\u012b\u013cotaj\u0101 film\u0101 \u201cVella kalpi\u201d .<\/p>\n<p>Devums pedago\u0123ij\u0101 un n\u0101kam\u0101s paaudzes<\/p>\n<p>L\u012bdztekus spo\u017eajai m\u0101kslinieciskajai karjerai, Haralds Ritenbergs sniedza iev\u0113rojamu ieguld\u012bjumu horeogr\u0101fijas pedago\u0123ij\u0101. No 1978. l\u012bdz 2017. gadam vi\u0146\u0161 bija R\u012bgas Horeogr\u0101fijas vidusskolas (m\u016bsdien\u0101s \u2013 R\u012bgas Baleta skola) pedagogs, direktors un m\u0101kslinieciskais vad\u012bt\u0101js. Vi\u0146a vad\u012bb\u0101 izaugu\u0161i daudzi Latvijas Nacion\u0101l\u0101 baleta solisti un trupas dejot\u0101ji, nodro\u0161inot m\u0101kslinieka darba un ide\u0101lu p\u0101rmantojam\u012bbu n\u0101kamaj\u0101m paaudz\u0113m . Vi\u0146\u0161 bija viens no R\u012bgas Horeogr\u0101fijas vidusskolas \u201czvaig\u017e\u0146u klases\u201d audz\u0113k\u0146iem, m\u0101coties kop\u0101 ar M\u0101ri L\u012bpu, Art\u016bru \u0112\u0137i, Uldi \u017dagatu un Alfr\u0113du Spuru .<\/p>\n<p>Atzin\u012bbas un balvas<\/p>\n<p>Par savu ieguld\u012bjumu m\u0101ksl\u0101 Haralds Ritenbergs sa\u0146\u0113mis vair\u0101kus noz\u012bm\u012bgus apbalvojumus. 1958. gad\u0101 vi\u0146am pie\u0161\u0137irts Latvijas PSR Nopelniem bag\u0101t\u0101 skatuves m\u0101kslinieka goda nosaukums. 1965. gad\u0101 vi\u0146\u0161 k\u013cuva par Latvijas PSR Tautas skatuves m\u0101kslinieku, bet 1999. gad\u0101 tika apbalvots ar ceturt\u0101s \u0161\u0137iras Triju Zvaig\u017e\u0146u ordeni . 2008. gad\u0101 vi\u0146\u0161 sa\u0146\u0113ma \u201cSp\u0113lma\u0146u nakts\u201d balvu par m\u016b\u017ea ieguld\u012bjumu baleta m\u0101ksl\u0101 un jauno dejot\u0101ju audzin\u0101\u0161anu, bet 2021. gad\u0101 \u2013 Dejas balvas m\u016b\u017ea balvu .<\/p>\n<p>Person\u012bg\u0101 dz\u012bve<\/p>\n<p>Haralds Ritenbergs dz\u012bv\u0113 bijis prec\u0113jies tr\u012bs reizes. Vi\u0146a dz\u012bvesbiedres biju\u0161as Aija Baumane, Biruta Ritenberga un Inese Apine. Vi\u0146am ir tr\u012bs b\u0113rni: meita Alla Priede, k\u0101 ar\u012b dv\u012b\u0146u d\u0113li Erlends un D\u012bns Ritenbergi, kuri ar\u012b k\u013cuvu\u0161i par baletdejot\u0101jiem .<\/p>\n","protected":false},"excerpt":{"rendered":"S\u0113ru v\u0113sts: Aizsaul\u0113 aizg\u0101jis Haralds Ritenbergs 2025. gada 21. decembr\u012b m\u016b\u017e\u012bb\u0101 devies viens no visu laiku izcil\u0101kajiem latvie\u0161u&hellip;\n","protected":false},"author":2,"featured_media":91436,"comment_status":"","ping_status":"","sticky":false,"template":"","format":"standard","meta":{"footnotes":""},"categories":[19],"tags":[4427,89,20739,90,22345,35,39,38,36,37,34,160,40,20740],"class_list":{"0":"post-91435","1":"post","2":"type-post","3":"status-publish","4":"format-standard","5":"has-post-thumbnail","7":"category-izklaide","8":"tag-baletdejotajs","9":"tag-entertainment","10":"tag-haralds-ritenbergs","11":"tag-izklaide","12":"tag-kinoaktieris","13":"tag-latvia","14":"tag-latvian","15":"tag-latviesu","16":"tag-latviesu-valoda","17":"tag-latviesuvaloda","18":"tag-latvija","19":"tag-latvijas-kultura","20":"tag-lv","21":"tag-pedagogs"},"share_on_mastodon":{"url":"https:\/\/pubeurope.com\/@lv\/115818670525283714","error":""},"_links":{"self":[{"href":"https:\/\/www.europesays.com\/lv\/wp-json\/wp\/v2\/posts\/91435","targetHints":{"allow":["GET"]}}],"collection":[{"href":"https:\/\/www.europesays.com\/lv\/wp-json\/wp\/v2\/posts"}],"about":[{"href":"https:\/\/www.europesays.com\/lv\/wp-json\/wp\/v2\/types\/post"}],"author":[{"embeddable":true,"href":"https:\/\/www.europesays.com\/lv\/wp-json\/wp\/v2\/users\/2"}],"replies":[{"embeddable":true,"href":"https:\/\/www.europesays.com\/lv\/wp-json\/wp\/v2\/comments?post=91435"}],"version-history":[{"count":0,"href":"https:\/\/www.europesays.com\/lv\/wp-json\/wp\/v2\/posts\/91435\/revisions"}],"wp:featuredmedia":[{"embeddable":true,"href":"https:\/\/www.europesays.com\/lv\/wp-json\/wp\/v2\/media\/91436"}],"wp:attachment":[{"href":"https:\/\/www.europesays.com\/lv\/wp-json\/wp\/v2\/media?parent=91435"}],"wp:term":[{"taxonomy":"category","embeddable":true,"href":"https:\/\/www.europesays.com\/lv\/wp-json\/wp\/v2\/categories?post=91435"},{"taxonomy":"post_tag","embeddable":true,"href":"https:\/\/www.europesays.com\/lv\/wp-json\/wp\/v2\/tags?post=91435"}],"curies":[{"name":"wp","href":"https:\/\/api.w.org\/{rel}","templated":true}]}}