{"id":91439,"date":"2026-01-01T07:35:12","date_gmt":"2026-01-01T07:35:12","guid":{"rendered":"https:\/\/www.europesays.com\/lv\/91439\/"},"modified":"2026-01-01T07:35:12","modified_gmt":"2026-01-01T07:35:12","slug":"dzivi-mainoss-notikums-toms-hidlstons-un-zave-estone-sveic-otro-bernu-lente-lv","status":"publish","type":"post","link":"https:\/\/www.europesays.com\/lv\/91439\/","title":{"rendered":"&#8220;Dz\u012bvi maino\u0161s notikums.&#8221; Toms Hidlstons un Zave E\u0161tone sveic otro b\u0113rnu\u00a0\u2014\u00a0Lente.lv"},"content":{"rendered":"<p>Holivudas p\u0101ris sveic jaunu \u0123imenes locekli<\/p>\n<p>44 gadus vecais aktieris Toms Hidlstons un 41 gada vec\u0101 aktrise Zave E\u0161tone ir k\u013cuvu\u0161i par vec\u0101kiem savam otrajam b\u0113rnam. Lieliskos jaunumus izdevumam \u201cGQ\u201d atkl\u0101jis pats Toms Hidlstons, atz\u012bm\u0113jot, ka \u0161is ir &#8220;dz\u012bvi maino\u0161s notikums&#8221;. K\u0101 zi\u0146o telekan\u0101ls TV3, p\u0101ris savu priv\u0101to dz\u012bvi alla\u017e centies glab\u0101t nosl\u0113pum\u0101.<\/p>\n<p>Pirmais b\u0113rns \u2013 2022. gad\u0101<\/p>\n<p>Pasaul\u0113 pirmdzimis aktieru p\u0101rim k\u013cuva 2022. gada oktobr\u012b. Toreiz gan p\u0101ris nezi\u0146oja par b\u0113rna dzimumu vai v\u0101rdu. Tom\u0113r zin\u0101t\u0101ji nor\u0101d\u012bju\u0161i, ka abi ir saj\u016bsmin\u0101ti par vec\u0101ku lomu, lai gan atz\u012bst, ka daudz gul\u0113t nesan\u0101k.<\/p>\n<p>Attiec\u012bbu s\u0101kums un saderin\u0101\u0161an\u0101s<\/p>\n<p>Toms Hidlstons un Zave E\u0161tone iepazin\u0101s 2019. gad\u0101, film\u0113joties kop\u012bg\u0101 projekt\u0101 \u201cBetrayal\u201d. Vi\u0146u attiec\u012bbas k\u013cuva publiskas 2021. gad\u0101, kad vi\u0146i kop\u0101 apmekl\u0113ja \u201cTony Awards\u201d pasnieg\u0161anas ceremoniju. Savuk\u0101rt 2022. gada mart\u0101 par\u0101d\u012bj\u0101s zi\u0146as par p\u0101ra saderin\u0101\u0161anos, ko apstiprin\u0101ja ar\u012b pa\u0161i aktieri.<\/p>\n<p>Izaicin\u0101jumi un prieki jaunajiem vec\u0101kiem<\/p>\n<p>Lai gan slaven\u012bbas parasti cen\u0161as savu priv\u0101to dz\u012bvi tur\u0113t p\u0113c iesp\u0113jas t\u0101l\u0101k no mediju uzman\u012bbas, Hidlstons un E\u0161tone nav iz\u0146\u0113mums. Tom\u0113r zi\u0146as par b\u0113rnu n\u0101k\u0161anu pasaul\u0113 vienm\u0113r izraisa interesi. Jaunie vec\u0101ki, neskatoties uz miega tr\u016bkumu un ikdienas izaicin\u0101jumiem, ko sniedz mazu\u013ca kop\u0161ana, izj\u016bt milz\u012bgu prieku un piepild\u012bjumu.<\/p>\n<p>B\u0113rna piedzim\u0161anas formalit\u0101tes Latvij\u0101<\/p>\n<p>Lai gan aktieru p\u0101ris savu dz\u012bvi visbie\u017e\u0101k saista ar starptautisko kinosc\u0113nu, Latvij\u0101 b\u0113rna piedzim\u0161anas gad\u012bjum\u0101 vec\u0101kiem ir j\u0101veic vair\u0101kas formalit\u0101tes. T\u0101s ietver pieteik\u0161anos maternit\u0101tes vai paternit\u0101tes pabalstiem, b\u0113rna dz\u012bvesvietas deklar\u0113\u0161anu un \u0123imenes \u0101rsta izv\u0113li. Daudzus no \u0161iem procesiem ir iesp\u0113jams k\u0101rtot elektroniski, atvieglojot jaunajiem vec\u0101kiem administrat\u012bvo slogu.<\/p>\n","protected":false},"excerpt":{"rendered":"Holivudas p\u0101ris sveic jaunu \u0123imenes locekli 44 gadus vecais aktieris Toms Hidlstons un 41 gada vec\u0101 aktrise Zave&hellip;\n","protected":false},"author":2,"featured_media":91440,"comment_status":"","ping_status":"","sticky":false,"template":"","format":"standard","meta":{"footnotes":""},"categories":[19],"tags":[23029,89,1105,90,35,39,38,36,37,34,40,23030,23027,23028],"class_list":{"0":"post-91439","1":"post","2":"type-post","3":"status-publish","4":"format-standard","5":"has-post-thumbnail","7":"category-izklaide","8":"tag-berna-piedzimsana","9":"tag-entertainment","10":"tag-holivuda","11":"tag-izklaide","12":"tag-latvia","13":"tag-latvian","14":"tag-latviesu","15":"tag-latviesu-valoda","16":"tag-latviesuvaloda","17":"tag-latvija","18":"tag-lv","19":"tag-slavenibu-gimene","20":"tag-toms-hidlstons","21":"tag-zave-estone"},"share_on_mastodon":{"url":"https:\/\/pubeurope.com\/@lv\/115818694107283973","error":""},"_links":{"self":[{"href":"https:\/\/www.europesays.com\/lv\/wp-json\/wp\/v2\/posts\/91439","targetHints":{"allow":["GET"]}}],"collection":[{"href":"https:\/\/www.europesays.com\/lv\/wp-json\/wp\/v2\/posts"}],"about":[{"href":"https:\/\/www.europesays.com\/lv\/wp-json\/wp\/v2\/types\/post"}],"author":[{"embeddable":true,"href":"https:\/\/www.europesays.com\/lv\/wp-json\/wp\/v2\/users\/2"}],"replies":[{"embeddable":true,"href":"https:\/\/www.europesays.com\/lv\/wp-json\/wp\/v2\/comments?post=91439"}],"version-history":[{"count":0,"href":"https:\/\/www.europesays.com\/lv\/wp-json\/wp\/v2\/posts\/91439\/revisions"}],"wp:featuredmedia":[{"embeddable":true,"href":"https:\/\/www.europesays.com\/lv\/wp-json\/wp\/v2\/media\/91440"}],"wp:attachment":[{"href":"https:\/\/www.europesays.com\/lv\/wp-json\/wp\/v2\/media?parent=91439"}],"wp:term":[{"taxonomy":"category","embeddable":true,"href":"https:\/\/www.europesays.com\/lv\/wp-json\/wp\/v2\/categories?post=91439"},{"taxonomy":"post_tag","embeddable":true,"href":"https:\/\/www.europesays.com\/lv\/wp-json\/wp\/v2\/tags?post=91439"}],"curies":[{"name":"wp","href":"https:\/\/api.w.org\/{rel}","templated":true}]}}