{"id":91442,"date":"2026-01-01T07:50:08","date_gmt":"2026-01-01T07:50:08","guid":{"rendered":"https:\/\/www.europesays.com\/lv\/91442\/"},"modified":"2026-01-01T07:50:08","modified_gmt":"2026-01-01T07:50:08","slug":"latvija-sak-darbu-ano-drosibas-padome","status":"publish","type":"post","link":"https:\/\/www.europesays.com\/lv\/91442\/","title":{"rendered":"Latvija s\u0101k darbu ANO Dro\u0161\u012bbas padom\u0113"},"content":{"rendered":"<p>    <img decoding=\"async\" src=\"https:\/\/www.europesays.com\/lv\/wp-content\/uploads\/2026\/01\/LET_24619927-1-800x539.jpg\" alt=\"&#10;Latvijas Rebublikas karogs.&#10;\"\/><\/p>\n<p>Latvijas Rebublikas karogs.<\/p>\n<p>Foto: Evija Trifanova\n<\/p>\n<p>Latvija no \u0161odienas l\u012bdz 2027. gada 31. decembrim str\u0101d\u0101s ANO Dro\u0161\u012bbas padom\u0113 (DP) k\u0101 nepast\u0101v\u012bg\u0101 locekle.<\/p>\n<p>        Las\u012bt\u0101kie<br \/>\n        <a data-imagesrc=\"{&quot;300&quot;:&quot;https:\\\/\\\/lastatic.ams3.cdn.digitaloceanspaces.com\\\/2026\\\/01\\\/shutterstock_2685252749-300x172.jpg&quot;,&quot;1024&quot;:&quot;https:\\\/\\\/lastatic.ams3.cdn.digitaloceanspaces.com\\\/2026\\\/01\\\/shutterstock_2685252749-1024x589.jpg&quot;,&quot;1536&quot;:&quot;https:\\\/\\\/lastatic.ams3.cdn.digitaloceanspaces.com\\\/2026\\\/01\\\/shutterstock_2685252749-1536x883.jpg&quot;,&quot;500&quot;:&quot;https:\\\/\\\/lastatic.ams3.cdn.digitaloceanspaces.com\\\/2026\\\/01\\\/shutterstock_2685252749-500x287.jpg&quot;,&quot;800&quot;:&quot;https:\\\/\\\/lastatic.ams3.cdn.digitaloceanspaces.com\\\/2026\\\/01\\\/shutterstock_2685252749-800x460.jpg&quot;,&quot;2560&quot;:&quot;https:\\\/\\\/lastatic.ams3.cdn.digitaloceanspaces.com\\\/2026\\\/01\\\/shutterstock_2685252749-scaled.jpg&quot;}\" data-focuspoint=\"&quot;&quot;\" data-p=\"2485210\" href=\"https:\/\/www.la.lv\/lielais-2026-gada-horoskops-visam-zodiaka-zimem-kas-gaidams-attiecibas-finansu-joma-un-kada-bus-veseliba\" class=\"content-item lazy-load\" wp_automatic_readability=\"27\" rel=\"nofollow noopener\" target=\"_blank\"><\/p>\n<p>                                <img decoding=\"async\" src=\"\" alt=\"\" style=\"\" data-imageid=\"\"\/><\/p>\n<p>                                Kokteilis<\/p>\n<p>\n                                                Lielais 2026. gada horoskops vis\u0101m zodiaka z\u012bm\u0113m \u2013 kas gaid\u0101ms attiec\u012bb\u0101s, finan\u0161u jom\u0101 un k\u0101da b\u016bs vesel\u012bba?\n                            <\/p>\n<p><\/a><a data-imagesrc=\"{&quot;300&quot;:&quot;https:\\\/\\\/lastatic.ams3.cdn.digitaloceanspaces.com\\\/2022\\\/06\\\/kallasa_Hollie_Adams_AFP_Scanpix_6-300x200.jpg&quot;,&quot;768&quot;:&quot;https:\\\/\\\/lastatic.ams3.cdn.digitaloceanspaces.com\\\/2022\\\/06\\\/kallasa_Hollie_Adams_AFP_Scanpix_6-768x512.jpg&quot;,&quot;200&quot;:&quot;https:\\\/\\\/lastatic.ams3.cdn.digitaloceanspaces.com\\\/2022\\\/06\\\/kallasa_Hollie_Adams_AFP_Scanpix_6-200x133.jpg&quot;,&quot;400&quot;:&quot;https:\\\/\\\/lastatic.ams3.cdn.digitaloceanspaces.com\\\/2022\\\/06\\\/kallasa_Hollie_Adams_AFP_Scanpix_6-400x267.jpg&quot;,&quot;500&quot;:&quot;https:\\\/\\\/lastatic.ams3.cdn.digitaloceanspaces.com\\\/2022\\\/06\\\/kallasa_Hollie_Adams_AFP_Scanpix_6-500x334.jpg&quot;,&quot;800&quot;:&quot;https:\\\/\\\/lastatic.ams3.cdn.digitaloceanspaces.com\\\/2022\\\/06\\\/kallasa_Hollie_Adams_AFP_Scanpix_6-800x534.jpg&quot;,&quot;1000&quot;:&quot;https:\\\/\\\/lastatic.ams3.cdn.digitaloceanspaces.com\\\/2022\\\/06\\\/kallasa_Hollie_Adams_AFP_Scanpix_6.jpg&quot;}\" data-focuspoint=\"&quot;&quot;\" data-p=\"2487129\" href=\"https:\/\/www.la.lv\/uzbrukums-putina-rezidencei-vecgada-vakara-kallasa-komente-savu-versiju-par-notikuso\" class=\"content-item lazy-load\" wp_automatic_readability=\"26\" rel=\"nofollow noopener\" target=\"_blank\"><\/p>\n<p>                                <img decoding=\"async\" src=\"\" alt=\"\" style=\"\" data-imageid=\"\"\/><\/p>\n<p>\n                                                Uzbrukums Putina rezidencei Vecgada vakar\u0101: Kallasa koment\u0113 savu versiju par notiku\u0161o\n                            <\/p>\n<p><\/a><a data-imagesrc=\"{&quot;300&quot;:&quot;https:\\\/\\\/lastatic.ams3.cdn.digitaloceanspaces.com\\\/2024\\\/10\\\/2016-11-09t120000z_329873471_d1beulvkydaa_rtrmadp_3_russia-politics-1-300x223.jpg&quot;,&quot;768&quot;:&quot;https:\\\/\\\/lastatic.ams3.cdn.digitaloceanspaces.com\\\/2024\\\/10\\\/2016-11-09t120000z_329873471_d1beulvkydaa_rtrmadp_3_russia-politics-1-768x571.jpg&quot;,&quot;200&quot;:&quot;https:\\\/\\\/lastatic.ams3.cdn.digitaloceanspaces.com\\\/2024\\\/10\\\/2016-11-09t120000z_329873471_d1beulvkydaa_rtrmadp_3_russia-politics-1-200x149.jpg&quot;,&quot;400&quot;:&quot;https:\\\/\\\/lastatic.ams3.cdn.digitaloceanspaces.com\\\/2024\\\/10\\\/2016-11-09t120000z_329873471_d1beulvkydaa_rtrmadp_3_russia-politics-1-400x298.jpg&quot;,&quot;500&quot;:&quot;https:\\\/\\\/lastatic.ams3.cdn.digitaloceanspaces.com\\\/2024\\\/10\\\/2016-11-09t120000z_329873471_d1beulvkydaa_rtrmadp_3_russia-politics-1-500x372.jpg&quot;,&quot;800&quot;:&quot;https:\\\/\\\/lastatic.ams3.cdn.digitaloceanspaces.com\\\/2024\\\/10\\\/2016-11-09t120000z_329873471_d1beulvkydaa_rtrmadp_3_russia-politics-1-800x595.jpg&quot;,&quot;1000&quot;:&quot;https:\\\/\\\/lastatic.ams3.cdn.digitaloceanspaces.com\\\/2024\\\/10\\\/2016-11-09t120000z_329873471_d1beulvkydaa_rtrmadp_3_russia-politics-1.jpg&quot;}\" data-focuspoint=\"{&quot;x&quot;:&quot;36.06487714219448&quot;,&quot;y&quot;:&quot;30.288710782373172&quot;}\" data-p=\"2487127\" href=\"https:\/\/www.la.lv\/putins-sava-jaungada-uzruna-izsaka-negaiditu-frazi\" class=\"content-item lazy-load\" wp_automatic_readability=\"26\" rel=\"nofollow noopener\" target=\"_blank\"><\/p>\n<p>                                <img decoding=\"async\" src=\"\" alt=\"\" style=\"object-position: 36.06487714219448% 30.288710782373172%\" data-imageid=\"\"\/><\/p>\n<p>\n                                                Putins sav\u0101 Jaungada uzrun\u0101 izsaka negaid\u012btu fr\u0101zi\n                            <\/p>\n<p><\/a><br \/>\n        <a class=\"read-more\" href=\"https:\/\/www.la.lv\/top\" rel=\"nofollow noopener\" target=\"_blank\">Las\u012bt citas zi\u0146as<\/a><\/p>\n<p>K\u0101 a\u0123ent\u016brai LETA nor\u0101d\u012bja Latvijas v\u0113stniece ANO \u0145ujork\u0101 Sanita Pav\u013cuta-Deslandes, pirm\u0101 darba diena ANO DP b\u016bs 2. janv\u0101ris, kad notiks svin\u012bg\u0101 jauno dal\u012bbvalstu karogu pacel\u0161anas ceremonija.<\/p>\n<p>Vi\u0146a skaidroja, ka 1. janv\u0101ris ANO ir br\u012bvdiena un san\u0101ksmes \u0161aj\u0101 dien\u0101 parasti nenotiek. Savuk\u0101rt 2. janv\u0101r\u012b paredz\u0113t\u0101 ceremonija tiks transl\u0113ta tie\u0161raid\u0113 un b\u016bs pieejama ar\u012b videoierakst\u0101, un no \u0161\u012bs dienas Latvijas karogs atrad\u012bsies pie ANO DP z\u0101les kop\u0101 ar p\u0101r\u0113jo 14 dal\u012bbvalstu karogiem.<\/p>\n<p>    CITI \u0160OBR\u012aD LASA<\/p>\n<p>P\u0113c svin\u012bgajiem pas\u0101kumiem s\u0101ksies ikdienas darbs, jo ANO DP akt\u012bvaj\u0101 darba k\u0101rt\u012bb\u0101 ir aptuveni 60 jaut\u0101jumi. Da\u013ca no tiem tiek skat\u012bti regul\u0101ri saska\u0146\u0101 ar iepriek\u0161 noteiktiem mand\u0101tu cikliem, tostarp jaut\u0101jumi par situ\u0101ciju Tuvajos Austrumos, S\u012brij\u0101, Jemen\u0101, Kolumbij\u0101 un Haiti. Papildus regul\u0101raj\u0101m san\u0101ksm\u0113m t\u0101s var sasaukt gan prezident\u016bra, gan jebkura ANO DP dal\u012bbvalsts.<\/p>\n<p>V\u0113stniece nor\u0101d\u012bja, ka Latvija cie\u0161i str\u0101d\u0101s ar saviem partneriem, tostarp Eiropas valst\u012bm \u2013 D\u0101niju un Grie\u0137iju k\u0101 iev\u0113l\u0113taj\u0101m dal\u012bbvalst\u012bm, k\u0101 ar\u012b Franciju un Lielbrit\u0101niju un galveno sabiedroto ASV. Vi\u0146a uzsv\u0113ra, ka viena no galvenaj\u0101m Latvijas priorit\u0101t\u0113m ANO DP b\u016bs atbalsts Ukrainai, un Latvija kop\u0101 ar l\u012bdz\u012bgi dom\u0101jo\u0161aj\u0101m valst\u012bm pras\u012bs san\u0101ksmes par Ukrainu, k\u0101 tas bijis ar\u012b kop\u0161 Krievijas pilna m\u0113roga kara s\u0101kuma.<\/p>\n<p>Par Ukrainu Latvija pl\u0101no run\u0101t ne tikai \u012bpa\u0161i \u0161ai t\u0113mai velt\u012btaj\u0101s san\u0101ksm\u0113s, bet ar\u012b tematiskaj\u0101s san\u0101ksm\u0113s, piem\u0113ram, par starptautiskaj\u0101m ties\u012bb\u0101m, b\u0113rniem bru\u0146otajos konfliktos, sievie\u0161u jaut\u0101jumiem un civiliedz\u012bvot\u0101ju aizsardz\u012bbu. Pav\u013cuta-Deslandes akcent\u0113ja, ka febru\u0101r\u012b \u012bpa\u0161a uzman\u012bba tiks piev\u0113rsta Ukrainai, jo 24. febru\u0101r\u012b aprit\u0113s Krievijas pilna m\u0113roga agresijas gadadiena, kad tradicion\u0101li notiek vair\u0101kas \u012bpa\u0161as ANO DP san\u0101ksmes.<\/p>\n<p>V\u0113stniece kl\u0101st\u012bja, ka noz\u012bm\u012bga da\u013ca darba notiek ar\u012b aiz sl\u0113gt\u0101m durv\u012bm \u2013 konsult\u0101ciju form\u0101t\u0101 un ekspertu l\u012bmen\u012b, kur tiek sagatavoti l\u0113mumi, rezol\u016bciju un mand\u0101tu projekti. Vi\u0146aspr\u0101t, dal\u012bba ANO DP Latvijai sniedz pla\u0161\u0101ku platformu un liel\u0101ku redzam\u012bbu, \u013caujot akt\u012bv\u0101k skaidrot savu nost\u0101ju gan ANO DP, gan \u0101rpus padomes, tostarp neform\u0101l\u0101s san\u0101ksm\u0113s un br\u012bfingos.<\/p>\n<p>Pav\u013cuta-Deslandes uzsv\u0113ra, ka Latvijas darbs ANO DP b\u016bs cie\u0161i saska\u0146ots ar Ukrainas p\u0101rst\u0101vjiem un sabiedrotajiem, \u0146emot v\u0113r\u0101 ar\u012b to, k\u0101 att\u012bst\u012bsies starptautisk\u0101s sarunas par kara izbeig\u0161anu. Vi\u0146a atzina, ka darbs b\u016bs sare\u017e\u0123\u012bts un intens\u012bvs, ta\u010du Latvija tam ir labi sagatavojusies.<\/p>\n<p>K\u0101 a\u0123ent\u016bru LETA inform\u0113ja \u0100rlietu ministrij\u0101 (\u0100M), Latvijas dal\u012bba ANO DP ir vistie\u0161\u0101kais ieguld\u012bjums valsts dro\u0161\u012bbas un suverenit\u0101tes stiprin\u0101\u0161an\u0101, jo DP pie\u0146em vis\u0101m ANO dal\u012bbvalst\u012bm juridiski saisto\u0161us l\u0113mumus.<\/p>\n<p>Iecer\u0113ts, ka Latvija darbu ANO DP izmantos, lai veicin\u0101tu taisn\u012bgu un ilgtsp\u0113j\u012bgu mieru Ukrain\u0101, Tuvajos Austrumos un citos konfliktu re\u0123ionos, stiprin\u0101tu glob\u0101lo dro\u0161\u012bbu, aizsarg\u0101tu starptautiskos noteikumos balst\u012btu k\u0101rt\u012bbu atbilsto\u0161i ANO Stat\u016btiem un pilnveidotu DP darbu.<\/p>\n<p>K\u0101 priorit\u0101tes darbam ANO DP Latvija izvirz\u012bjusi noteikumos balst\u012btas starptautisk\u0101s k\u0101rt\u012bbas aizsardz\u012bbu, tostarp taisn\u012bga un ilgsto\u0161a miera pan\u0101k\u0161anu Ukrain\u0101, Krievijas noziegumu izgaismo\u0161anu un atbild\u012bbas pan\u0101k\u0161anu, dzimumu l\u012bdzties\u012bbas veicin\u0101\u0161anu un seksu\u0101las vardarb\u012bbas nov\u0113r\u0161anu bru\u0146otos konfliktos, k\u0101 ar\u012b risin\u0101jumus aktu\u0101liem dro\u0161\u012bbas izaicin\u0101jumiem, tostarp hibr\u012bddraudiem, kiberuzbrukumiem un ar m\u0101ksl\u012bgo intelektu saist\u012btiem riskiem.<\/p>\n<p>\u0160ogad Latvija ANO DP str\u0101d\u0101s kop\u0101 ar piec\u0101m past\u0101v\u012bgaj\u0101m dal\u012bbvalst\u012bm \u2013 ASV, Lielbrit\u0101niju, \u0136\u012bnu, Franciju un Krieviju \u2013 un devi\u0146\u0101m v\u0113l\u0113taj\u0101m dal\u012bbvalst\u012bm. Novembr\u012b Latvija b\u016bs ANO DP prezid\u0113jo\u0161\u0101 valsts, bet darbu DP nosl\u0113gs 2027. gada 31. decembr\u012b.<\/p>\n<p>Jau rakst\u012bts, ka Latvija pag\u0101ju\u0161\u0101 gada 3. j\u016bnij\u0101 ar 178 bals\u012bm uz diviem gadiem \u2013 2026. un 2027. gadu \u2013 iev\u0113l\u0113ta ANO DP. Lai Latvija k\u013c\u016btu par padomes nepast\u0101v\u012bgo locekli, bija j\u0101ieg\u016bst divu tre\u0161da\u013cu ANO dal\u012bbvalstu atbalsts.<\/p>\n<p>Latvija kandid\u0113ja uz iev\u0113l\u0113t\u0101 locek\u013ca vietu ANO DP un palika vien\u012bg\u0101 kandid\u0101te no Austrumeiropas grupas. L\u012bdz 2025. gada 31. janv\u0101rim Latvija bija s\u0101ncens\u012bb\u0101 ar Melnkalni, ta\u010du Melnkalne nol\u0113ma atsaukt savu kandidat\u016bru.<\/p>\n<p>    SAIST\u012aTIE RAKSTI<\/p>\n","protected":false},"excerpt":{"rendered":"Latvijas Rebublikas karogs. Foto: Evija Trifanova Latvija no \u0161odienas l\u012bdz 2027. gada 31. decembrim str\u0101d\u0101s ANO Dro\u0161\u012bbas padom\u0113&hellip;\n","protected":false},"author":2,"featured_media":91443,"comment_status":"","ping_status":"","sticky":false,"template":"","format":"standard","meta":{"footnotes":""},"categories":[14],"tags":[23,57,28,29,32,33,22,30,31,35,39,38,36,37,34,40,20,26,27,24,25,54,55,56,21,58],"class_list":{"0":"post-91442","1":"post","2":"type-post","3":"status-publish","4":"format-standard","5":"has-post-thumbnail","7":"category-zinas-no-arvalstim","8":"tag-aktualitates","9":"tag-arvalstim","10":"tag-breaking-news","11":"tag-breakingnews","12":"tag-featured-news","13":"tag-featurednews","14":"tag-headlines","15":"tag-latest-news","16":"tag-latestnews","17":"tag-latvia","18":"tag-latvian","19":"tag-latviesu","20":"tag-latviesu-valoda","21":"tag-latviesuvaloda","22":"tag-latvija","23":"tag-lv","24":"tag-news","25":"tag-popularakas-zinas","26":"tag-popularakaszinas","27":"tag-top-stories","28":"tag-topstories","29":"tag-world","30":"tag-world-news","31":"tag-worldnews","32":"tag-zinas","33":"tag-zinas-no-arvalstim"},"share_on_mastodon":{"url":"https:\/\/pubeurope.com\/@lv\/115818753504803860","error":""},"_links":{"self":[{"href":"https:\/\/www.europesays.com\/lv\/wp-json\/wp\/v2\/posts\/91442","targetHints":{"allow":["GET"]}}],"collection":[{"href":"https:\/\/www.europesays.com\/lv\/wp-json\/wp\/v2\/posts"}],"about":[{"href":"https:\/\/www.europesays.com\/lv\/wp-json\/wp\/v2\/types\/post"}],"author":[{"embeddable":true,"href":"https:\/\/www.europesays.com\/lv\/wp-json\/wp\/v2\/users\/2"}],"replies":[{"embeddable":true,"href":"https:\/\/www.europesays.com\/lv\/wp-json\/wp\/v2\/comments?post=91442"}],"version-history":[{"count":0,"href":"https:\/\/www.europesays.com\/lv\/wp-json\/wp\/v2\/posts\/91442\/revisions"}],"wp:featuredmedia":[{"embeddable":true,"href":"https:\/\/www.europesays.com\/lv\/wp-json\/wp\/v2\/media\/91443"}],"wp:attachment":[{"href":"https:\/\/www.europesays.com\/lv\/wp-json\/wp\/v2\/media?parent=91442"}],"wp:term":[{"taxonomy":"category","embeddable":true,"href":"https:\/\/www.europesays.com\/lv\/wp-json\/wp\/v2\/categories?post=91442"},{"taxonomy":"post_tag","embeddable":true,"href":"https:\/\/www.europesays.com\/lv\/wp-json\/wp\/v2\/tags?post=91442"}],"curies":[{"name":"wp","href":"https:\/\/api.w.org\/{rel}","templated":true}]}}