{"id":91444,"date":"2026-01-01T07:51:07","date_gmt":"2026-01-01T07:51:07","guid":{"rendered":"https:\/\/www.europesays.com\/lv\/91444\/"},"modified":"2026-01-01T07:51:07","modified_gmt":"2026-01-01T07:51:07","slug":"foto-riga-tukstosiem-cilveku-ar-verienu-sagaida-jauno-gadu-jauns-lv","status":"publish","type":"post","link":"https:\/\/www.europesays.com\/lv\/91444\/","title":{"rendered":"FOTO. R\u012bg\u0101 t\u016bksto\u0161iem cilv\u0113ku ar v\u0113rienu sagaida Jauno gadu &#8211; Jauns.lv"},"content":{"rendered":"<ol>\n<li><a href=\"https:\/\/news.google.com\/rss\/articles\/CBMimwFBVV95cUxPMWxRUldCSlhveFpXMTg0NVJ5S0YxeU0wQWVBcUlWVC1TQkw4TTBiMmJoenFHQzA1cmFScF9DRC10eWllRUZYSEhOQ1VJUXpYcEM2MmUtMGpiTVljbEFkbkxzazNhZ2NIRDZOemJZanJUWDV2R2NMbERnUS03Z3Y3aTZFZ2lpZmpEdElkU0pLRXBBYTNjWGtJamZSRQ?oc=5\" target=\"_blank\" rel=\"nofollow noopener\">FOTO. R\u012bg\u0101 t\u016bksto\u0161iem cilv\u0113ku ar v\u0113rienu sagaida Jauno gadu<\/a>&nbsp;&nbsp;Jauns.lv<\/li>\n<li><a href=\"https:\/\/news.google.com\/rss\/articles\/CBMioAFBVV95cUxNSnhldmNqUC1NR05EV25zZk5QckpuSkFuTGtBSG9oMTlfdVpSWmRrOXdGR05oWnBCNHZnbDE3cGpqZmQycHhJeXVrRHNQUE9xX0Z0SThaTXNSYlF6Yi1rc0ZwWC1yZXc2dW42ZURSVGFxT0R4VU90RVhIc0JTV1V4UkhCUFRIUU9LN0JyU3J5RWZsN1lUcFlYc3ZFR204emZC?oc=5\" target=\"_blank\" rel=\"nofollow noopener\">Foto: Kr\u0101\u0161\u0146i un priec\u012bgi R\u012bgas sird\u012b sagaid\u012bts 2026. gads<\/a>&nbsp;&nbsp;Delfi<\/li>\n<li><a href=\"https:\/\/news.google.com\/rss\/articles\/CBMiwAFBVV95cUxOWGQ4YW1CLWVma1YxQjNXQlVwdmhYQXJpbHR2V3h1NjdsR25FTnRqcnZyN3N5LVJTSGdvczlQdkFoUkNjdGxEY0YxUDI3Szl4emVlSzI5TXQxMjFTazJlMGRIZTNHYWZNdERGN1duR29NUHQ2dnN5eFhSZTRvNXctcmgxX0hUSHllcTZHd0FuMnZLZGMxOGtiQVZNZV9Ua3lqVXFGN3lFeUVlU0xOTWxrZDlhOThjQkNnVUdhdDZGb1Y?oc=5\" target=\"_blank\" rel=\"nofollow noopener\">Kur sagaid\u012bt Jaungadu \u0101rpus m\u0101jas? Devi\u0146as pils\u0113tas, kur lustes notiks bez maksas<\/a>&nbsp;&nbsp;Santa.lv<\/li>\n<li><a href=\"https:\/\/news.google.com\/rss\/articles\/CBMid0FVX3lxTE9rNzUzalpTcmdjZkpzZG9Xb2RwSWpKeUFKR1BPNkpIQkE3NVlfbHVsSlJPZE55Z3RhN0ZxYVRNRXZkNzRSb3hqMnFTVS1ZWlAxbWhtZElVYnVvSkJZTjR3UldZY3ctNWNkUkR0dG1GNndLOUhacWlB?oc=5\" target=\"_blank\" rel=\"nofollow noopener\">R\u012bg\u0101 Jaungadu sagaid\u012bs se\u0161os laukumos<\/a>&nbsp;&nbsp;Sejas.lv<\/li>\n<li><a href=\"https:\/\/news.google.com\/rss\/articles\/CBMimgFBVV95cUxNMm5ZRnkzaWpqdHY2OUFnZFFvTXJ4NHNoWm5uMzNSNnR5UkVLam90bm5TVGRKU3R2WTZ4TmFUM0lrSmtoa1hTR2p2c2JwTmo3TjdqbXI4RlJHcXNEU0RpLXNNVTdPVXowbHhmLXc4MnFHTUtFLXQ4LWlwRlJFcHpicXphRVJldElfekswUmNZcHRTa3gwYjZ4SXdB?oc=5\" target=\"_blank\" rel=\"nofollow noopener\">R\u012aGA ATBILD \u27e9 &#8220;10, jo esmu dz\u012bvs&#8221;. K\u0101ds \u0161is gads ir bijis r\u012bdziniekiem?<\/a>&nbsp;&nbsp;Apollo.lv<\/li>\n<\/ol>\n","protected":false},"excerpt":{"rendered":"FOTO. R\u012bg\u0101 t\u016bksto\u0161iem cilv\u0113ku ar v\u0113rienu sagaida Jauno gadu&nbsp;&nbsp;Jauns.lv Foto: Kr\u0101\u0161\u0146i un priec\u012bgi R\u012bgas sird\u012b sagaid\u012bts 2026. gads&nbsp;&nbsp;Delfi&hellip;\n","protected":false},"author":2,"featured_media":91445,"comment_status":"","ping_status":"","sticky":false,"template":"","format":"standard","meta":{"footnotes":""},"categories":[12],"tags":[23,28,29,32,33,22,30,31,35,39,38,36,37,34,40,20,26,27,24,25,21],"class_list":{"0":"post-91444","1":"post","2":"type-post","3":"status-publish","4":"format-standard","5":"has-post-thumbnail","7":"category-latvija","8":"tag-aktualitates","9":"tag-breaking-news","10":"tag-breakingnews","11":"tag-featured-news","12":"tag-featurednews","13":"tag-headlines","14":"tag-latest-news","15":"tag-latestnews","16":"tag-latvia","17":"tag-latvian","18":"tag-latviesu","19":"tag-latviesu-valoda","20":"tag-latviesuvaloda","21":"tag-latvija","22":"tag-lv","23":"tag-news","24":"tag-popularakas-zinas","25":"tag-popularakaszinas","26":"tag-top-stories","27":"tag-topstories","28":"tag-zinas"},"share_on_mastodon":{"url":"https:\/\/pubeurope.com\/@lv\/115818757056620583","error":""},"_links":{"self":[{"href":"https:\/\/www.europesays.com\/lv\/wp-json\/wp\/v2\/posts\/91444","targetHints":{"allow":["GET"]}}],"collection":[{"href":"https:\/\/www.europesays.com\/lv\/wp-json\/wp\/v2\/posts"}],"about":[{"href":"https:\/\/www.europesays.com\/lv\/wp-json\/wp\/v2\/types\/post"}],"author":[{"embeddable":true,"href":"https:\/\/www.europesays.com\/lv\/wp-json\/wp\/v2\/users\/2"}],"replies":[{"embeddable":true,"href":"https:\/\/www.europesays.com\/lv\/wp-json\/wp\/v2\/comments?post=91444"}],"version-history":[{"count":0,"href":"https:\/\/www.europesays.com\/lv\/wp-json\/wp\/v2\/posts\/91444\/revisions"}],"wp:featuredmedia":[{"embeddable":true,"href":"https:\/\/www.europesays.com\/lv\/wp-json\/wp\/v2\/media\/91445"}],"wp:attachment":[{"href":"https:\/\/www.europesays.com\/lv\/wp-json\/wp\/v2\/media?parent=91444"}],"wp:term":[{"taxonomy":"category","embeddable":true,"href":"https:\/\/www.europesays.com\/lv\/wp-json\/wp\/v2\/categories?post=91444"},{"taxonomy":"post_tag","embeddable":true,"href":"https:\/\/www.europesays.com\/lv\/wp-json\/wp\/v2\/tags?post=91444"}],"curies":[{"name":"wp","href":"https:\/\/api.w.org\/{rel}","templated":true}]}}