{"id":91462,"date":"2026-01-01T08:08:07","date_gmt":"2026-01-01T08:08:07","guid":{"rendered":"https:\/\/www.europesays.com\/lv\/91462\/"},"modified":"2026-01-01T08:08:07","modified_gmt":"2026-01-01T08:08:07","slug":"polijas-premjerministrs-ukrainas-kars-varetu-beigties-pavisam-driz","status":"publish","type":"post","link":"https:\/\/www.europesays.com\/lv\/91462\/","title":{"rendered":"Polijas premjerministrs: Ukrainas kar\u0161 var\u0113tu beigties pavisam dr\u012bz"},"content":{"rendered":"<p class=\"descr\">Polijas premjerministrs Donalds Tusks p\u0113c sarun\u0101m ar citiem Eiropas l\u012bderiem, Kan\u0101du un NATO pazi\u0146oja, ka kar\u0161 Ukrain\u0101 var\u0113tu beigties jau da\u017eu tuv\u0101ko ned\u0113\u013cu laik\u0101, raksta \u201cReuters\u201d.<\/p>\n<p>Vi\u0146\u0161 pazi\u0146oja, ka ir da\u017ei notikumi, kas dod pamatu cer\u012bbai, ka kar\u0161 var\u0113tu beigties &#8211; turkl\u0101t diezgan \u0101tri. Tom\u0113r Tusks uzsv\u0113ra, ka tas ir &#8220;t\u0101lu no 100% p\u0101rliec\u012bbas&#8221;.<\/p>\n<p>&#8220;Kad es saku, ka miers ir pie apv\u0101r\u0161\u0146a, es run\u0101ju par turpm\u0101kaj\u0101m ned\u0113\u013c\u0101m, nevis turpm\u0101kajiem m\u0113ne\u0161iem vai gadiem. L\u012bdz janv\u0101rim mums visiem b\u016bs j\u0101apvienojas, lai pie\u0146emtu l\u0113mumus par Ukrainas n\u0101kotni, par \u0161\u012bs pasaules da\u013cas n\u0101kotni,&#8221; vi\u0146\u0161 teica.<\/p>\n<p>P\u0113c vi\u0146a teikt\u0101, <a href=\"https:\/\/nra.lv\/pasaule\/510268-ukrainas-un-asv-vienosanas-zelenskis-skaidro-trampa-solijumus.htm\" data-item-link=\"true\" data-item-id=\"510268\" rel=\"nofollow noopener\" target=\"_blank\">ASV sniegt\u0101s dro\u0161\u012bbas garantijas Ukrainai<\/a> dod pamatu cer\u0113t uz \u0101tru konflikta izbeig\u0161anu, lai gan Kijivai b\u016bs j\u0101pan\u0101k kompromiss teritori\u0101lajos jaut\u0101jumos.<\/p>\n<p>Atg\u0101din\u0101m ka iepriek\u0161 Ukrainas prezidents Volodimirs Zelenskis pazi\u0146oja, ka kar\u0161 Ukrain\u0101 var\u0113tu beigties 2026. gad\u0101 &#8211; pret\u0113j\u0101 gad\u012bjum\u0101 Krievijas vad\u012bt\u0101jam Vladimiram Putinam b\u016btu j\u0101izsludina mobiliz\u0101cija.<\/p>\n<p>Atbildot uz jaut\u0101jumu par Donbasa n\u0101kotni, Zelenskis sac\u012bja, ka patiess kompromiss var\u0113tu b\u016bt br\u012bv\u0101s ekonomisk\u0101s zonas izveide ar \u012bpa\u0161iem noteikumiem, tom\u0113r l\u0113mums j\u0101pie\u0146em Ukrainas tautai referendum\u0101.<\/p>\n<p>\t\t\t\t\t\tinfo<\/p>\n<p>Uzzini pirmais<br \/>kas interesants noticis Latvij\u0101 un pasaul\u0113,<br \/>pievienojoties mums <a href=\"https:\/\/t.me\/neatkariga\" rel=\"nofollow\">Telegram<\/a> vai <a href=\"https:\/\/whatsapp.com\/channel\/0029VaMLFUH5K3zLU5s4wm3y\" rel=\"nofollow noopener\" target=\"_blank\">Whatsapp<\/a> kan\u0101l\u0101<\/p>\n","protected":false},"excerpt":{"rendered":"Polijas premjerministrs Donalds Tusks p\u0113c sarun\u0101m ar citiem Eiropas l\u012bderiem, Kan\u0101du un NATO pazi\u0146oja, ka kar\u0161 Ukrain\u0101 var\u0113tu&hellip;\n","protected":false},"author":2,"featured_media":91463,"comment_status":"","ping_status":"","sticky":false,"template":"","format":"standard","meta":{"footnotes":""},"categories":[14],"tags":[23,57,28,29,32,33,22,30,31,35,39,38,36,37,34,40,20,26,27,24,25,54,55,56,21,58],"class_list":{"0":"post-91462","1":"post","2":"type-post","3":"status-publish","4":"format-standard","5":"has-post-thumbnail","7":"category-zinas-no-arvalstim","8":"tag-aktualitates","9":"tag-arvalstim","10":"tag-breaking-news","11":"tag-breakingnews","12":"tag-featured-news","13":"tag-featurednews","14":"tag-headlines","15":"tag-latest-news","16":"tag-latestnews","17":"tag-latvia","18":"tag-latvian","19":"tag-latviesu","20":"tag-latviesu-valoda","21":"tag-latviesuvaloda","22":"tag-latvija","23":"tag-lv","24":"tag-news","25":"tag-popularakas-zinas","26":"tag-popularakaszinas","27":"tag-top-stories","28":"tag-topstories","29":"tag-world","30":"tag-world-news","31":"tag-worldnews","32":"tag-zinas","33":"tag-zinas-no-arvalstim"},"share_on_mastodon":{"url":"https:\/\/pubeurope.com\/@lv\/115818824049985471","error":""},"_links":{"self":[{"href":"https:\/\/www.europesays.com\/lv\/wp-json\/wp\/v2\/posts\/91462","targetHints":{"allow":["GET"]}}],"collection":[{"href":"https:\/\/www.europesays.com\/lv\/wp-json\/wp\/v2\/posts"}],"about":[{"href":"https:\/\/www.europesays.com\/lv\/wp-json\/wp\/v2\/types\/post"}],"author":[{"embeddable":true,"href":"https:\/\/www.europesays.com\/lv\/wp-json\/wp\/v2\/users\/2"}],"replies":[{"embeddable":true,"href":"https:\/\/www.europesays.com\/lv\/wp-json\/wp\/v2\/comments?post=91462"}],"version-history":[{"count":0,"href":"https:\/\/www.europesays.com\/lv\/wp-json\/wp\/v2\/posts\/91462\/revisions"}],"wp:featuredmedia":[{"embeddable":true,"href":"https:\/\/www.europesays.com\/lv\/wp-json\/wp\/v2\/media\/91463"}],"wp:attachment":[{"href":"https:\/\/www.europesays.com\/lv\/wp-json\/wp\/v2\/media?parent=91462"}],"wp:term":[{"taxonomy":"category","embeddable":true,"href":"https:\/\/www.europesays.com\/lv\/wp-json\/wp\/v2\/categories?post=91462"},{"taxonomy":"post_tag","embeddable":true,"href":"https:\/\/www.europesays.com\/lv\/wp-json\/wp\/v2\/tags?post=91462"}],"curies":[{"name":"wp","href":"https:\/\/api.w.org\/{rel}","templated":true}]}}