{"id":91467,"date":"2026-01-01T08:13:02","date_gmt":"2026-01-01T08:13:02","guid":{"rendered":"https:\/\/www.europesays.com\/lv\/91467\/"},"modified":"2026-01-01T08:13:02","modified_gmt":"2026-01-01T08:13:02","slug":"hyundai-atsakas-no-iespejas-atpirkt-rupnicu-krievija-un-tuvakajos-gados-tur-neatgriezisies","status":"publish","type":"post","link":"https:\/\/www.europesays.com\/lv\/91467\/","title":{"rendered":"\u201cHyundai\u201d atsak\u0101s no iesp\u0113jas atpirkt r\u016bpn\u012bcu Krievij\u0101 un tuv\u0101kajos gados tur neatgriez\u012bsies"},"content":{"rendered":"<p>Korejie\u0161u autora\u017eot\u0101js Hyundai nepl\u0101no izmantot savu iesp\u0113ju atpirkt savu k\u0101dreiz\u0113jo r\u016bpn\u012bcu Krievij\u0101, kas noz\u012bm\u0113, ka vismaz p\u0101rskat\u0101m\u0101 n\u0101kotn\u0113 autora\u017eot\u0101js okupantu valsts tirg\u016b neatgriez\u012bsies, v\u0113sta zi\u0146u a\u0123ent\u016bra\u00a0Reuters.\n<\/p>\n<p>Savu r\u016bpn\u012bcu autora\u017eot\u0101js p\u0101rdeva 2024. gad\u0101 par simbolisku summu \u2013 aptuveni 100 ASV dol\u0101riem, savuk\u0101rt gr\u0101matved\u012bbas bilanc\u0113s Hyundai tamd\u0113\u013c cieta 200 miljonu dol\u0101ru zaud\u0113jumus. L\u012bgum\u0101 bija punkts, kas Hyundai deva divus gadus, lai r\u016bpn\u012bcu atpirktu, tom\u0113r noprotams, ka koncerns to negras\u0101s dar\u012bt.\n<\/p>\n<p>Autora\u017eot\u0101ja r\u016bpn\u012bca atrad\u0101s Sanktp\u0113terburg\u0101, tur ra\u017eojot gan Hyundai, gan radniec\u012bgos KIA mode\u013cus. Ik gadu tur var\u0113ja sara\u017eot ap 200 t\u016bksto\u0161iem auto, bet Hyundai\/KIA krievu tirg\u016b bija nostiprin\u0101jies starp vado\u0161ajiem autora\u017eot\u0101jiem.\n<\/p>\n<p>Turpinoties krievu uzs\u0101ktajam karam Ukrain\u0101m un sankcij\u0101m, kas piem\u0113rotas pret Maskavu, bizness Krievij\u0101 ir diezgan sare\u017e\u0123\u012bts, turkl\u0101t ra\u017eot\u0101jiem j\u0101dom\u0101 ar\u012b par publisko t\u0113lu \u2013 tur atgriezties pa\u0161reiz\u0113jos apst\u0101k\u013cos neb\u016btu labi ne no PR viedok\u013ca, ne ar\u012b no biznesa perspekt\u012bv\u0101m.\n<\/p>\n<p>S\u0101koties karam 2022. gad\u0101, daudzi autora\u017eot\u0101ji atst\u0101ja Krievijas tirgu, ta\u010du l\u012bgumos tika paredz\u0113tas iesp\u0113jas atpirkt k\u0101dreiz\u0113j\u0101s r\u016bpn\u012bcas. Pamaz\u0101m iztek \u0161o atpirkuma iesp\u0113ju termi\u0146i, l\u012bdz ar to da\u013ca komp\u0101niju vismaz k\u0101 ra\u017eot\u0101ji Krievij\u0101 p\u0101rskat\u0101m\u0101 n\u0101kotn\u0113 neatgriez\u012bsies, tiesa, iesp\u0113jams tirgot ma\u0161\u012bnas, kas sara\u017eotas citur.<\/p>\n","protected":false},"excerpt":{"rendered":"Korejie\u0161u autora\u017eot\u0101js Hyundai nepl\u0101no izmantot savu iesp\u0113ju atpirkt savu k\u0101dreiz\u0113jo r\u016bpn\u012bcu Krievij\u0101, kas noz\u012bm\u0113, ka vismaz p\u0101rskat\u0101m\u0101 n\u0101kotn\u0113&hellip;\n","protected":false},"author":2,"featured_media":91468,"comment_status":"","ping_status":"","sticky":false,"template":"","format":"standard","meta":{"footnotes":""},"categories":[16],"tags":[77,76,35,39,38,36,37,34,40],"class_list":{"0":"post-91467","1":"post","2":"type-post","3":"status-publish","4":"format-standard","5":"has-post-thumbnail","7":"category-bizness","8":"tag-bizness","9":"tag-business","10":"tag-latvia","11":"tag-latvian","12":"tag-latviesu","13":"tag-latviesu-valoda","14":"tag-latviesuvaloda","15":"tag-latvija","16":"tag-lv"},"share_on_mastodon":{"url":"https:\/\/pubeurope.com\/@lv\/115818843757547213","error":""},"_links":{"self":[{"href":"https:\/\/www.europesays.com\/lv\/wp-json\/wp\/v2\/posts\/91467","targetHints":{"allow":["GET"]}}],"collection":[{"href":"https:\/\/www.europesays.com\/lv\/wp-json\/wp\/v2\/posts"}],"about":[{"href":"https:\/\/www.europesays.com\/lv\/wp-json\/wp\/v2\/types\/post"}],"author":[{"embeddable":true,"href":"https:\/\/www.europesays.com\/lv\/wp-json\/wp\/v2\/users\/2"}],"replies":[{"embeddable":true,"href":"https:\/\/www.europesays.com\/lv\/wp-json\/wp\/v2\/comments?post=91467"}],"version-history":[{"count":0,"href":"https:\/\/www.europesays.com\/lv\/wp-json\/wp\/v2\/posts\/91467\/revisions"}],"wp:featuredmedia":[{"embeddable":true,"href":"https:\/\/www.europesays.com\/lv\/wp-json\/wp\/v2\/media\/91468"}],"wp:attachment":[{"href":"https:\/\/www.europesays.com\/lv\/wp-json\/wp\/v2\/media?parent=91467"}],"wp:term":[{"taxonomy":"category","embeddable":true,"href":"https:\/\/www.europesays.com\/lv\/wp-json\/wp\/v2\/categories?post=91467"},{"taxonomy":"post_tag","embeddable":true,"href":"https:\/\/www.europesays.com\/lv\/wp-json\/wp\/v2\/tags?post=91467"}],"curies":[{"name":"wp","href":"https:\/\/api.w.org\/{rel}","templated":true}]}}