{"id":91469,"date":"2026-01-01T08:14:07","date_gmt":"2026-01-01T08:14:07","guid":{"rendered":"https:\/\/www.europesays.com\/lv\/91469\/"},"modified":"2026-01-01T08:14:07","modified_gmt":"2026-01-01T08:14:07","slug":"kapec-lidojumi-uz-lielbritaniju-klus-dargaki-2026-gada","status":"publish","type":"post","link":"https:\/\/www.europesays.com\/lv\/91469\/","title":{"rendered":"K\u0101p\u0113c lidojumi uz Lielbrit\u0101niju k\u013c\u016bs d\u0101rg\u0101ki 2026. gad\u0101?"},"content":{"rendered":"<p class=\"descr\">\u0145emot v\u0113r\u0101 prognozes par pieaugo\u0161aj\u0101m ce\u013co\u0161anas izmaks\u0101m, aviopasa\u017eieri tiek br\u012bdin\u0101ti ar\u012b par iesp\u0113jamu cenu pieaugumu lidojumiem uz un no Apvienot\u0101s Karalistes, raksta \u201cThe Guardian\u201d.<\/p>\n<p>Re\u0123ion\u0101laj\u0101m lidost\u0101m vis\u0101 valst\u012b 2026. gad\u0101 draud &#8220;nepieredz\u0113ts&#8221; \u012bpa\u0161uma nodok\u013ca pieaugums &#8211; jauni \u012bpa\u0161uma nodok\u013ci lidost\u0101m noved\u012bs pie augst\u0101k\u0101m aviobi\u013ce\u0161u cen\u0101m.<\/p>\n<p>Vald\u012bbas datu anal\u012bze ir atkl\u0101jusi, ka re\u0123ion\u0101laj\u0101m lidost\u0101m b\u016bs strauj\u0101kais komerc\u012bpa\u0161uma nodok\u013ca pieaugums no vis\u0101m nozar\u0113m Apvienotaj\u0101 Karalist\u0113, jo tiks p\u0101rskat\u012bti \u012bpa\u0161uma nov\u0113rt\u0113jumi, kas ir \u0161o nodok\u013cu pamat\u0101.<\/p>\n<p>Glob\u0101l\u0101 nodok\u013cu uz\u0146\u0113muma \u201cRyan\u201d apr\u0113\u0137ini, kas balst\u012bti uz \u012apa\u0161uma nov\u0113rt\u0113\u0161anas a\u0123ent\u016bras datiem, liecina, ka da\u017eos gad\u012bjumos \u012bpa\u0161umu nov\u0113rt\u0113t\u0101 v\u0113rt\u012bba p\u0113d\u0113j\u0101s p\u0101rv\u0113rt\u0113\u0161anas laik\u0101 palielin\u0101jusies vair\u0101k nek\u0101 se\u0161as reizes, k\u0101 rezult\u0101t\u0101 strauji palielin\u0101ju\u0161ies nodok\u013ci.<\/p>\n<p>T\u0101d\u0113j\u0101di liel\u0101kajai da\u013cai Apvienot\u0101s Karalistes lidostu n\u0101kamo tr\u012bs gadu laik\u0101 nodok\u013cu maks\u0101jumi vair\u0101k nek\u0101 divk\u0101r\u0161osies.<\/p>\n<p>Da\u017ei no iev\u0113rojam\u0101kajiem nodok\u013cu pieaugumiem ir gaid\u0101mi Man\u010destras, Bristoles, Birmingemas, \u0145\u016bk\u0101slas, Liverp\u016bles, \u012astmidlendas un Bornmutas lidost\u0101s. Tikm\u0113r Londonas lidost\u0101m pieaugums b\u016bs maz\u0101k noz\u012bm\u012bgs, jo t\u0101m jau ir augsti \u012bpa\u0161uma nodok\u013ci.<\/p>\n<p>&#8220;Ar nepieredz\u0113tu 295% pieaugumu vis\u0101 nozar\u0113 re\u0123ion\u0101l\u0101s lidostas vienk\u0101r\u0161i nesp\u0113s iztur\u0113t tik milz\u012bgu izmaksu \u0161oku. \u0160is pieaugums neizb\u0113gami ietekm\u0113s visu sist\u0113mu &#8211; vispirms lidostu nodevas, tad aviokomp\u0101niju izmaksas un galu gal\u0101 ar\u012b <a href=\"https:\/\/nra.lv\/pasaule\/503440-aviacijas-izmaksu-pieaugums-eiropa-ka-tas-ietekmes-lidojumu-cenas.htm\" data-item-link=\"true\" data-item-id=\"503440\" rel=\"nofollow noopener\" target=\"_blank\">bi\u013ce\u0161u cenas<\/a>,&#8221; sac\u012bja Alekss Probins, \u201cRyan\u201d \u012bpa\u0161uma nodok\u013cu vad\u012bt\u0101js Eirop\u0101 un \u0100zijas un Klus\u0101 oke\u0101na re\u0123ion\u0101.<\/p>\n<p>Savuk\u0101rt lidostu operatori nor\u0101d\u012bja, ka nodok\u013cu palielin\u0101\u0161ana var\u0113tu ar\u012b attur\u0113t invest\u012bcijas \u0161aj\u0101 nozar\u0113.<\/p>\n<p>&#8220;Lidostas jau t\u0101 bija vienas no liel\u0101kaj\u0101m nodok\u013cu maks\u0101t\u0101j\u0101m valst\u012b un bija gatavas maks\u0101t iev\u0113rojami vair\u0101k. Tom\u0113r pieaugums par vair\u0101k nek\u0101 100% noz\u012bm\u0113, ka mums ir j\u0101p\u0101rskata m\u016bsu pl\u0101ni n\u0101kamo piecu gadu laik\u0101 ieguld\u012bt vair\u0101k nek\u0101 divus miljardus m\u0101rci\u0146u m\u016bsu lidost\u0101s vis\u0101 Apvienotaj\u0101 Karalist\u0113. Ir neizb\u0113gami, ka gaisa satiksme k\u013c\u016bs d\u0101rg\u0101ka, jo nozare sedz \u0161\u012bs izmaksas,&#8221; atz\u012bm\u0113ja Man\u010destras lidostu grupas p\u0101rst\u0101vis.<\/p>\n<p>\t\t\t\t\t\tinfo<\/p>\n<p>Uzzini pirmais<br \/>kas interesants noticis Latvij\u0101 un pasaul\u0113,<br \/>pievienojoties mums <a href=\"https:\/\/t.me\/neatkariga\" rel=\"nofollow\">Telegram<\/a> vai <a href=\"https:\/\/whatsapp.com\/channel\/0029VaMLFUH5K3zLU5s4wm3y\" rel=\"nofollow noopener\" target=\"_blank\">Whatsapp<\/a> kan\u0101l\u0101<\/p>\n","protected":false},"excerpt":{"rendered":"\u0145emot v\u0113r\u0101 prognozes par pieaugo\u0161aj\u0101m ce\u013co\u0161anas izmaks\u0101m, aviopasa\u017eieri tiek br\u012bdin\u0101ti ar\u012b par iesp\u0113jamu cenu pieaugumu lidojumiem uz un&hellip;\n","protected":false},"author":2,"featured_media":91470,"comment_status":"","ping_status":"","sticky":false,"template":"","format":"standard","meta":{"footnotes":""},"categories":[14],"tags":[23,57,28,29,32,33,22,30,31,35,39,38,36,37,34,40,20,26,27,24,25,54,55,56,21,58],"class_list":{"0":"post-91469","1":"post","2":"type-post","3":"status-publish","4":"format-standard","5":"has-post-thumbnail","7":"category-zinas-no-arvalstim","8":"tag-aktualitates","9":"tag-arvalstim","10":"tag-breaking-news","11":"tag-breakingnews","12":"tag-featured-news","13":"tag-featurednews","14":"tag-headlines","15":"tag-latest-news","16":"tag-latestnews","17":"tag-latvia","18":"tag-latvian","19":"tag-latviesu","20":"tag-latviesu-valoda","21":"tag-latviesuvaloda","22":"tag-latvija","23":"tag-lv","24":"tag-news","25":"tag-popularakas-zinas","26":"tag-popularakaszinas","27":"tag-top-stories","28":"tag-topstories","29":"tag-world","30":"tag-world-news","31":"tag-worldnews","32":"tag-zinas","33":"tag-zinas-no-arvalstim"},"share_on_mastodon":{"url":"https:\/\/pubeurope.com\/@lv\/115818847499259109","error":""},"_links":{"self":[{"href":"https:\/\/www.europesays.com\/lv\/wp-json\/wp\/v2\/posts\/91469","targetHints":{"allow":["GET"]}}],"collection":[{"href":"https:\/\/www.europesays.com\/lv\/wp-json\/wp\/v2\/posts"}],"about":[{"href":"https:\/\/www.europesays.com\/lv\/wp-json\/wp\/v2\/types\/post"}],"author":[{"embeddable":true,"href":"https:\/\/www.europesays.com\/lv\/wp-json\/wp\/v2\/users\/2"}],"replies":[{"embeddable":true,"href":"https:\/\/www.europesays.com\/lv\/wp-json\/wp\/v2\/comments?post=91469"}],"version-history":[{"count":0,"href":"https:\/\/www.europesays.com\/lv\/wp-json\/wp\/v2\/posts\/91469\/revisions"}],"wp:featuredmedia":[{"embeddable":true,"href":"https:\/\/www.europesays.com\/lv\/wp-json\/wp\/v2\/media\/91470"}],"wp:attachment":[{"href":"https:\/\/www.europesays.com\/lv\/wp-json\/wp\/v2\/media?parent=91469"}],"wp:term":[{"taxonomy":"category","embeddable":true,"href":"https:\/\/www.europesays.com\/lv\/wp-json\/wp\/v2\/categories?post=91469"},{"taxonomy":"post_tag","embeddable":true,"href":"https:\/\/www.europesays.com\/lv\/wp-json\/wp\/v2\/tags?post=91469"}],"curies":[{"name":"wp","href":"https:\/\/api.w.org\/{rel}","templated":true}]}}