{"id":91471,"date":"2026-01-01T08:15:07","date_gmt":"2026-01-01T08:15:07","guid":{"rendered":"https:\/\/www.europesays.com\/lv\/91471\/"},"modified":"2026-01-01T08:15:07","modified_gmt":"2026-01-01T08:15:07","slug":"lielakie-tirdzniecibas-centri-sodien-stradas-saisinatu-darba-laiku-vai-bus-slegti","status":"publish","type":"post","link":"https:\/\/www.europesays.com\/lv\/91471\/","title":{"rendered":"Liel\u0101kie tirdzniec\u012bbas centri \u0161odien str\u0101d\u0101s sa\u012bsin\u0101tu darba laiku vai b\u016bs sl\u0113gti"},"content":{"rendered":"<p>Tirdzniec\u012bbas centru &#8220;Akropole Alfa&#8221; un &#8220;Akropole R\u012bga&#8221; veikali un pakalpojumu snieg\u0161anas vietas \u0161odien b\u016bs da\u013c\u0113ji sl\u0113gtas, un darbosies tikai atsevi\u0161\u0137u kategoriju veikali un pakalpojumu snieg\u0161anas vietas.<\/p>\n<p>Veikals &#8220;Rimi&#8221;, kas atrodas &#8220;Akropole Alfa&#8221;, \u0161odien str\u0101d\u0101s no plkst. 11 l\u012bdz 21. Savuk\u0101rt veikals &#8220;Maxima XXX&#8221;, kas atrodas &#8220;Akropole R\u012bga&#8221;, b\u016bs sl\u0113gts.<\/p>\n<p><a href=\"https:\/\/www.apollo.lv\/term\/647402\/tirdzniecibas-centrs\" class=\"topicLink\" target=\"_blank\" rel=\"nofollow noopener\">Tirdzniec\u012bbas centrs<\/a> &#8220;Origo&#8221; \u0161odien b\u016bs da\u013c\u0113ji sl\u0113gts, un taj\u0101 darbosies tikai atsevi\u0161\u0137u kategoriju veikali un pakalpojumu sniedz\u0113ji. Tostarp &#8220;Origo&#8221; eso\u0161\u0101 &#8220;Rimi Hyper&#8221; darba laiks \u0161odien b\u016bs no plkst. 11 l\u012bdz 22.<\/p>\n<p>Inform\u0101cijas centrs &#8220;Origo&#8221; \u0161odien b\u016bs sl\u0113gts.<\/p>\n<p>Tirdzniec\u012bbas centri &#8220;Spice&#8221; un &#8220;Spice Home&#8221; \u0161odien b\u016bs sl\u0113gti. Veikala &#8220;Rimi&#8221;, kas atrodas &#8220;Spice&#8221;, darba laiks \u0161odien b\u016bs no plkst. 11 l\u012bdz 21.<\/p>\n<p>Tirdzniec\u012bbas centrs &#8220;Domina Shopping&#8221; un taj\u0101 eso\u0161\u0101 &#8220;Maxima XXX&#8221; \u0161odien b\u016bs sl\u0113gti.<\/p>\n<p>Tirdzniec\u012bbas centrs &#8220;Galerija Centrs&#8221; \u0161odien b\u016bs sl\u0113gts. Veikals &#8220;Rimi&#8221;, kas atrodas &#8220;Galerija Centrs&#8221;, \u0161odien str\u0101d\u0101s no plkst. 11 l\u012bdz 20.<\/p>\n<p>Veikals &#8220;Stockmann&#8221; \u0161odien b\u016bs sl\u0113gts.<\/p>\n<p>Tirdzniec\u012bbas centrs &#8220;R\u012bga Plaza&#8221; un taj\u0101 eso\u0161\u0101 &#8220;Maxima XXX&#8221; \u0161odien b\u016bs sl\u0113gti.<\/p>\n","protected":false},"excerpt":{"rendered":"Tirdzniec\u012bbas centru &#8220;Akropole Alfa&#8221; un &#8220;Akropole R\u012bga&#8221; veikali un pakalpojumu snieg\u0161anas vietas \u0161odien b\u016bs da\u013c\u0113ji sl\u0113gtas, un darbosies&hellip;\n","protected":false},"author":2,"featured_media":91472,"comment_status":"","ping_status":"","sticky":false,"template":"","format":"standard","meta":{"footnotes":""},"categories":[12],"tags":[23,28,29,32,33,22,30,31,35,39,38,36,37,34,40,3546,20,26,27,733,20725,24,25,21],"class_list":{"0":"post-91471","1":"post","2":"type-post","3":"status-publish","4":"format-standard","5":"has-post-thumbnail","7":"category-latvija","8":"tag-aktualitates","9":"tag-breaking-news","10":"tag-breakingnews","11":"tag-featured-news","12":"tag-featurednews","13":"tag-headlines","14":"tag-latest-news","15":"tag-latestnews","16":"tag-latvia","17":"tag-latvian","18":"tag-latviesu","19":"tag-latviesu-valoda","20":"tag-latviesuvaloda","21":"tag-latvija","22":"tag-lv","23":"tag-mazumtirdznieciba","24":"tag-news","25":"tag-popularakas-zinas","26":"tag-popularakaszinas","27":"tag-tirdznieciba","28":"tag-tirdzniecibas-centrs","29":"tag-top-stories","30":"tag-topstories","31":"tag-zinas"},"share_on_mastodon":{"url":"https:\/\/pubeurope.com\/@lv\/115818851507322055","error":""},"_links":{"self":[{"href":"https:\/\/www.europesays.com\/lv\/wp-json\/wp\/v2\/posts\/91471","targetHints":{"allow":["GET"]}}],"collection":[{"href":"https:\/\/www.europesays.com\/lv\/wp-json\/wp\/v2\/posts"}],"about":[{"href":"https:\/\/www.europesays.com\/lv\/wp-json\/wp\/v2\/types\/post"}],"author":[{"embeddable":true,"href":"https:\/\/www.europesays.com\/lv\/wp-json\/wp\/v2\/users\/2"}],"replies":[{"embeddable":true,"href":"https:\/\/www.europesays.com\/lv\/wp-json\/wp\/v2\/comments?post=91471"}],"version-history":[{"count":0,"href":"https:\/\/www.europesays.com\/lv\/wp-json\/wp\/v2\/posts\/91471\/revisions"}],"wp:featuredmedia":[{"embeddable":true,"href":"https:\/\/www.europesays.com\/lv\/wp-json\/wp\/v2\/media\/91472"}],"wp:attachment":[{"href":"https:\/\/www.europesays.com\/lv\/wp-json\/wp\/v2\/media?parent=91471"}],"wp:term":[{"taxonomy":"category","embeddable":true,"href":"https:\/\/www.europesays.com\/lv\/wp-json\/wp\/v2\/categories?post=91471"},{"taxonomy":"post_tag","embeddable":true,"href":"https:\/\/www.europesays.com\/lv\/wp-json\/wp\/v2\/tags?post=91471"}],"curies":[{"name":"wp","href":"https:\/\/api.w.org\/{rel}","templated":true}]}}