{"id":91477,"date":"2026-01-01T08:20:17","date_gmt":"2026-01-01T08:20:17","guid":{"rendered":"https:\/\/www.europesays.com\/lv\/91477\/"},"modified":"2026-01-01T08:20:17","modified_gmt":"2026-01-01T08:20:17","slug":"bulgarija-pievienosies-eirozonai-diena","status":"publish","type":"post","link":"https:\/\/www.europesays.com\/lv\/91477\/","title":{"rendered":"Bulg\u0101rija pievienosies eirozonai &#8211; Diena"},"content":{"rendered":"<ol>\n<li><a href=\"https:\/\/news.google.com\/rss\/articles\/CBMijAFBVV95cUxOR1ZyN0VPOEttcVN5VWoxZXBJMDIwT2FNc1hWSDhTVHZibWtfQklGWnEzM01SWjFrNS1XUXJQQnFHZ2dwWDQyOHdna2tOMUhrXzJZUWZCZWd0TW94VmdlMjlTZmhOSnZkVmJfenljMFFNSGJZbC1kZXBHM2RsandFR1A1d3Y4SWtoaVdvXw?oc=5\" target=\"_blank\" rel=\"nofollow noopener\">Bulg\u0101rija pievienosies eirozonai<\/a>&nbsp;&nbsp;Diena<\/li>\n<li><a href=\"https:\/\/news.google.com\/rss\/articles\/CBMimgFBVV95cUxNR0I2Vl95c1ZIeE44UU5ZcC10bFoxdzhmb1BZSU1qMFVTOExKVHQ0S0RuRzcyT2NlOFVrRXNoQWdUOEJXcXl5a2hEMWpFc1FseVlFMF9iYXdqazB5U0RfeTlCUTNPQk1kVW0yeGlBSmxZQVZTYzdyNVQ0Z3loN3pWMGdNb0dqVGQ3UVpGSWRJMHZnZER0SVlRc0xn?oc=5\" target=\"_blank\" rel=\"nofollow noopener\">Pusnakt\u012b eirozonai pievienosies v\u0113l k\u0101da Eiropas valsts<\/a>&nbsp;&nbsp;Jauns.lv<\/li>\n<li><a href=\"https:\/\/news.google.com\/rss\/articles\/CBMiowFBVV95cUxONGh2bHVvd1EtQzh6NW1XZThzU2pLR0Rub1p3QWdicTRmcTNCMUt2alNFZkZOcnFvdG5XQ1FjaFFrZElNaGtaeVlXa2pLMjRwd1dzX181UmZ6S3JGZjJuN0xpZmsybnlkdUNob2pZTVNTcloyRU8tc185eUMwSnVWTG43OWF0clpGbjlVSXBzd1V2LXpSNlNkMzJqNDFxX3ZpZnlV?oc=5\" target=\"_blank\" rel=\"nofollow noopener\">Bulg\u0101rija Jaungada nakt\u012b p\u0101ries uz eiro \/ Raksts<\/a>&nbsp;&nbsp;LSM<\/li>\n<li><a href=\"https:\/\/news.google.com\/rss\/articles\/CBMi3gFBVV95cUxOQnNpRGU2bnYtaHM2YzByZlR6cVhiZWE3cS1kTjRlLWItUEFLcXhvRi1WSE1HWXZOOVFEeE5nYUM4S2pXTjlhVXl4Sm9qUEhkQXM3MktKUWI0NV84RTQtYUJrdkRwOGY0YW9tSkptSHhveTF6YlhlSXI5cUdrSm4tS2Nuc3FSQTZnWlF1VkV1My1JWFNRb19tR1pQQjRQWllfODk2VVg1aG9makpmWlVnaVcxaUVWX3RKWU9BWGkyQkJRQWRVQ2VfajdTdHR0Y0kyM3d3alA4dXhISmR6YkE?oc=5\" target=\"_blank\" rel=\"nofollow noopener\">Bulg\u0101rija gatavojas eiro ievie\u0161anai: cer\u012bbas uz ekonomisko izaugsmi un ba\u017eas par politisko nestabilit\u0101ti<\/a>&nbsp;&nbsp;Lente.lv<\/li>\n<li><a href=\"https:\/\/news.google.com\/rss\/articles\/CBMipwFBVV95cUxQY2Q3OV93YmZ3NjB4SDFMVE5BQnRITmlpaXZEcUFsZEVPTjVzb3hRN3gycFp4enVaUVJEeXNqZ0lxM2dzNUlGSV9hdXg4aHppUFl5TGFwU25BQTBVS2hoemlHUmtDZUt5dGhLR2F6a1RKT2ZYM2JsNmNXWFdUYzRfcUx2UEQ5NUwtUU1OSVFyUFQwQk9Fa0N0ZG1TWGlqdEoyWkdfV0RNWQ?oc=5\" target=\"_blank\" rel=\"nofollow noopener\">Bulg\u0101rija pusnakt\u012b p\u0101ries uz eiro un k\u013c\u016bs par 21. eirozonas dal\u012bbvalsti<\/a>&nbsp;&nbsp;1188.lv<\/li>\n<\/ol>\n","protected":false},"excerpt":{"rendered":"Bulg\u0101rija pievienosies eirozonai&nbsp;&nbsp;Diena Pusnakt\u012b eirozonai pievienosies v\u0113l k\u0101da Eiropas valsts&nbsp;&nbsp;Jauns.lv Bulg\u0101rija Jaungada nakt\u012b p\u0101ries uz eiro \/ Raksts&nbsp;&nbsp;LSM&hellip;\n","protected":false},"author":2,"featured_media":91478,"comment_status":"","ping_status":"","sticky":false,"template":"","format":"standard","meta":{"footnotes":""},"categories":[14],"tags":[23,57,28,29,32,33,22,30,31,35,39,38,36,37,34,40,20,26,27,24,25,54,55,56,21,58],"class_list":{"0":"post-91477","1":"post","2":"type-post","3":"status-publish","4":"format-standard","5":"has-post-thumbnail","7":"category-zinas-no-arvalstim","8":"tag-aktualitates","9":"tag-arvalstim","10":"tag-breaking-news","11":"tag-breakingnews","12":"tag-featured-news","13":"tag-featurednews","14":"tag-headlines","15":"tag-latest-news","16":"tag-latestnews","17":"tag-latvia","18":"tag-latvian","19":"tag-latviesu","20":"tag-latviesu-valoda","21":"tag-latviesuvaloda","22":"tag-latvija","23":"tag-lv","24":"tag-news","25":"tag-popularakas-zinas","26":"tag-popularakaszinas","27":"tag-top-stories","28":"tag-topstories","29":"tag-world","30":"tag-world-news","31":"tag-worldnews","32":"tag-zinas","33":"tag-zinas-no-arvalstim"},"share_on_mastodon":{"url":"https:\/\/pubeurope.com\/@lv\/115818871267073972","error":""},"_links":{"self":[{"href":"https:\/\/www.europesays.com\/lv\/wp-json\/wp\/v2\/posts\/91477","targetHints":{"allow":["GET"]}}],"collection":[{"href":"https:\/\/www.europesays.com\/lv\/wp-json\/wp\/v2\/posts"}],"about":[{"href":"https:\/\/www.europesays.com\/lv\/wp-json\/wp\/v2\/types\/post"}],"author":[{"embeddable":true,"href":"https:\/\/www.europesays.com\/lv\/wp-json\/wp\/v2\/users\/2"}],"replies":[{"embeddable":true,"href":"https:\/\/www.europesays.com\/lv\/wp-json\/wp\/v2\/comments?post=91477"}],"version-history":[{"count":0,"href":"https:\/\/www.europesays.com\/lv\/wp-json\/wp\/v2\/posts\/91477\/revisions"}],"wp:featuredmedia":[{"embeddable":true,"href":"https:\/\/www.europesays.com\/lv\/wp-json\/wp\/v2\/media\/91478"}],"wp:attachment":[{"href":"https:\/\/www.europesays.com\/lv\/wp-json\/wp\/v2\/media?parent=91477"}],"wp:term":[{"taxonomy":"category","embeddable":true,"href":"https:\/\/www.europesays.com\/lv\/wp-json\/wp\/v2\/categories?post=91477"},{"taxonomy":"post_tag","embeddable":true,"href":"https:\/\/www.europesays.com\/lv\/wp-json\/wp\/v2\/tags?post=91477"}],"curies":[{"name":"wp","href":"https:\/\/api.w.org\/{rel}","templated":true}]}}