{"id":91479,"date":"2026-01-01T08:21:08","date_gmt":"2026-01-01T08:21:08","guid":{"rendered":"https:\/\/www.europesays.com\/lv\/91479\/"},"modified":"2026-01-01T08:21:08","modified_gmt":"2026-01-01T08:21:08","slug":"gada-izskana-piekerti-devini-dzerajsoferi","status":"publish","type":"post","link":"https:\/\/www.europesays.com\/lv\/91479\/","title":{"rendered":"Gada izska\u0146\u0101 pie\u0137erti devi\u0146i dz\u0113r\u0101j\u0161oferi"},"content":{"rendered":"<p>R\u012bgas re\u0123ion\u0101 alkohola reibum\u0101 pie transportl\u012bdzek\u013ca st\u016bres s\u0113dies viens autovad\u012bt\u0101js, Vidzem\u0113 \u010detri, bet Zemgal\u0113 un Latgal\u0113 pa diviem.<\/p>\n<p>Divu transportl\u012bdzek\u013cu vad\u012bt\u0101ju organism\u0101 alkohola koncentr\u0101cija nep\u0101rsniedza 1,5 promiles, t\u0101p\u0113c vi\u0146i tiks cauri ar administrat\u012bvo atbild\u012bbu, bet p\u0101r\u0113jiem tiks piem\u0113rota krimin\u0101latbild\u012bba.<\/p>\n<p>V\u0113l viens krimin\u0101lprocess s\u0101kts par transportl\u012bdzek\u013ca vad\u012b\u0161anu iesp\u0113jam\u0101 narkotisko vielu iespaid\u0101.<\/p>\n<p>Tr\u012bs vad\u012bt\u0101jiem transportl\u012bdzek\u013ci tiks konfisc\u0113ti, bet no pieciem piedz\u012bs to v\u0113rt\u012bbu.<\/p>\n<p>Ce\u013cu satiksmes jom\u0101 aizvad\u012btaj\u0101 diennakt\u012b kopum\u0101 pie\u0146emti 357 administrat\u012bvo p\u0101rk\u0101pumu l\u0113mumi, taj\u0101 skait\u0101 85 par \u0101truma p\u0101rsnieg\u0161anu un 23 par agres\u012bvu brauk\u0161anu.<\/p>\n<p>At\u013cauto brauk\u0161anas \u0101trumu visvair\u0101k p\u0101rsniegu\u0161i \u0161oferi Vidzem\u0113 &#8211; 31 un Kurzem\u0113 &#8211; 26, bet Zemgal\u0113 par to sodu sa\u0146\u0113mu\u0161i 12 \u0161oferi, R\u012bgas re\u0123ion\u0101 &#8211; septi\u0146i un Latgal\u0113 &#8211; devi\u0146i.<\/p>\n<p>Jau v\u0113st\u012bts, ka aizvad\u012btaj\u0101 diennakt\u012b valst\u012b re\u0123istr\u0113ti 103 ce\u013cu satiksmes negad\u012bjumi, tajos cietu\u0161as desmit personas.<\/p>\n","protected":false},"excerpt":{"rendered":"R\u012bgas re\u0123ion\u0101 alkohola reibum\u0101 pie transportl\u012bdzek\u013ca st\u016bres s\u0113dies viens autovad\u012bt\u0101js, Vidzem\u0113 \u010detri, bet Zemgal\u0113 un Latgal\u0113 pa diviem.&hellip;\n","protected":false},"author":2,"featured_media":91480,"comment_status":"","ping_status":"","sticky":false,"template":"","format":"standard","meta":{"footnotes":""},"categories":[12],"tags":[23,28,29,32,33,22,30,31,35,39,38,36,37,34,40,20,163,26,27,24,25,138,21],"class_list":{"0":"post-91479","1":"post","2":"type-post","3":"status-publish","4":"format-standard","5":"has-post-thumbnail","7":"category-latvija","8":"tag-aktualitates","9":"tag-breaking-news","10":"tag-breakingnews","11":"tag-featured-news","12":"tag-featurednews","13":"tag-headlines","14":"tag-latest-news","15":"tag-latestnews","16":"tag-latvia","17":"tag-latvian","18":"tag-latviesu","19":"tag-latviesu-valoda","20":"tag-latviesuvaloda","21":"tag-latvija","22":"tag-lv","23":"tag-news","24":"tag-policija","25":"tag-popularakas-zinas","26":"tag-popularakaszinas","27":"tag-top-stories","28":"tag-topstories","29":"tag-valsts-policija","30":"tag-zinas"},"share_on_mastodon":{"url":"https:\/\/pubeurope.com\/@lv\/115818874933594040","error":""},"_links":{"self":[{"href":"https:\/\/www.europesays.com\/lv\/wp-json\/wp\/v2\/posts\/91479","targetHints":{"allow":["GET"]}}],"collection":[{"href":"https:\/\/www.europesays.com\/lv\/wp-json\/wp\/v2\/posts"}],"about":[{"href":"https:\/\/www.europesays.com\/lv\/wp-json\/wp\/v2\/types\/post"}],"author":[{"embeddable":true,"href":"https:\/\/www.europesays.com\/lv\/wp-json\/wp\/v2\/users\/2"}],"replies":[{"embeddable":true,"href":"https:\/\/www.europesays.com\/lv\/wp-json\/wp\/v2\/comments?post=91479"}],"version-history":[{"count":0,"href":"https:\/\/www.europesays.com\/lv\/wp-json\/wp\/v2\/posts\/91479\/revisions"}],"wp:featuredmedia":[{"embeddable":true,"href":"https:\/\/www.europesays.com\/lv\/wp-json\/wp\/v2\/media\/91480"}],"wp:attachment":[{"href":"https:\/\/www.europesays.com\/lv\/wp-json\/wp\/v2\/media?parent=91479"}],"wp:term":[{"taxonomy":"category","embeddable":true,"href":"https:\/\/www.europesays.com\/lv\/wp-json\/wp\/v2\/categories?post=91479"},{"taxonomy":"post_tag","embeddable":true,"href":"https:\/\/www.europesays.com\/lv\/wp-json\/wp\/v2\/tags?post=91479"}],"curies":[{"name":"wp","href":"https:\/\/api.w.org\/{rel}","templated":true}]}}