{"id":91481,"date":"2026-01-01T08:26:14","date_gmt":"2026-01-01T08:26:14","guid":{"rendered":"https:\/\/www.europesays.com\/lv\/91481\/"},"modified":"2026-01-01T08:26:14","modified_gmt":"2026-01-01T08:26:14","slug":"magnetiska-vetra-jaungada-nakti-kam-gatavoties-meteorologiski-jutigiem-cilvekiem","status":"publish","type":"post","link":"https:\/\/www.europesays.com\/lv\/91481\/","title":{"rendered":"Magn\u0113tisk\u0101 v\u0113tra Jaungada nakt\u012b: kam gatavoties meteorolo\u0123iski jut\u012bgiem cilv\u0113kiem"},"content":{"rendered":"<p>Jaunais gads meteorolo\u0123iski jut\u012bgus cilv\u0113kus var \u00abpriec\u0113t\u00bb ar magn\u0113tisko v\u0113tru. Saules aktivit\u0101tes ietekme, p\u0113c da\u017e\u0101d\u0101m prognoz\u0113m, var b\u016bt j\u016btama 31. decembr\u012b vai 1. janv\u0101r\u012b.<\/p>\n<p>2026.gads var s\u0101kties ar \u0123eomagn\u0113tisku v\u0113tru. ASV Nacion\u0101l\u0101s oke\u0101nu un atmosf\u0113ras administr\u0101cijas (NOAA) progno\u017eu mode\u013ci paredz sl\u012bdo\u0161u triecienu no CME \u2014 koron\u0101l\u0101s masas izme\u0161anas no Saules \u2014 1. janv\u0101r\u012b. Par to 30. decembr\u012b br\u012bdin\u0101ja port\u0101ls Spaceweather.<\/p>\n<blockquote>\n<p>\u00abJa trieciens patie\u0161\u0101m notiks, tas var izrais\u012bt G1 klases \u0123eomagn\u0113tisko v\u0113tru ar zieme\u013cbl\u0101zmas par\u0101d\u012b\u0161anos ap Zieme\u013cu pol\u0101ro loku,\u00bb nor\u0101d\u012bja anal\u012bti\u0137i.<\/p>\n<\/blockquote>\n<p>G1 tiek uzskat\u012bta par nelielas intensit\u0101tes v\u0113tru \u2014 t\u0101s Kp indekss sasniedz 5. \u0160\u0101da l\u012bme\u0146a magn\u0113tisk\u0101 v\u0113tra var ietekm\u0113t migr\u0113jo\u0161os dz\u012bvniekus, bet augstajos platuma gr\u0101dos bie\u017ei nov\u0113rojama zieme\u013cbl\u0101zma.<\/p>\n<p>Saska\u0146\u0101 ar port\u0101la Solen.info prognozi neliela magn\u0113tisk\u0101 v\u0113tra iesp\u0113jama period\u0101 no 31. decembra l\u012bdz 2. janv\u0101rim. Anal\u012bti\u0137i nor\u0101da, ka no 31. decembra l\u012bdz 1. janv\u0101rim Zeme var non\u0101kt ar\u012b 28. decembr\u012b no Saules izsviest\u0101s CME ietekm\u0113.<\/p>\n<p>K\u0101 iepriek\u0161 zi\u0146oja port\u0101ls Fokus, da\u013ca cilv\u0113ku ir \u012bpa\u0161i jut\u012bgi pret magn\u0113tiskaj\u0101m v\u0113tr\u0101m. \u0160\u0101dos periodos var par\u0101d\u012bties galvass\u0101pes, v\u0101jums, miegain\u012bba, aizkaitin\u0101m\u012bba, koncentr\u0113\u0161an\u0101s trauc\u0113jumi, trauksme, ap\u0101tija, asinsspiediena sv\u0101rst\u012bbas un sirds ritma trauc\u0113jumi.<\/p>\n<p>Lai mazin\u0101tu sliktas pa\u0161saj\u016btas risku, speci\u0101listi iesaka:<\/p>\n<ul>\n<li>regul\u0101ri m\u0113r\u012bt asinsspiedienu un lietot \u0101rsta izrakst\u012bt\u0101s z\u0101les;<\/li>\n<li>dzert pietiekami daudz \u016bdens, izvair\u012bties no smagas p\u0101rtikas, kafijas un alkohola;<\/li>\n<li>nodro\u0161in\u0101t pilnv\u0113rt\u012bgu miegu un atp\u016btu, nep\u0101rslogot organismu.<\/li>\n<\/ul>\n<p>Labsaj\u016btu var uzlabot ar\u012b elpo\u0161anas vingrin\u0101jumi, medit\u0101cija vai joga, k\u0101 ar\u012b siltas vannas ar nomierino\u0161iem augiem, piem\u0113ram, kumel\u012bti vai lavandu.<\/p>\n<p>\n                            Valodas k\u013c\u016bda rakst\u0101?<br \/>Iez\u012bm\u0113jiet tekstu un spiediet Zi\u0146ot par k\u013c\u016bdu pogas   , lai nos\u016bt\u012btu labojamo teksta fragmentu redaktoram!<\/p>\n<p>                                Zi\u0146ot par k\u013c\u016bdu<\/p>\n","protected":false},"excerpt":{"rendered":"Jaunais gads meteorolo\u0123iski jut\u012bgus cilv\u0113kus var \u00abpriec\u0113t\u00bb ar magn\u0113tisko v\u0113tru. Saules aktivit\u0101tes ietekme, p\u0113c da\u017e\u0101d\u0101m prognoz\u0113m, var b\u016bt&hellip;\n","protected":false},"author":2,"featured_media":91482,"comment_status":"","ping_status":"","sticky":false,"template":"","format":"standard","meta":{"footnotes":""},"categories":[14],"tags":[23,57,28,29,32,33,22,30,31,35,39,38,36,37,34,40,20,26,27,24,25,54,55,56,21,58],"class_list":{"0":"post-91481","1":"post","2":"type-post","3":"status-publish","4":"format-standard","5":"has-post-thumbnail","7":"category-zinas-no-arvalstim","8":"tag-aktualitates","9":"tag-arvalstim","10":"tag-breaking-news","11":"tag-breakingnews","12":"tag-featured-news","13":"tag-featurednews","14":"tag-headlines","15":"tag-latest-news","16":"tag-latestnews","17":"tag-latvia","18":"tag-latvian","19":"tag-latviesu","20":"tag-latviesu-valoda","21":"tag-latviesuvaloda","22":"tag-latvija","23":"tag-lv","24":"tag-news","25":"tag-popularakas-zinas","26":"tag-popularakaszinas","27":"tag-top-stories","28":"tag-topstories","29":"tag-world","30":"tag-world-news","31":"tag-worldnews","32":"tag-zinas","33":"tag-zinas-no-arvalstim"},"share_on_mastodon":{"url":"https:\/\/pubeurope.com\/@lv\/115818894707289481","error":""},"_links":{"self":[{"href":"https:\/\/www.europesays.com\/lv\/wp-json\/wp\/v2\/posts\/91481","targetHints":{"allow":["GET"]}}],"collection":[{"href":"https:\/\/www.europesays.com\/lv\/wp-json\/wp\/v2\/posts"}],"about":[{"href":"https:\/\/www.europesays.com\/lv\/wp-json\/wp\/v2\/types\/post"}],"author":[{"embeddable":true,"href":"https:\/\/www.europesays.com\/lv\/wp-json\/wp\/v2\/users\/2"}],"replies":[{"embeddable":true,"href":"https:\/\/www.europesays.com\/lv\/wp-json\/wp\/v2\/comments?post=91481"}],"version-history":[{"count":0,"href":"https:\/\/www.europesays.com\/lv\/wp-json\/wp\/v2\/posts\/91481\/revisions"}],"wp:featuredmedia":[{"embeddable":true,"href":"https:\/\/www.europesays.com\/lv\/wp-json\/wp\/v2\/media\/91482"}],"wp:attachment":[{"href":"https:\/\/www.europesays.com\/lv\/wp-json\/wp\/v2\/media?parent=91481"}],"wp:term":[{"taxonomy":"category","embeddable":true,"href":"https:\/\/www.europesays.com\/lv\/wp-json\/wp\/v2\/categories?post=91481"},{"taxonomy":"post_tag","embeddable":true,"href":"https:\/\/www.europesays.com\/lv\/wp-json\/wp\/v2\/tags?post=91481"}],"curies":[{"name":"wp","href":"https:\/\/api.w.org\/{rel}","templated":true}]}}