{"id":91485,"date":"2026-01-01T08:28:08","date_gmt":"2026-01-01T08:28:08","guid":{"rendered":"https:\/\/www.europesays.com\/lv\/91485\/"},"modified":"2026-01-01T08:28:08","modified_gmt":"2026-01-01T08:28:08","slug":"latvija-sak-darbu-ano-drosibas-padome-2","status":"publish","type":"post","link":"https:\/\/www.europesays.com\/lv\/91485\/","title":{"rendered":"Latvija s\u0101k darbu ANO Dro\u0161\u012bbas padom\u0113"},"content":{"rendered":"<p>K\u0101 a\u0123ent\u016bru LETA inform\u0113ja \u0100rlietu ministrij\u0101 (\u0100M), Latvijas dal\u012bba ANO DP ir vistie\u0161\u0101kais ieguld\u012bjums valsts dro\u0161\u012bbas un suverenit\u0101tes stiprin\u0101\u0161an\u0101, jo DP pie\u0146em vis\u0101m ANO dal\u012bbvalst\u012bm juridiski saisto\u0161us l\u0113mumus.<\/p>\n<p>Iecer\u0113ts, ka Latvija darbu ANO DP izmantos, lai veicin\u0101tu taisn\u012bgu un ilgtsp\u0113j\u012bgu mieru Ukrain\u0101, Tuvajos Austrumos un citos konfliktu re\u0123ionos, stiprin\u0101tu glob\u0101lo dro\u0161\u012bbu, aizsarg\u0101tu starptautiskos noteikumos balst\u012btu k\u0101rt\u012bbu atbilsto\u0161i ANO Stat\u016btiem un pilnveidotu DP darbu.<\/p>\n<p>K\u0101 priorit\u0101tes darbam ANO DP Latvija izvirz\u012bjusi noteikumos balst\u012btas starptautisk\u0101s k\u0101rt\u012bbas aizsardz\u012bbu, tostarp taisn\u012bga un ilgsto\u0161a miera pan\u0101k\u0161anu Ukrain\u0101, Krievijas noziegumu izgaismo\u0161anu un atbild\u012bbas pan\u0101k\u0161anu, dzimumu l\u012bdzties\u012bbas veicin\u0101\u0161anu un seksu\u0101las vardarb\u012bbas nov\u0113r\u0161anu bru\u0146otos konfliktos, k\u0101 ar\u012b risin\u0101jumus aktu\u0101liem dro\u0161\u012bbas izaicin\u0101jumiem, tostarp hibr\u012bddraudiem, kiberuzbrukumiem un ar m\u0101ksl\u012bgo intelektu saist\u012btiem riskiem.<\/p>\n<p>\u0160ogad Latvija ANO DP str\u0101d\u0101s kop\u0101 ar piec\u0101m past\u0101v\u012bgaj\u0101m dal\u012bbvalst\u012bm &#8211; ASV, Lielbrit\u0101niju, \u0136\u012bnu, Franciju un Krieviju &#8211; un devi\u0146\u0101m v\u0113l\u0113taj\u0101m dal\u012bbvalst\u012bm. Novembr\u012b Latvija b\u016bs ANO DP prezid\u0113jo\u0161\u0101 valsts, bet darbu DP nosl\u0113gs 2027. gada 31. decembr\u012b.<\/p>\n<p>Jau rakst\u012bts, ka Latvija pag\u0101ju\u0161\u0101 gada 3. j\u016bnij\u0101 ar 178 bals\u012bm uz diviem gadiem &#8211; 2026. un 2027. gadu &#8211; iev\u0113l\u0113ta ANO DP. Lai Latvija k\u013c\u016btu par padomes nepast\u0101v\u012bgo locekli, bija j\u0101ieg\u016bst divu tre\u0161da\u013cu ANO dal\u012bbvalstu atbalsts.<\/p>\n<p>Latvija kandid\u0113ja uz iev\u0113l\u0113t\u0101 locek\u013ca vietu ANO DP un palika vien\u012bg\u0101 kandid\u0101te no Austrumeiropas grupas. L\u012bdz 2025. gada 31. janv\u0101rim Latvija bija s\u0101ncens\u012bb\u0101 ar Melnkalni, ta\u010du Melnkalne nol\u0113ma atsaukt savu kandidat\u016bru.<\/p>\n","protected":false},"excerpt":{"rendered":"K\u0101 a\u0123ent\u016bru LETA inform\u0113ja \u0100rlietu ministrij\u0101 (\u0100M), Latvijas dal\u012bba ANO DP ir vistie\u0161\u0101kais ieguld\u012bjums valsts dro\u0161\u012bbas un suverenit\u0101tes&hellip;\n","protected":false},"author":2,"featured_media":91486,"comment_status":"","ping_status":"","sticky":false,"template":"","format":"standard","meta":{"footnotes":""},"categories":[5],"tags":[23,341,28,29,23032,32,33,22,30,31,35,39,38,36,37,34,40,20,26,27,24,25,21],"class_list":{"0":"post-91485","1":"post","2":"type-post","3":"status-publish","4":"format-standard","5":"has-post-thumbnail","7":"category-aktualitates","8":"tag-aktualitates","9":"tag-ano","10":"tag-breaking-news","11":"tag-breakingnews","12":"tag-drosibas-padome","13":"tag-featured-news","14":"tag-featurednews","15":"tag-headlines","16":"tag-latest-news","17":"tag-latestnews","18":"tag-latvia","19":"tag-latvian","20":"tag-latviesu","21":"tag-latviesu-valoda","22":"tag-latviesuvaloda","23":"tag-latvija","24":"tag-lv","25":"tag-news","26":"tag-popularakas-zinas","27":"tag-popularakaszinas","28":"tag-top-stories","29":"tag-topstories","30":"tag-zinas"},"share_on_mastodon":{"url":"https:\/\/pubeurope.com\/@lv\/115818902472937656","error":""},"_links":{"self":[{"href":"https:\/\/www.europesays.com\/lv\/wp-json\/wp\/v2\/posts\/91485","targetHints":{"allow":["GET"]}}],"collection":[{"href":"https:\/\/www.europesays.com\/lv\/wp-json\/wp\/v2\/posts"}],"about":[{"href":"https:\/\/www.europesays.com\/lv\/wp-json\/wp\/v2\/types\/post"}],"author":[{"embeddable":true,"href":"https:\/\/www.europesays.com\/lv\/wp-json\/wp\/v2\/users\/2"}],"replies":[{"embeddable":true,"href":"https:\/\/www.europesays.com\/lv\/wp-json\/wp\/v2\/comments?post=91485"}],"version-history":[{"count":0,"href":"https:\/\/www.europesays.com\/lv\/wp-json\/wp\/v2\/posts\/91485\/revisions"}],"wp:featuredmedia":[{"embeddable":true,"href":"https:\/\/www.europesays.com\/lv\/wp-json\/wp\/v2\/media\/91486"}],"wp:attachment":[{"href":"https:\/\/www.europesays.com\/lv\/wp-json\/wp\/v2\/media?parent=91485"}],"wp:term":[{"taxonomy":"category","embeddable":true,"href":"https:\/\/www.europesays.com\/lv\/wp-json\/wp\/v2\/categories?post=91485"},{"taxonomy":"post_tag","embeddable":true,"href":"https:\/\/www.europesays.com\/lv\/wp-json\/wp\/v2\/tags?post=91485"}],"curies":[{"name":"wp","href":"https:\/\/api.w.org\/{rel}","templated":true}]}}