{"id":91487,"date":"2026-01-01T08:33:03","date_gmt":"2026-01-01T08:33:03","guid":{"rendered":"https:\/\/www.europesays.com\/lv\/91487\/"},"modified":"2026-01-01T08:33:03","modified_gmt":"2026-01-01T08:33:03","slug":"pazinots-2026-gada-putns","status":"publish","type":"post","link":"https:\/\/www.europesays.com\/lv\/91487\/","title":{"rendered":"Pazi\u0146ots 2026. gada putns"},"content":{"rendered":"<p>Apodzi\u0146u aizsardz\u012bbai Latvij\u0101 ir a\u013cauts veidot mikroliegumus, ta\u010du liel\u0101k\u0101 da\u013ca apodzi\u0146u dz\u012bvot\u0146u \u0161obr\u012bd nav pien\u0101c\u012bgi aizsarg\u0101ta, uzsver LOB.<\/p>\n<p>Biedr\u012bb\u0101 ar\u012b uzskata, ka maksim\u0101l\u0101 pie\u013caujam\u0101 mikrolieguma plat\u012bba &#8211; desmit hekt\u0101ru &#8211; nav pietiekama, lai nodro\u0161in\u0101tu pat viena apodzi\u0146u p\u0101ra ligzdo\u0161anas teritorijas aizsardz\u012bbu. Tom\u0113r pat \u0161\u0101di &#8211; nelieli &#8211; mikroliegumi ir \u013coti b\u016btiski, lai nodro\u0161in\u0101tu vecu me\u017eu pieejam\u012bbu.<\/p>\n<p>\u0145emot v\u0113r\u0101 apodzi\u0146a pras\u012bbas p\u0113c dz\u012bvotnes un v\u0101jo dz\u012bvot\u0146u aizsardz\u012bbu, b\u016btisk\u0101kais drauds tam ir pa\u0161reiz\u0113j\u0101 me\u017esaimniec\u012bbas prakse &#8211; vecu me\u017eu izcir\u0161ana, me\u017eu sadrumstalo\u0161ana ar kailcirt\u0113m, me\u017eizstr\u0101des veik\u0161ana ligzdo\u0161anas laik\u0101, kas ne tikai rada trauc\u0113jumus, bet ar\u012b izn\u012bcina putnu ligzdas, akcent\u0113 LOB.<\/p>\n<p>T\u0101p\u0113c 2026. gad\u0101 biedr\u012bba uzman\u012bbu v\u0113r\u0161 uz apodzi\u0146a un citu ar veciem me\u017eiem saist\u012btu sugu aizsardz\u012bbu &#8211; gan iest\u0101joties par to, lai me\u017ea apsaimnieko\u0161anas likumi un noteikumi b\u016btu dabai labv\u0113l\u012bgi, gan rosinot konkr\u0113tu &#8211; dabai \u012bpa\u0161i svar\u012bgu &#8211; me\u017eu aizsardz\u012bbu.<\/p>\n<p>Apodzi\u0146\u0161 ir nometnieks, tom\u0113r \u0101rpus ligzdo\u0161anas sezonas tas var klejot \u0101rpus savas teritorijas un reiz\u0113m pat \u0101rpus me\u017ea. T\u0101 k\u0101 iecien\u012bts apodzi\u0146a med\u012bjums ir mazi putni, retumis var paveikties \u0161o p\u016bc\u012bti nov\u0113rot ar\u012b pie putnu barotavas. Ja izdodas apodzi\u0146u nov\u0113rot dab\u0101, LOB aicina re\u0123istr\u0113t \u0161o putna nov\u0113rojumu port\u0101l\u0101 &#8220;Dabasdati.lv&#8221;.<\/p>\n<p>Dr\u012bzum\u0101 biedr\u012bba izzi\u0146os tematisku 2026. gada putna z\u012bm\u0113jumu konkursu.<\/p>\n<p>Gada putna akcija, ko 1996. gad\u0101 Latvij\u0101 aizs\u0101ka LOB, norisin\u0101s jau 31. reizi.<\/p>\n","protected":false},"excerpt":{"rendered":"Apodzi\u0146u aizsardz\u012bbai Latvij\u0101 ir a\u013cauts veidot mikroliegumus, ta\u010du liel\u0101k\u0101 da\u013ca apodzi\u0146u dz\u012bvot\u0146u \u0161obr\u012bd nav pien\u0101c\u012bgi aizsarg\u0101ta, uzsver LOB.&hellip;\n","protected":false},"author":2,"featured_media":91488,"comment_status":"","ping_status":"","sticky":false,"template":"","format":"standard","meta":{"footnotes":""},"categories":[12],"tags":[23,63,65,28,29,60,32,33,59,22,70,64,30,31,35,39,38,36,37,34,40,68,20,26,27,69,66,67,24,25,62,21,61],"class_list":{"0":"post-91487","1":"post","2":"type-post","3":"status-publish","4":"format-standard","5":"has-post-thumbnail","7":"category-latvija","8":"tag-aktualitates","9":"tag-arvalstis","10":"tag-auto","11":"tag-breaking-news","12":"tag-breakingnews","13":"tag-egoiste","14":"tag-featured-news","15":"tag-featurednews","16":"tag-financenet","17":"tag-headlines","18":"tag-klik","19":"tag-kultura","20":"tag-latest-news","21":"tag-latestnews","22":"tag-latvia","23":"tag-latvian","24":"tag-latviesu","25":"tag-latviesu-valoda","26":"tag-latviesuvaloda","27":"tag-latvija","28":"tag-lv","29":"tag-maja","30":"tag-news","31":"tag-popularakas-zinas","32":"tag-popularakaszinas","33":"tag-receptes","34":"tag-sejas","35":"tag-sports","36":"tag-top-stories","37":"tag-topstories","38":"tag-viedokli","39":"tag-zinas","40":"tag-zinatne"},"share_on_mastodon":{"url":"https:\/\/pubeurope.com\/@lv\/115818922307023099","error":""},"_links":{"self":[{"href":"https:\/\/www.europesays.com\/lv\/wp-json\/wp\/v2\/posts\/91487","targetHints":{"allow":["GET"]}}],"collection":[{"href":"https:\/\/www.europesays.com\/lv\/wp-json\/wp\/v2\/posts"}],"about":[{"href":"https:\/\/www.europesays.com\/lv\/wp-json\/wp\/v2\/types\/post"}],"author":[{"embeddable":true,"href":"https:\/\/www.europesays.com\/lv\/wp-json\/wp\/v2\/users\/2"}],"replies":[{"embeddable":true,"href":"https:\/\/www.europesays.com\/lv\/wp-json\/wp\/v2\/comments?post=91487"}],"version-history":[{"count":0,"href":"https:\/\/www.europesays.com\/lv\/wp-json\/wp\/v2\/posts\/91487\/revisions"}],"wp:featuredmedia":[{"embeddable":true,"href":"https:\/\/www.europesays.com\/lv\/wp-json\/wp\/v2\/media\/91488"}],"wp:attachment":[{"href":"https:\/\/www.europesays.com\/lv\/wp-json\/wp\/v2\/media?parent=91487"}],"wp:term":[{"taxonomy":"category","embeddable":true,"href":"https:\/\/www.europesays.com\/lv\/wp-json\/wp\/v2\/categories?post=91487"},{"taxonomy":"post_tag","embeddable":true,"href":"https:\/\/www.europesays.com\/lv\/wp-json\/wp\/v2\/tags?post=91487"}],"curies":[{"name":"wp","href":"https:\/\/api.w.org\/{rel}","templated":true}]}}