{"id":91491,"date":"2026-01-01T08:35:03","date_gmt":"2026-01-01T08:35:03","guid":{"rendered":"https:\/\/www.europesays.com\/lv\/91491\/"},"modified":"2026-01-01T08:35:03","modified_gmt":"2026-01-01T08:35:03","slug":"janvara-teatra-pirmizrades-datumi-vietas-rezisori","status":"publish","type":"post","link":"https:\/\/www.europesays.com\/lv\/91491\/","title":{"rendered":"Janv\u0101ra te\u0101tra pirmizr\u0101des: datumi, vietas, re\u017eisori"},"content":{"rendered":"<p class=\"descr\">Janv\u0101r\u012b uz pirmizr\u0101d\u0113m aicina re\u017eisori: Valters S\u012blis, Herberts Lauk\u0161teins, Toms Treinis, Gatis \u0160mits, Juris Rijnieks, Daniels Ragets un Elm\u0101rs Se\u0146kovs.<\/p>\n<p>\t\t\t\t\t\t\t\t\t\t\t\t\t\t\t\t Komiski spilgts un cilv\u0113c\u012bgi paties\u012bgs st\u0101sts  <img decoding=\"async\" style=\"max-width: 600px;\" src=\"https:\/\/www.europesays.com\/lv\/wp-content\/uploads\/2026\/01\/781748_161e2cc037.jpg\" alt=\"\"\/> <\/p>\n<p class=\"descr-author\">Foto: publicit\u0101tes<\/p>\n<p>S\u0101kot ar janv\u0101ri, Latvijas skat\u012bt\u0101ji var\u0113s izbaud\u012bt aspr\u0101t\u012bgu un dinamiski iestud\u0113tu kom\u0113diju \u201cAk, \u0161is nevain\u012bgais blefs!\u201d, kura tapusi p\u0113c fran\u010du dramaturga Kloda Manj\u0113 lugas \u201cBl\u0113zs\u201d mot\u012bviem. Re\u017eisors &#8211; Herberts Lauk\u0161teins. Pirmizr\u0101de &#8211; sestdien, 17. janv\u0101r\u012b, plkst. 19.00 \u0100da\u017eu Kult\u016bras centr\u0101.<\/p>\n<p>Lugas centr\u0101 ir daudzsolo\u0161s gleznot\u0101js Bl\u0113zs, ta\u010du, lai nopirktu audeklu, kr\u0101sas un otas, vi\u0146\u0161 tirgo slotas. Toties vi\u0146am ir apsvied\u012bga draudzene. Vi\u0146a paz\u012bst \u201cpareizos cilv\u0113kus\u201d, kuri vienm\u0113r biju\u0161i \u012bstaj\u0101 laik\u0101 un \u012bstaj\u0101 viet\u0101.<\/p>\n<blockquote><p>Pietic\u012bgs, pietiekami nevain\u012bgs un l\u012bdz \u0161im neiev\u0113rots jauneklis p\u0113k\u0161\u0146i non\u0101k pasaul\u0113, kur vi\u0146u s\u0101k ievilkt attiec\u012bbu statusu sp\u0113l\u0113. Katram \u0161eit ir savs pl\u0101ns, savi aizspriedumi un v\u0113lme k\u0101du m\u0101n\u012bt, apburt vai p\u0101rliecin\u0101t.<\/p><\/blockquote>\n<p>Jo dzi\u013c\u0101k Bl\u0113zs tiek ierauts \u0161ajos attiec\u012bbu t\u012bklos, jo absurd\u0101ks k\u013c\u016bst viss notieko\u0161ais. Ta\u010du pavisam negaidot \u0161eit ierodas meitene no provinces\u2026<\/p>\n<p>\u201c\u0160o lugu izv\u0113l\u0113jos t\u0101p\u0113c, ka t\u0101 ir nevainojami uzrakst\u012bta dramatur\u0123ija. To da\u017e\u0101dos laikos izsp\u0113l\u0113ju\u0161i te\u0101tra grandi Luijs de Finess, Burvils un citi, un ne velti. \u201cBl\u0113zs\u201d ir gan komiski spilgts, gan cilv\u0113c\u012bgi paties\u012bgs st\u0101sts. Galven\u0101s lomas atveidot\u0101js Jurijs Djakonovs ir dzimis, lai nosp\u0113l\u0113tu gleznot\u0101ju un gr\u0101fu Bl\u0113zu de Ambrij\u0113, vai varb\u016bt luga ir uzrakst\u012bta vi\u0146am. Skat\u012bt\u0101ji redz\u0113s s\u012bko blefo\u0161anu ce\u013c\u0101 uz \u201claimi\u201d, bet p\u0101ri visam &#8211; patiesu un t\u012bru m\u012blest\u012bbu,\u201d st\u0101sta izr\u0101des re\u017eisors Herberts Lauk\u0161teins.<\/p>\n<p>  <img decoding=\"async\" style=\"max-width: 600px;\" src=\"https:\/\/www.europesays.com\/lv\/wp-content\/uploads\/2026\/01\/781766_97ebda593b.jpg\" alt=\"\"\/> <\/p>\n<p class=\"descr-author\">Publicit\u0101tes foto<\/p>\n<p>Savuk\u0101rt Bl\u0113za atveidot\u0101js Jurijs Djakonovs uzsver kom\u0113dijas vajadz\u012bbu laik\u0101, kad pasaule \u0101r\u0101 ir auksta un tum\u0161a.<\/p>\n<p>\u201c\u0160\u012b ir kom\u0113dija &#8211; \u017eanrs, kas m\u016bsdienu te\u0101tra ainav\u0101 k\u013c\u016bst par izmirsto\u0161u dinozauru, ta\u010du skat\u012bt\u0101jiem joproj\u0101m \u013coti vajadz\u012bgs. Izr\u0101de \u201cAk, \u0161is nevain\u012bgais blefs\u201d reprezent\u0113 da\u017e\u0101dus kom\u0113dijas \u017eanrus &#8211; situat\u012bvu, verb\u0101lu, fizisku un t\u0101 t\u0101l\u0101k, t\u0101d\u0113j\u0101di radot dz\u012bvu un dinamisku te\u0101tra pieredzi. Mums ir lielisks aktieru sast\u0101vs &#8211; gan aspr\u0101t\u012bgi un harizm\u0101tiski aktieri ar nopietnu pieredzi, gan ar\u012b pavisam jaunas un simp\u0101tiskas sejas, kas skat\u012bt\u0101jiem v\u0113l tikai gatavojas pier\u0101d\u012bt, ka vi\u0146us ir v\u0113rts redz\u0113t uz Latvijas skatuves ar\u012b turpm\u0101k.<\/p>\n<blockquote><p>No savas puses j\u016btu \u013coti lielu atbild\u012bbu un uztveru to ar visu nopietn\u012bbu, lai skat\u012bt\u0101js tiek izklaid\u0113ts, sasm\u012bdin\u0101ts, k\u0101 ar\u012b, lai izr\u0101de saglab\u0101 cilv\u0113c\u012bbu un j\u0113gu. Lai tas nepaliek tuk\u0161i pavad\u012bts vakars.\u201d<\/p><\/blockquote>\n<p>Lom\u0101s: Jurijs Djakonovs, Sandija Dovg\u0101ne, Anna Nele \u0100boli\u0146a, Velta Birze, Lelde Dreimane, J\u0101nis Jar\u0101ns, Ilze Pukinska, Ilze Liepa, Linda Kalni\u0146a, Inga Krasovska. Iestud\u0113jumam scenogr\u0101fiju veido Aurika Feldmane, kost\u012bmus &#8211; Gatis Timofejevs, horeogr\u0101fiju &#8211; Inga Krasovska, bet gaismu partit\u016bru &#8211; M\u0101rti\u0146\u0161 Feldmanis.<\/p>\n<p>N\u0101kam\u0101 izr\u0101de: 18. janv\u0101r\u012b plkst.16.00 Jelgavas Kult\u016bras nam\u0101.<\/p>\n","protected":false},"excerpt":{"rendered":"Janv\u0101r\u012b uz pirmizr\u0101d\u0113m aicina re\u017eisori: Valters S\u012blis, Herberts Lauk\u0161teins, Toms Treinis, Gatis \u0160mits, Juris Rijnieks, Daniels Ragets un&hellip;\n","protected":false},"author":2,"featured_media":91492,"comment_status":"","ping_status":"","sticky":false,"template":"","format":"standard","meta":{"footnotes":""},"categories":[19],"tags":[89,90,35,39,38,36,37,34,40],"class_list":{"0":"post-91491","1":"post","2":"type-post","3":"status-publish","4":"format-standard","5":"has-post-thumbnail","7":"category-izklaide","8":"tag-entertainment","9":"tag-izklaide","10":"tag-latvia","11":"tag-latvian","12":"tag-latviesu","13":"tag-latviesu-valoda","14":"tag-latviesuvaloda","15":"tag-latvija","16":"tag-lv"},"share_on_mastodon":{"url":"https:\/\/pubeurope.com\/@lv\/115818930019563945","error":""},"_links":{"self":[{"href":"https:\/\/www.europesays.com\/lv\/wp-json\/wp\/v2\/posts\/91491","targetHints":{"allow":["GET"]}}],"collection":[{"href":"https:\/\/www.europesays.com\/lv\/wp-json\/wp\/v2\/posts"}],"about":[{"href":"https:\/\/www.europesays.com\/lv\/wp-json\/wp\/v2\/types\/post"}],"author":[{"embeddable":true,"href":"https:\/\/www.europesays.com\/lv\/wp-json\/wp\/v2\/users\/2"}],"replies":[{"embeddable":true,"href":"https:\/\/www.europesays.com\/lv\/wp-json\/wp\/v2\/comments?post=91491"}],"version-history":[{"count":0,"href":"https:\/\/www.europesays.com\/lv\/wp-json\/wp\/v2\/posts\/91491\/revisions"}],"wp:featuredmedia":[{"embeddable":true,"href":"https:\/\/www.europesays.com\/lv\/wp-json\/wp\/v2\/media\/91492"}],"wp:attachment":[{"href":"https:\/\/www.europesays.com\/lv\/wp-json\/wp\/v2\/media?parent=91491"}],"wp:term":[{"taxonomy":"category","embeddable":true,"href":"https:\/\/www.europesays.com\/lv\/wp-json\/wp\/v2\/categories?post=91491"},{"taxonomy":"post_tag","embeddable":true,"href":"https:\/\/www.europesays.com\/lv\/wp-json\/wp\/v2\/tags?post=91491"}],"curies":[{"name":"wp","href":"https:\/\/api.w.org\/{rel}","templated":true}]}}