{"id":91493,"date":"2026-01-01T08:38:08","date_gmt":"2026-01-01T08:38:08","guid":{"rendered":"https:\/\/www.europesays.com\/lv\/91493\/"},"modified":"2026-01-01T08:38:08","modified_gmt":"2026-01-01T08:38:08","slug":"visa-pasaule-sagaidits-2026-gads-1188-lv","status":"publish","type":"post","link":"https:\/\/www.europesays.com\/lv\/91493\/","title":{"rendered":"Vis\u0101 pasaul\u0113 sagaid\u012bts 2026. gads &#8211; 1188.lv"},"content":{"rendered":"<ol>\n<li><a href=\"https:\/\/news.google.com\/rss\/articles\/CBMidEFVX3lxTE5LNHVKbTF1SzJCVnRwUzRHcHhvRDFxYi1HdUl1eG0wNkZ5LWQ5WGU2TG54dDE1a21PTnprbE5KajJJZUc3OG1RZGN3ZVJZZjJUZlZtR0xISDdjRm9GZ21CLUI0VzEyM1MybS1YWmJKNW9iaVVI?oc=5\" target=\"_blank\" rel=\"nofollow noopener\">Vis\u0101 pasaul\u0113 sagaid\u012bts 2026. gads<\/a>&nbsp;&nbsp;1188.lv<\/li>\n<li><a href=\"https:\/\/news.google.com\/rss\/articles\/CBMirAFBVV95cUxQMms0TVU2WUxOQWs3T25rdlh3V3Y1aWpfUTVDLUlpQmZOMzVPTmpLa1NjSXM2di02Mi01dkZXVVF2S0cwQ09SdHd1UVZRbTVpRl9kSm1ORW4tbkV2dHdldU9oZ3FTM2VZazkwcnAwVGNZZ0RuYjFuYkNLd3h1UmEwQVQ4VXNIZmhDczJNWHhIUC03TmlsdF9SWFhKSzVDdE9fZ0NVWlZyZnM3dzVw?oc=5\" target=\"_blank\" rel=\"nofollow noopener\">Austr\u0101lij\u0101 un citviet Jaunais gads jau sagaid\u012bts \/ Raksts<\/a>&nbsp;&nbsp;LSM<\/li>\n<li><a href=\"https:\/\/news.google.com\/rss\/articles\/CBMidEFVX3lxTE44VzJvN240NVpLSW5BOVhnbnNLMThWM2dUbGVXa3pPNTlkZ3Y5ZEhYUmZzRnhodmR5bXE1QzBEUjVrNGJ4cnQ2dUFjdy1XcWlnOUdFYXlocWl6SlN3bGRYQTc0MmZwSlA3ZXJKdHhaYnVkZDNN?oc=5\" target=\"_blank\" rel=\"nofollow noopener\">Vis\u0101 pasaul\u0113 ko\u0161i sagaid\u012bts 2026. gads<\/a>&nbsp;&nbsp;TVNET<\/li>\n<li><a href=\"https:\/\/news.google.com\/rss\/articles\/CBMiyAFBVV95cUxOTFNnUTQtN1RFSGFwSFYzQk5XblJoM0tGWFctN2g1WFJaSUJteGRNOHhaQUxjZFR6RG8ya2NRMkpZbjRRdm5DREVWUndpQWZtUXA2X01MV1dScGQ3NWRvaVJBLWRRT0IwNFEtSmVnaDRiU2tOOVV4RkNGUGg3SEloTnZRZVlPUllMUFZlZW03NllXWXR4dnBEdFlkZ2ZFUFNlZlhCSF8za0xCeUVGVXN5U2Z2U25QN3BpY29KUXpoUEh5VEdrMlBXYw?oc=5\" target=\"_blank\" rel=\"nofollow noopener\">Austrumos kr\u0101\u0161\u0146i sagaida Jauno gadu, da\u017eviet svin\u012bbas pietic\u012bg\u0101kas p\u0113c nesenaj\u0101m tra\u0123\u0113dij\u0101m<\/a>&nbsp;&nbsp;Jauns.lv<\/li>\n<li><a href=\"https:\/\/news.google.com\/rss\/articles\/CBMimwFBVV95cUxQTEs5dmM4RE4zNHQtRW83bENHeE1sbHdDbWV5eDVqMEdIcVk5cERBaEp5VFBSTmhxcndzYloyWndHNlMtTkt0QjVYTlZmUzhucDBPR2E2QVdpSU9zTzJpdF9DQldFMmZpOG8yYlpzQms0X2RYXzNqeGpESG5VTVExbmtaQVhUZlRRMFFobEJ6MHkxTFdkc3B0X0JKSQ?oc=5\" target=\"_blank\" rel=\"nofollow noopener\">Pasaule svin! Seko l\u012bdzi 2026. gada sagaid\u012b\u0161anai teksta tie\u0161raid\u0113<\/a>&nbsp;&nbsp;tv3.lv<\/li>\n<\/ol>\n","protected":false},"excerpt":{"rendered":"Vis\u0101 pasaul\u0113 sagaid\u012bts 2026. gads&nbsp;&nbsp;1188.lv Austr\u0101lij\u0101 un citviet Jaunais gads jau sagaid\u012bts \/ Raksts&nbsp;&nbsp;LSM Vis\u0101 pasaul\u0113 ko\u0161i sagaid\u012bts&hellip;\n","protected":false},"author":2,"featured_media":91494,"comment_status":"","ping_status":"","sticky":false,"template":"","format":"standard","meta":{"footnotes":""},"categories":[14],"tags":[129,22986,23,57,28,29,32,33,22,30,31,35,39,38,36,37,34,40,20,26,27,22987,22988,24,25,54,55,56,21,58],"class_list":{"0":"post-91493","1":"post","2":"type-post","3":"status-publish","4":"format-standard","5":"has-post-thumbnail","7":"category-zinas-no-arvalstim","8":"tag-__typenameadvicekeyword","9":"tag-id1990","10":"tag-aktualitates","11":"tag-arvalstim","12":"tag-breaking-news","13":"tag-breakingnews","14":"tag-featured-news","15":"tag-featurednews","16":"tag-headlines","17":"tag-latest-news","18":"tag-latestnews","19":"tag-latvia","20":"tag-latvian","21":"tag-latviesu","22":"tag-latviesu-valoda","23":"tag-latviesuvaloda","24":"tag-latvija","25":"tag-lv","26":"tag-news","27":"tag-popularakas-zinas","28":"tag-popularakaszinas","29":"tag-slugjaunais-gads","30":"tag-titlejaunais-gads","31":"tag-top-stories","32":"tag-topstories","33":"tag-world","34":"tag-world-news","35":"tag-worldnews","36":"tag-zinas","37":"tag-zinas-no-arvalstim"},"share_on_mastodon":{"url":"https:\/\/pubeurope.com\/@lv\/115818941891824058","error":""},"_links":{"self":[{"href":"https:\/\/www.europesays.com\/lv\/wp-json\/wp\/v2\/posts\/91493","targetHints":{"allow":["GET"]}}],"collection":[{"href":"https:\/\/www.europesays.com\/lv\/wp-json\/wp\/v2\/posts"}],"about":[{"href":"https:\/\/www.europesays.com\/lv\/wp-json\/wp\/v2\/types\/post"}],"author":[{"embeddable":true,"href":"https:\/\/www.europesays.com\/lv\/wp-json\/wp\/v2\/users\/2"}],"replies":[{"embeddable":true,"href":"https:\/\/www.europesays.com\/lv\/wp-json\/wp\/v2\/comments?post=91493"}],"version-history":[{"count":0,"href":"https:\/\/www.europesays.com\/lv\/wp-json\/wp\/v2\/posts\/91493\/revisions"}],"wp:featuredmedia":[{"embeddable":true,"href":"https:\/\/www.europesays.com\/lv\/wp-json\/wp\/v2\/media\/91494"}],"wp:attachment":[{"href":"https:\/\/www.europesays.com\/lv\/wp-json\/wp\/v2\/media?parent=91493"}],"wp:term":[{"taxonomy":"category","embeddable":true,"href":"https:\/\/www.europesays.com\/lv\/wp-json\/wp\/v2\/categories?post=91493"},{"taxonomy":"post_tag","embeddable":true,"href":"https:\/\/www.europesays.com\/lv\/wp-json\/wp\/v2\/tags?post=91493"}],"curies":[{"name":"wp","href":"https:\/\/api.w.org\/{rel}","templated":true}]}}