{"id":91497,"date":"2026-01-01T08:40:06","date_gmt":"2026-01-01T08:40:06","guid":{"rendered":"https:\/\/www.europesays.com\/lv\/91497\/"},"modified":"2026-01-01T08:40:06","modified_gmt":"2026-01-01T08:40:06","slug":"porzingis-pec-uzvaras-par-timberwolves-es-gribeju-but-agresivs-jau-no-pasa-sakuma-tv3-lv","status":"publish","type":"post","link":"https:\/\/www.europesays.com\/lv\/91497\/","title":{"rendered":"Porzi\u0146\u0123is p\u0113c uzvaras p\u0101r \u201cTimberwolves\u201d: Es grib\u0113ju b\u016bt agres\u012bvs jau no pa\u0161a s\u0101kuma &#8211; tv3.lv"},"content":{"rendered":"<ol>\n<li><a href=\"https:\/\/news.google.com\/rss\/articles\/CBMiuwFBVV95cUxON19rMVZiTUZIYkl0b0RoaXhTNUl6TkloS1ZwM3h0YzdrZWhRZElxXzdjNFl1alYzX3hiMk1qWFpUZzZycEZhcExxMlNYSndCWUNkcE1YeWN1WG01MDFseWk2WEZkaFBtUkU1RUNrVThtaXRCOHVtU3dRdkZ4NHVPTnNVQzMzdEEtQVdzMmxSYi1WTlRKU1B5Z2owMVpMOTB6cnhRdW80Ri1qelo1SkJINGtJdGRLd0RRdVU4?oc=5\" target=\"_blank\" rel=\"nofollow noopener\">Porzi\u0146\u0123is p\u0113c uzvaras p\u0101r \u201cTimberwolves\u201d: Es grib\u0113ju b\u016bt agres\u012bvs jau no pa\u0161a s\u0101kuma<\/a>&nbsp;&nbsp;tv3.lv<\/li>\n<li><a href=\"https:\/\/news.google.com\/rss\/articles\/CBMi3AFBVV95cUxOYVZTVzZyR0h3QXY0c3cyaDRyTzVLZGUzY3Atakx4dkFMVmlTZGNwSmdIMkhUREpkOWF4RWNMVVFDR3A1bDVaR09yNnlsREs5T1MwdV9UcjhTOHpMYV9UYldQRThIa2dWa1pHcDNxamRfaHpNVGhxMWYxR0Rtc3JCTVEzSVdJdmJsMkJlYW94MlJITDkybWpuRzMwOFVKVnJyOXQtbWFqczc0VEhZTEFNaVczZDRwblh0VDNBTzRZVUpUQUJlQXNFWElOclgwYjBSNEhPdHF3WjdIT2J6?oc=5\" target=\"_blank\" rel=\"nofollow noopener\">Porzi\u0146\u0123is atgrie\u017eas ar 16 punktu guvumu, \u00abHawks\u00bb p\u0101rtrauc ieilgu\u0161u zaud\u0113jumu s\u0113riju \/ Raksts<\/a>&nbsp;&nbsp;LSM<\/li>\n<li><a href=\"https:\/\/news.google.com\/rss\/articles\/CBMinAFBVV95cUxNblF1enlaMjNpWldfZ0Q0QjRwSldjQlQ0emZmOGxNUlV6eDU1LTJMX3dXVzU2dS1ENUZEWUhwTjU3UVF6TG5Jc0pvaGdmaU1QR1M3VWVSMnlQUlhfRThPRXNMUTRFVmVzcXpyQkZLd01UV04yWldyMTItNU5yTXBtUXR0Z3NxUm1kbmpYNTBSVXRxQmxyeUtEaVU5R1c?oc=5\" target=\"_blank\" rel=\"nofollow noopener\">Porzi\u0146\u0123is beidzot atgriez\u012bsies laukum\u0101<\/a>&nbsp;&nbsp;Delfi<\/li>\n<li><a href=\"https:\/\/news.google.com\/rss\/articles\/CBMirgFBVV95cUxNcGNHc0pmU19JWUt3TGNCVkVncnloVmJWRDNWWmZHY3k5NXBoLWFlYXl2R3VoZFB6NEJ0VEpnUHBRSnlGQjZ4a04tWC10THBrclhtUTRBUWN4Y0FlQTYtSTI4WjloY3dQNnozd2wyVzlEOEE3TW1sM1hJaWtXOTYyclQwQktXbzBOa1JFTFd6Rlg1TTNaSGM5NUdBRmpzdWl1N04yZjU5eUNDSE9kN2c?oc=5\" target=\"_blank\" rel=\"nofollow noopener\">Porzi\u0146\u0123is gada p\u0113d\u0113j\u0101 sp\u0113l\u0113 gatavojas atgriezties NBA laukum\u0101 \u2013 Basketbols<\/a>&nbsp;&nbsp;Sportacentrs.com<\/li>\n<li><a href=\"https:\/\/news.google.com\/rss\/articles\/CBMivgFBVV95cUxPUF9aZF9sdUFVU3VjUVNxaXZBeTBwQzd4WmNpdDZlVUN5OHRPZS0xbEJzSFRTbTdhZkJEZ3VlREFhNUJvSkliZmtVd0xzamFGb29XUWtULURqME5qVUYxbVNnSjFNM1pDT2ROYzlxX0ZGRmM1VDY4WVR5UGhodlNDZV9idjlCdVJ2YXVQQXlNVjF5VDBudEhiNHFuMjZvQ3JBM21Qcm52ZnBQS2NOOVhJUDRTUGpfaXRUWC01d2Vn?oc=5\" target=\"_blank\" rel=\"nofollow noopener\">VIDEO: Br\u012bnumainais Vec\u0101 gada vakars &#8211; Porzi\u0146\u0123a atgrie\u0161an\u0101s sp\u0113l\u0113 &#8220;Hawks&#8221; saplosa &#8220;Timberwolves&#8221;<\/a>&nbsp;&nbsp;tv3.lv<\/li>\n<\/ol>\n","protected":false},"excerpt":{"rendered":"Porzi\u0146\u0123is p\u0113c uzvaras p\u0101r \u201cTimberwolves\u201d: Es grib\u0113ju b\u016bt agres\u012bvs jau no pa\u0161a s\u0101kuma&nbsp;&nbsp;tv3.lv Porzi\u0146\u0123is atgrie\u017eas ar 16 punktu&hellip;\n","protected":false},"author":2,"featured_media":91498,"comment_status":"","ping_status":"","sticky":false,"template":"","format":"standard","meta":{"footnotes":""},"categories":[5],"tags":[23,23034,28,29,32,33,22,30,31,35,39,38,36,37,34,40,20,26,27,24,25,21],"class_list":{"0":"post-91497","1":"post","2":"type-post","3":"status-publish","4":"format-standard","5":"has-post-thumbnail","7":"category-aktualitates","8":"tag-aktualitates","9":"tag-atlantas-hawkskristaps-porzingisminesotas-timberwolvesnba","10":"tag-breaking-news","11":"tag-breakingnews","12":"tag-featured-news","13":"tag-featurednews","14":"tag-headlines","15":"tag-latest-news","16":"tag-latestnews","17":"tag-latvia","18":"tag-latvian","19":"tag-latviesu","20":"tag-latviesu-valoda","21":"tag-latviesuvaloda","22":"tag-latvija","23":"tag-lv","24":"tag-news","25":"tag-popularakas-zinas","26":"tag-popularakaszinas","27":"tag-top-stories","28":"tag-topstories","29":"tag-zinas"},"share_on_mastodon":{"url":"https:\/\/pubeurope.com\/@lv\/115818949682325559","error":""},"_links":{"self":[{"href":"https:\/\/www.europesays.com\/lv\/wp-json\/wp\/v2\/posts\/91497","targetHints":{"allow":["GET"]}}],"collection":[{"href":"https:\/\/www.europesays.com\/lv\/wp-json\/wp\/v2\/posts"}],"about":[{"href":"https:\/\/www.europesays.com\/lv\/wp-json\/wp\/v2\/types\/post"}],"author":[{"embeddable":true,"href":"https:\/\/www.europesays.com\/lv\/wp-json\/wp\/v2\/users\/2"}],"replies":[{"embeddable":true,"href":"https:\/\/www.europesays.com\/lv\/wp-json\/wp\/v2\/comments?post=91497"}],"version-history":[{"count":0,"href":"https:\/\/www.europesays.com\/lv\/wp-json\/wp\/v2\/posts\/91497\/revisions"}],"wp:featuredmedia":[{"embeddable":true,"href":"https:\/\/www.europesays.com\/lv\/wp-json\/wp\/v2\/media\/91498"}],"wp:attachment":[{"href":"https:\/\/www.europesays.com\/lv\/wp-json\/wp\/v2\/media?parent=91497"}],"wp:term":[{"taxonomy":"category","embeddable":true,"href":"https:\/\/www.europesays.com\/lv\/wp-json\/wp\/v2\/categories?post=91497"},{"taxonomy":"post_tag","embeddable":true,"href":"https:\/\/www.europesays.com\/lv\/wp-json\/wp\/v2\/tags?post=91497"}],"curies":[{"name":"wp","href":"https:\/\/api.w.org\/{rel}","templated":true}]}}