{"id":91505,"date":"2026-01-01T08:50:18","date_gmt":"2026-01-01T08:50:18","guid":{"rendered":"https:\/\/www.europesays.com\/lv\/91505\/"},"modified":"2026-01-01T08:50:18","modified_gmt":"2026-01-01T08:50:18","slug":"desmit-valstis-bridina-par-katastrofalo-situaciju-gazas-josla-raksts","status":"publish","type":"post","link":"https:\/\/www.europesays.com\/lv\/91505\/","title":{"rendered":"Desmit valstis br\u012bdina par katastrof\u0101lo situ\u0101ciju Gazas josl\u0101 \/ Raksts"},"content":{"rendered":"<p>Desmit valstu \u0101rlietu ministri otrdien pauda nopietnas ba\u017eas par hum\u0101n\u0101s situ\u0101cijas pasliktin\u0101\u0161anos Gazas josl\u0101, br\u012bdinot, ka situ\u0101cija ir katastrof\u0101la.\u00a0<\/p>\n<p>&#8220;Tuvojoties ziemai,\u00a0<\/p>\n<blockquote>\n<p>civiliedz\u012bvot\u0101ji Gaz\u0101 saskaras ar \u0161ausmino\u0161iem apst\u0101k\u013ciem, jo stipri l\u012bst un temperat\u016bra pazemin\u0101s,&#8221;\u00a0<\/p>\n<\/blockquote>\n<p>D\u0101nijas, Francijas, Islandes, Jap\u0101nas, Kan\u0101das, Lielbrit\u0101nijas, Norv\u0113\u0123ijas, Somijas, \u0160veices un Zviedrijas ministri nor\u0101d\u012bja kop\u012bg\u0101 pazi\u0146ojum\u0101, ko izplat\u012bja Lielbrit\u0101nijas \u0100rlietu ministrija.\u00a0<\/p>\n<p>&#8220;1,3 miljoniem cilv\u0113ku joproj\u0101m ir nepiecie\u0161ams t\u016bl\u012bt\u0113js atbalsts pajumtes nodro\u0161in\u0101\u0161anai. Vair\u0101k nek\u0101 puse vesel\u012bbas apr\u016bpes iest\u0101\u017eu darbojas tikai da\u013c\u0113ji, un taj\u0101s tr\u016bkst svar\u012bg\u0101ko medic\u012bnas iek\u0101rtu un materi\u0101lu. Sanit\u0101r\u0101s infrastrukt\u016bras piln\u012bga sabrukuma d\u0113\u013c 740 000 cilv\u0113ku ir pak\u013cauti toksisku pl\u016bdu draudiem,&#8221; teikts pazi\u0146ojum\u0101.\u00a0<\/p>\n<p>Ministri pauda gandar\u012bjumu par pan\u0101kumiem, kas g\u016bti, lai izbeigtu asinsizlie\u0161anu Gaz\u0101 un nodro\u0161in\u0101tu Izra\u0113l\u0101 sagr\u0101bto \u0137\u012blnieku atbr\u012bvo\u0161anu.\u00a0<\/p>\n<p>&#8220;Tom\u0113r\u00a0<\/p>\n<blockquote>\n<p>m\u0113s nenov\u0113rs\u012bsim uzman\u012bbu no civiliedz\u012bvot\u0101ju b\u0113d\u012bg\u0101 st\u0101vok\u013ca Gaz\u0101,&#8221; uzsv\u0113ra ministri,\u00a0<\/p>\n<\/blockquote>\n<p>aicinot Izra\u0113las vald\u012bbu veikt virkni &#8220;steidzamu un b\u016btisku&#8221; pas\u0101kumu.\u00a0<\/p>\n<p>Cita starp\u0101 j\u0101nodro\u0161ina, lai starptautisk\u0101s nevalstisk\u0101s organiz\u0101cijas Gaz\u0101 var\u0113tu darboties &#8220;ilgtsp\u0113j\u012bgi un paredzami&#8221;.\u00a0<\/p>\n<p>&#8220;Tuvojoties 31. decembrim,\u00a0<\/p>\n<blockquote>\n<p>daudzu starptautisko nevalstisko organiz\u0101ciju partneriem draud re\u0123istr\u0101cijas atcel\u0161ana Izra\u0113las vald\u012bbas jauno ierobe\u017eojo\u0161o pras\u012bbu d\u0113\u013c,&#8221;\u00a0<\/p>\n<\/blockquote>\n<p>teikts pazi\u0146ojum\u0101.\u00a0<\/p>\n<p>Taj\u0101 ar\u012b pausts aicin\u0101jums, lai ANO un t\u0101s partneri var turpin\u0101t darbu Gaz\u0101 un lai tiktu atcelti &#8220;nepamatotie ierobe\u017eojumi importam, ko uzskata par div\u0113j\u0101da lietojuma prec\u0113m&#8221;.\u00a0<\/p>\n<p>Tas attiecas ar\u012b uz medic\u012bnas un patversmju apr\u012bkojumu.\u00a0<\/p>\n<p>\u0100rlietu ministri ar\u012b aicin\u0101ja atv\u0113rt robe\u017e\u0161\u0137\u0113rso\u0161anas punktus, lai palielin\u0101tu hum\u0101n\u0101s pal\u012bdz\u012bbas pl\u016bsmu uz Gazu.\u00a0<\/p>\n<p>&#8220;M\u0113r\u0137im \u2013 4200 kravas automa\u0161\u012bnu ned\u0113\u013c\u0101, ar\u012b 250 ANO kravas automa\u0161\u012bnu dien\u0101 \u2013 vajadz\u0113tu b\u016bt minim\u0101lajam, nevis maksim\u0101lajam apjomam. \u0160ie m\u0113r\u0137i b\u016btu j\u0101palielina, lai m\u0113s var\u0113tu b\u016bt dro\u0161i, ka vit\u0101li svar\u012bg\u0101s pieg\u0101des tiek nodro\u0161in\u0101tas vajadz\u012bgaj\u0101 apjom\u0101,&#8221; teikts pazi\u0146ojum\u0101.<\/p>\n<p>KONTEKSTS:<\/p>\n<p>Pateicoties uzlabotai hum\u0101n\u0101s pal\u012bdz\u012bbas piek\u013cuvei, Gazas josl\u0101 vairs nav bada st\u0101voklis. T\u0101 neilgi pirms Ziemassv\u0113tkiem pazi\u0146oja Rom\u0101 b\u0101z\u0113t\u0101 P\u0101rtikas dro\u0161\u012bbas stadiju kompleks\u0101s klasifik\u0101cijas iniciat\u012bvas ekspertu grupa, kurai ANO uzdevusi br\u012bdin\u0101t par gaid\u0101m\u0101m kr\u012bz\u0113m.<\/p>\n<p>2023. gada 7. oktobr\u012b &#8220;Ham\u0101s&#8221;<a data-id=\"526861\" data-type=\"article\" href=\"https:\/\/www.lsm.lv\/raksts\/zinas\/arzemes\/07.10.2023-izraelas-premjers-pavel-sakt-atbildes-karu-pec-palestiniesu-kaujinieku-rakesu-uzbrukumiem.a526861\/\" class=\"lsm-link\" rel=\"nofollow noopener\" target=\"_blank\">\u00a0sar\u012bkoja<\/a>\u00a0slakti\u0146u Izra\u0113l\u0101, noslepkavojot ap 1200 cilv\u0113ku, no kuriem absol\u016btais vair\u0101kums bija civilpersonas. V\u0113l aptuveni 250 cilv\u0113kus, taj\u0101 skait\u0101 sievietes, b\u0113rnus un sirmgalvjus, teroristi sagr\u0101ba par \u0137\u012blniekiem un aizveda uz Gazas joslu.<\/p>\n<p>Izra\u0113la<a data-id=\"529566\" data-type=\"article\" href=\"https:\/\/www.lsm.lv\/raksts\/zinas\/arzemes\/29.10.2023-izraela-uzsakusi-jaunu-kara-posmu-gazas-josla-apnemiga-iznicinat-teroristus-un-atgriezt-kilniekus.a529566\/\" class=\"lsm-link\" rel=\"nofollow noopener\" target=\"_blank\">\u00a0atbild\u0113ja<\/a>\u00a0ar milit\u0101ro oper\u0101ciju Gazas josl\u0101, k\u0101 ar\u012b pastiprin\u0101ja kl\u0101tb\u016btni Jord\u0101nas Rietumkrast\u0101, solot izn\u012bcin\u0101t teroristu grup\u0113jumu &#8220;Ham\u0101s&#8221;. Starptautisk\u0101 sabiedr\u012bba, tostarp ar\u012b vair\u0101ki Izra\u0113las<a data-id=\"549839\" data-type=\"article\" href=\"https:\/\/www.lsm.lv\/raksts\/zinas\/arzemes\/10.04.2024-baidens-netanjahu-politika-gaza-ir-kludaina-un-es-nepiekritu-sadai-pieejai.a549839\/\" class=\"lsm-link\" rel=\"nofollow noopener\" target=\"_blank\">\u00a0sabiedrotie<\/a>, vair\u0101kk\u0101rt nor\u0101d\u012bju\u0161i uz nesam\u0113r\u012bgu Telavivas atbildi teroristu uzbrukumam.<\/p>\n<p>2025. gada vasar\u0101 Izra\u0113las veikt\u0101s ilgsto\u0161\u0101s Gazas teritorijas blok\u0101des un akt\u012bv\u0101 bombard\u0113\u0161ana noveda pie katastrof\u0101la\u00a0<a data-id=\"611399\" data-type=\"article\" href=\"https:\/\/www.lsm.lv\/raksts\/zinas\/arzemes\/22.08.2025-ano-gaza-ir-katastrofals-bads-izraela-to-sauc-par-meliem.a611399\/?utm_source=lsm&amp;utm_medium=theme&amp;utm_campaign=theme\" class=\"lsm-link\" rel=\"nofollow noopener\" target=\"_blank\">bada<\/a>, pirm\u0101s nepiecie\u0161am\u012bbas pre\u010du un \u016bdens tr\u016bkuma. Starptautisk\u0101 genoc\u012bda p\u0113tnieku\u00a0<a data-id=\"612654\" data-type=\"article\" href=\"https:\/\/www.lsm.lv\/raksts\/zinas\/arzemes\/02.09.2025-starptautiska-genocida-petnieku-asociacija-izraela-veic-genocidu-gazas-josla.a612654\/?utm_source=lsm&amp;utm_medium=theme&amp;utm_campaign=theme\" class=\"lsm-link\" rel=\"nofollow noopener\" target=\"_blank\">asoci\u0101cija\u00a0<\/a>un\u00a0<a data-id=\"612201\" data-type=\"article\" href=\"https:\/\/www.lsm.lv\/raksts\/zinas\/arzemes\/29.08.2025-simtiem-ano-darbinieku-mudina-augsto-cilvektiesibu-komisaru-nosaukt-karu-gazas-josla-par-genocidu.a612201\/?utm_source=lsm&amp;utm_medium=theme&amp;utm_campaign=theme\" class=\"lsm-link\" rel=\"nofollow noopener\" target=\"_blank\">ANO\u00a0<\/a>p\u0101rst\u0101vji aicin\u0101ju\u0161i Telavivas r\u012bc\u012bbu \u0161aj\u0101 teritorij\u0101 atz\u012bt par genoc\u012bdu<\/p>\n<p>Pieaugot Rietumvalstu spiedienam uz Izra\u0113lu, arvien ska\u013c\u0101k izskan aicin\u0101jumi\u00a0<a data-id=\"600836\" data-type=\"article\" href=\"https:\/\/www.lsm.lv\/raksts\/zinas\/arzemes\/28.05.2025-politico-francija-mudina-eiropas-sabiedrotos-atzit-palestinas-valsti.a600836\/\" class=\"lsm-link\" rel=\"nofollow noopener\" target=\"_blank\">atz\u012bt\u00a0<\/a>Palest\u012bnas valsti. L\u012bdz \u0161im to paveiku\u0161as vair\u0101k nek\u0101 150 ANO dal\u012bbvalstis, tostarp 11 no 27 Eiropas Savien\u012bbas valst\u012bm, piem\u0113ram, Sp\u0101nija, Rum\u0101nija, Zviedrija, \u012arija un Bulg\u0101rija. Ruden\u012b Palest\u012bnas valsti atzina\u00a0<a data-id=\"615224\" data-type=\"article\" href=\"https:\/\/www.lsm.lv\/raksts\/zinas\/arzemes\/21.09.2025-lielbritanija-australija-un-kanada-atzist-palestinas-valsti.a615224\/\" class=\"lsm-link\" rel=\"nofollow noopener\" target=\"_blank\">Lielbrit\u0101nija, Kan\u0101da un Austr\u0101lija<\/a>, k\u0101 ar\u012b Portug\u0101le un Francija. \u0160\u0101du valstu soli kritiz\u0113jusi Izra\u0113la un t\u0101s sabiedrot\u0101s ASV.<\/p>\n<p>Oktobra s\u0101kum\u0101 ASV prezidents Donalds Tramps pied\u0101v\u0101ja Izra\u0113lai un &#8220;Ham\u0101s&#8221; savu 20 punktu pamiera\u00a0<a data-id=\"616973\" data-type=\"article\" href=\"https:\/\/www.lsm.lv\/raksts\/zinas\/arzemes\/03.10.2025-tramps-izvirza-ultimatu-hamas-miers-japanak-lidz-svetdienas-vakaram.a616973\/\" class=\"lsm-link\" rel=\"nofollow noopener\" target=\"_blank\">pl\u0101nu<\/a>, uzsverot, ka ab\u0101m pus\u0113m tas j\u0101pie\u0146em. P\u0113c vair\u0101kas dienas ilg\u0101m netie\u0161\u0101m sarun\u0101m \u0112\u0123ipt\u0113 &#8220;Ham\u0101s&#8221; un Izra\u0113la pl\u0101nam\u00a0<a data-id=\"617798\" data-type=\"article\" href=\"https:\/\/www.lsm.lv\/raksts\/zinas\/arzemes\/10.10.2025-izraela-atbalsta-pamiera-vienosanos-ar-hamas-un-sak-atvilkt-karaspeku-no-gazas-joslas.a617798\/\" class=\"lsm-link\" rel=\"nofollow noopener\" target=\"_blank\">piekrita<\/a>. Dr\u012bz p\u0113c tam Izra\u0113la s\u0101ka da\u013c\u0113ji atvilkt savus sp\u0113kus no Gazas joslas.<\/p>\n<p>\u00a0Izra\u0113las premjerministrs Benjamins Netanjahu 8. decembr\u012b pav\u0113st\u012bja, ka pamiera otrais posms, kur\u0101 paredz\u0113ta &#8220;Ham\u0101s&#8221; atbru\u0146o\u0161ana un Izra\u0113las karasp\u0113ka izve\u0161ana no Gazas joslas, var\u0113tu s\u0101kties jau 2025. gada beig\u0101s.<\/p>\n<p>                    Valodas k\u013c\u016bda rakst\u0101?<\/p>\n<p class=\"d-none d-md-block\">Iez\u012bm\u0113jiet tekstu un spiediet Ctrl+Enter, lai nos\u016bt\u012btu labojamo teksta fragmentu redaktoram! Par faktu k\u013c\u016bd\u0101m l\u016bdzam zi\u0146ot e-past\u0101 <a href=\"https:\/\/www.lsm.lv\/cdn-cgi\/l\/email-protection\" class=\"__cf_email__\" data-cfemail=\"36445352575d555f5c57765a455b185a40\" rel=\"nofollow noopener\" target=\"_blank\">[email\u00a0protected]<\/a>.<\/p>\n<p class=\"d-md-none\">Iez\u012bm\u0113jiet tekstu un spiediet uz Zi\u0146ot par k\u013c\u016bdu pogas, lai nos\u016bt\u012btu labojamo teksta fragmentu redaktoram!<\/p>\n<p>\n                    Zi\u0146ot par k\u013c\u016bdu\n                <\/p>\n","protected":false},"excerpt":{"rendered":"Desmit valstu \u0101rlietu ministri otrdien pauda nopietnas ba\u017eas par hum\u0101n\u0101s situ\u0101cijas pasliktin\u0101\u0161anos Gazas josl\u0101, br\u012bdinot, ka situ\u0101cija ir&hellip;\n","protected":false},"author":2,"featured_media":91506,"comment_status":"","ping_status":"","sticky":false,"template":"","format":"standard","meta":{"footnotes":""},"categories":[14],"tags":[23,57,28,29,32,33,22,30,31,35,39,38,36,37,34,40,20,26,27,24,25,54,55,56,21,58],"class_list":{"0":"post-91505","1":"post","2":"type-post","3":"status-publish","4":"format-standard","5":"has-post-thumbnail","7":"category-zinas-no-arvalstim","8":"tag-aktualitates","9":"tag-arvalstim","10":"tag-breaking-news","11":"tag-breakingnews","12":"tag-featured-news","13":"tag-featurednews","14":"tag-headlines","15":"tag-latest-news","16":"tag-latestnews","17":"tag-latvia","18":"tag-latvian","19":"tag-latviesu","20":"tag-latviesu-valoda","21":"tag-latviesuvaloda","22":"tag-latvija","23":"tag-lv","24":"tag-news","25":"tag-popularakas-zinas","26":"tag-popularakaszinas","27":"tag-top-stories","28":"tag-topstories","29":"tag-world","30":"tag-world-news","31":"tag-worldnews","32":"tag-zinas","33":"tag-zinas-no-arvalstim"},"share_on_mastodon":{"url":"https:\/\/pubeurope.com\/@lv\/115818989068983212","error":""},"_links":{"self":[{"href":"https:\/\/www.europesays.com\/lv\/wp-json\/wp\/v2\/posts\/91505","targetHints":{"allow":["GET"]}}],"collection":[{"href":"https:\/\/www.europesays.com\/lv\/wp-json\/wp\/v2\/posts"}],"about":[{"href":"https:\/\/www.europesays.com\/lv\/wp-json\/wp\/v2\/types\/post"}],"author":[{"embeddable":true,"href":"https:\/\/www.europesays.com\/lv\/wp-json\/wp\/v2\/users\/2"}],"replies":[{"embeddable":true,"href":"https:\/\/www.europesays.com\/lv\/wp-json\/wp\/v2\/comments?post=91505"}],"version-history":[{"count":0,"href":"https:\/\/www.europesays.com\/lv\/wp-json\/wp\/v2\/posts\/91505\/revisions"}],"wp:featuredmedia":[{"embeddable":true,"href":"https:\/\/www.europesays.com\/lv\/wp-json\/wp\/v2\/media\/91506"}],"wp:attachment":[{"href":"https:\/\/www.europesays.com\/lv\/wp-json\/wp\/v2\/media?parent=91505"}],"wp:term":[{"taxonomy":"category","embeddable":true,"href":"https:\/\/www.europesays.com\/lv\/wp-json\/wp\/v2\/categories?post=91505"},{"taxonomy":"post_tag","embeddable":true,"href":"https:\/\/www.europesays.com\/lv\/wp-json\/wp\/v2\/tags?post=91505"}],"curies":[{"name":"wp","href":"https:\/\/api.w.org\/{rel}","templated":true}]}}