{"id":91511,"date":"2026-01-01T08:57:08","date_gmt":"2026-01-01T08:57:08","guid":{"rendered":"https:\/\/www.europesays.com\/lv\/91511\/"},"modified":"2026-01-01T08:57:08","modified_gmt":"2026-01-01T08:57:08","slug":"rigas-domes-priekssedetaja-viestura-kleinberga-uzruna-sagaidot-2026-gadu","status":"publish","type":"post","link":"https:\/\/www.europesays.com\/lv\/91511\/","title":{"rendered":"R\u012bgas domes priek\u0161s\u0113d\u0113t\u0101ja Viestura Kleinberga uzruna, sagaidot 2026. gadu"},"content":{"rendered":"<p class=\"descr\">\u0160ogad daudz esmu ticies ar jaunajiem r\u012bdziniekiem \u2013 gan piekr\u012btot intervijai piecgad\u012bgajam Ernestam no 208. pirmsskolas izgl\u012bt\u012bbas iest\u0101des, gan Fran\u010du liceja skol\u0113nu v\u0113lmei uzdot ar\u012b ne\u0113rtus jaut\u0101jumus, gan akt\u012bviem jaunie\u0161iem, kuri v\u0113las veidot ilgtsp\u0113j\u012bgas modes pas\u0101kumus R\u012bg\u0101.<\/p>\n<p>No visiem esmu guvis vienu skaidru atzi\u0146u: R\u012bgai un Latvijai ir n\u0101kotne. Es redzu vi\u0146os talantus, patiesu interesi par savu pils\u0113tu un lielu ap\u0146em\u0161anos nest R\u012bgas v\u0101rdu pasaul\u0113.<\/p>\n<p>2025. gad\u0101 m\u016bsu pils\u0113t\u0101 ir bijis daudz vair\u0101k pozit\u012bv\u0101 nek\u0101 negat\u012bv\u0101. To \u0161ogad redz\u0113j\u0101m gan ikdien\u0101, gan br\u012b\u017eos, kad cilv\u0113ki piec\u0113l\u0101s k\u0101j\u0101s, lai aizst\u0101v\u0113tu savas v\u0113rt\u012bbas.<\/p>\n<p>Tas ir demokr\u0101tijas sp\u0113ks, Eiropas sp\u0113ks un ar\u012b R\u012bgas sp\u0113ks.<\/p>\n<p>M\u0113s dz\u012bvojam laik\u0101, kur viss notiek \u013coti \u0101tri. M\u0113s bie\u017ei las\u0101m zi\u0146as tikai virsrakstu l\u012bmen\u012b un neatrodam laiku, lai iedzi\u013cin\u0101tos ne tikai notikumos, bet ar\u012b viens otr\u0101.<\/p>\n<p>\u0160\u0137el\u0161ana rodas no nepateikt\u0101 un nesadzird\u0113t\u0101. T\u0101p\u0113c n\u0101kamaj\u0101 gad\u0101 es mums visiem nov\u0113lu maz\u0101k str\u012bdu un ka\u0161\u0137u, vair\u0101k sp\u0113jas ieklaus\u012bties un pie\u0146emt ar\u012b at\u0161\u0137ir\u012bgus viedok\u013cus, jo str\u012bdi un savstarp\u0113ja aizvaino\u0161ana nevis stiprina m\u016bsu izaugsmi, bet liek sprungu\u013cus kop\u012bgaj\u0101 ce\u013c\u0101.<\/p>\n<p>R\u012bga ir br\u012bva Eiropas galvaspils\u0113ta, kas skaidri st\u0101v demokr\u0101tijas pus\u0113.<\/p>\n<p>Un tie\u0161i t\u0101p\u0113c, ka dz\u012bvojam br\u012bv\u0101 pils\u0113t\u0101, mums ir pien\u0101kums atcer\u0113ties tos, kuri par br\u012bv\u012bbu maks\u0101 visaugst\u0101ko cenu.<\/p>\n<p>\u0160odien Ukrain\u0101 ir jau 1407. kara diena. Kam\u0113r m\u0113s jauno gadu sagaid\u0101m sav\u0101s m\u0101j\u0101s, pils\u0113t\u0101, koncertos, daudzi Ukrain\u0101 to pavada aukst\u0101s patvertn\u0113s.<\/p>\n<p>Bet vi\u0146i nenogurst, turpinot c\u012b\u0146u ar\u012b par m\u016bsu br\u012bv\u012bbu, par Eiropas dro\u0161\u012bbu un demokr\u0101tiju. M\u0113s nedr\u012bkstam pagurt, aizmirst vai nov\u0113rsties, mums ir j\u0101sniedz nepiecie\u0161amais atbalsts l\u012bdz pat Ukrainas uzvarai!<\/p>\n<p>Es zinu, ka p\u0101rmai\u0146as <a href=\"https:\/\/nra.lv\/latvija\/riga\/503177-imantas-negadijums-ar-skuteriem-rigas-mera-reakcija-un-ierosinajumi.htm\" data-item-link=\"true\" data-item-id=\"503177\" rel=\"nofollow noopener\" target=\"_blank\">R\u012bg\u0101 <\/a>gaida daudzi, bet ne vienm\u0113r ir viegli b\u016bt tiem, kuri uz\u0146emas atbild\u012bbu t\u0101s nest.<\/p>\n","protected":false},"excerpt":{"rendered":"\u0160ogad daudz esmu ticies ar jaunajiem r\u012bdziniekiem \u2013 gan piekr\u012btot intervijai piecgad\u012bgajam Ernestam no 208. pirmsskolas izgl\u012bt\u012bbas iest\u0101des,&hellip;\n","protected":false},"author":2,"featured_media":91512,"comment_status":"","ping_status":"","sticky":false,"template":"","format":"standard","meta":{"footnotes":""},"categories":[12],"tags":[23,28,29,32,33,22,30,31,35,39,38,36,37,34,40,20,26,27,24,25,21],"class_list":{"0":"post-91511","1":"post","2":"type-post","3":"status-publish","4":"format-standard","5":"has-post-thumbnail","7":"category-latvija","8":"tag-aktualitates","9":"tag-breaking-news","10":"tag-breakingnews","11":"tag-featured-news","12":"tag-featurednews","13":"tag-headlines","14":"tag-latest-news","15":"tag-latestnews","16":"tag-latvia","17":"tag-latvian","18":"tag-latviesu","19":"tag-latviesu-valoda","20":"tag-latviesuvaloda","21":"tag-latvija","22":"tag-lv","23":"tag-news","24":"tag-popularakas-zinas","25":"tag-popularakaszinas","26":"tag-top-stories","27":"tag-topstories","28":"tag-zinas"},"share_on_mastodon":{"url":"https:\/\/pubeurope.com\/@lv\/115819016617393443","error":""},"_links":{"self":[{"href":"https:\/\/www.europesays.com\/lv\/wp-json\/wp\/v2\/posts\/91511","targetHints":{"allow":["GET"]}}],"collection":[{"href":"https:\/\/www.europesays.com\/lv\/wp-json\/wp\/v2\/posts"}],"about":[{"href":"https:\/\/www.europesays.com\/lv\/wp-json\/wp\/v2\/types\/post"}],"author":[{"embeddable":true,"href":"https:\/\/www.europesays.com\/lv\/wp-json\/wp\/v2\/users\/2"}],"replies":[{"embeddable":true,"href":"https:\/\/www.europesays.com\/lv\/wp-json\/wp\/v2\/comments?post=91511"}],"version-history":[{"count":0,"href":"https:\/\/www.europesays.com\/lv\/wp-json\/wp\/v2\/posts\/91511\/revisions"}],"wp:featuredmedia":[{"embeddable":true,"href":"https:\/\/www.europesays.com\/lv\/wp-json\/wp\/v2\/media\/91512"}],"wp:attachment":[{"href":"https:\/\/www.europesays.com\/lv\/wp-json\/wp\/v2\/media?parent=91511"}],"wp:term":[{"taxonomy":"category","embeddable":true,"href":"https:\/\/www.europesays.com\/lv\/wp-json\/wp\/v2\/categories?post=91511"},{"taxonomy":"post_tag","embeddable":true,"href":"https:\/\/www.europesays.com\/lv\/wp-json\/wp\/v2\/tags?post=91511"}],"curies":[{"name":"wp","href":"https:\/\/api.w.org\/{rel}","templated":true}]}}