{"id":91526,"date":"2026-01-01T09:20:07","date_gmt":"2026-01-01T09:20:07","guid":{"rendered":"https:\/\/www.europesays.com\/lv\/91526\/"},"modified":"2026-01-01T09:20:07","modified_gmt":"2026-01-01T09:20:07","slug":"prieditis-sak-darbu-tele2-izpilddirektora-amata","status":"publish","type":"post","link":"https:\/\/www.europesays.com\/lv\/91526\/","title":{"rendered":"Pried\u012btis s\u0101k darbu &#8220;Tele2&#8221; izpilddirektora amat\u0101"},"content":{"rendered":"<p>Savuk\u0101rt iepriek\u0161\u0113jais &#8220;Tele2&#8221; valdes priek\u0161s\u0113d\u0113t\u0101js un izpilddirektors Valdis Vancovi\u010ds amatu atst\u0101ja 11. novembr\u012b.<\/p>\n<p>Pried\u012btis nor\u0101da, ka m\u0113r\u0137is ir turpin\u0101t uz\u0146\u0113muma izaugsmi, stiprin\u0101t &#8220;Tele2&#8221; l\u012bderpoz\u012bcijas un nodro\u0161in\u0101t lab\u0101ku pieredzi klientiem.<\/p>\n<p>Vi\u0146\u0161 str\u0101d\u0101 &#8220;Tele2&#8221; 18 gadus.<\/p>\n<p>&#8220;Firmas.lv&#8221; inform\u0101cija liecina, ka Vancovi\u010ds bija &#8220;Tele2&#8221; valdes priek\u0161s\u0113d\u0113t\u0101js kop\u0161 2010. gada.<\/p>\n<p>Komp\u0101nijas vald\u0113 patlaban str\u0101d\u0101 ar\u012b Aigars Evertovskis un Pried\u012btis.<\/p>\n<p>Jau zi\u0146ots, ka &#8220;Tele2&#8221; 2024. gad\u0101 str\u0101d\u0101ja ar 179,991 miljona eiro apgroz\u012bjumu, kas ir par 1,5% vair\u0101k nek\u0101 gadu iepriek\u0161, bet komp\u0101nijas pe\u013c\u0146a pieauga par 13,5% un bija 52,923 miljoni eiro.<\/p>\n<p>&#8220;Tele2&#8221; re\u0123istr\u0113ts 1995. gada novembr\u012b, un t\u0101 pamatkapit\u0101ls ir 3,486 miljoni eiro. &#8220;Tele2&#8221; vien\u012bgais \u012bpa\u0161nieks ir Zviedrijas &#8220;Tele2 Sverige&#8221;.<\/p>\n","protected":false},"excerpt":{"rendered":"Savuk\u0101rt iepriek\u0161\u0113jais &#8220;Tele2&#8221; valdes priek\u0161s\u0113d\u0113t\u0101js un izpilddirektors Valdis Vancovi\u010ds amatu atst\u0101ja 11. novembr\u012b. Pried\u012btis nor\u0101da, ka m\u0113r\u0137is ir&hellip;\n","protected":false},"author":2,"featured_media":91527,"comment_status":"","ping_status":"","sticky":false,"template":"","format":"standard","meta":{"footnotes":""},"categories":[14],"tags":[23,57,28,29,32,33,22,30,31,35,39,38,36,37,34,40,20,26,27,10203,24,25,793,54,55,56,21,58],"class_list":{"0":"post-91526","1":"post","2":"type-post","3":"status-publish","4":"format-standard","5":"has-post-thumbnail","7":"category-zinas-no-arvalstim","8":"tag-aktualitates","9":"tag-arvalstim","10":"tag-breaking-news","11":"tag-breakingnews","12":"tag-featured-news","13":"tag-featurednews","14":"tag-headlines","15":"tag-latest-news","16":"tag-latestnews","17":"tag-latvia","18":"tag-latvian","19":"tag-latviesu","20":"tag-latviesu-valoda","21":"tag-latviesuvaloda","22":"tag-latvija","23":"tag-lv","24":"tag-news","25":"tag-popularakas-zinas","26":"tag-popularakaszinas","27":"tag-tele2","28":"tag-top-stories","29":"tag-topstories","30":"tag-uznemejdarbiba","31":"tag-world","32":"tag-world-news","33":"tag-worldnews","34":"tag-zinas","35":"tag-zinas-no-arvalstim"},"share_on_mastodon":{"url":"https:\/\/pubeurope.com\/@lv\/115819107016884924","error":""},"_links":{"self":[{"href":"https:\/\/www.europesays.com\/lv\/wp-json\/wp\/v2\/posts\/91526","targetHints":{"allow":["GET"]}}],"collection":[{"href":"https:\/\/www.europesays.com\/lv\/wp-json\/wp\/v2\/posts"}],"about":[{"href":"https:\/\/www.europesays.com\/lv\/wp-json\/wp\/v2\/types\/post"}],"author":[{"embeddable":true,"href":"https:\/\/www.europesays.com\/lv\/wp-json\/wp\/v2\/users\/2"}],"replies":[{"embeddable":true,"href":"https:\/\/www.europesays.com\/lv\/wp-json\/wp\/v2\/comments?post=91526"}],"version-history":[{"count":0,"href":"https:\/\/www.europesays.com\/lv\/wp-json\/wp\/v2\/posts\/91526\/revisions"}],"wp:featuredmedia":[{"embeddable":true,"href":"https:\/\/www.europesays.com\/lv\/wp-json\/wp\/v2\/media\/91527"}],"wp:attachment":[{"href":"https:\/\/www.europesays.com\/lv\/wp-json\/wp\/v2\/media?parent=91526"}],"wp:term":[{"taxonomy":"category","embeddable":true,"href":"https:\/\/www.europesays.com\/lv\/wp-json\/wp\/v2\/categories?post=91526"},{"taxonomy":"post_tag","embeddable":true,"href":"https:\/\/www.europesays.com\/lv\/wp-json\/wp\/v2\/tags?post=91526"}],"curies":[{"name":"wp","href":"https:\/\/api.w.org\/{rel}","templated":true}]}}