{"id":91528,"date":"2026-01-01T09:21:32","date_gmt":"2026-01-01T09:21:32","guid":{"rendered":"https:\/\/www.europesays.com\/lv\/91528\/"},"modified":"2026-01-01T09:21:32","modified_gmt":"2026-01-01T09:21:32","slug":"vesturiskais-flagmanis-namejs-partaps-par-muzeju-raksts","status":"publish","type":"post","link":"https:\/\/www.europesays.com\/lv\/91528\/","title":{"rendered":"V\u0113sturiskais flagmanis \u00abNamejs\u00bb p\u0101rtaps par muzeju \/ Raksts"},"content":{"rendered":"<p>\n                        30. decembris, 2025, 18:59                    <\/p>\n<p>M\u012bnu mekl\u0113t\u0101js ku\u0123is &#8220;Namejs&#8221; daudzus gadus kalpojis Latvijas J\u016bras sp\u0113kiem. P\u0113c\u0101k v\u0113sturiskais flagmanis izmantots Liep\u0101jas J\u016brniec\u012bbas koled\u017eas m\u0101c\u012bbu vajadz\u012bb\u0101m. Ta\u010du tagad ku\u0123i nolemts nodot Liep\u0101jas muzejam, lai uz t\u0101 var\u0113tu izveidot J\u016bras sp\u0113ku un kara flotes v\u0113stures muzeju.\u00a0<\/p>\n<p>Ku\u0123is &#8220;Namejs&#8221; b\u016bv\u0113ts 1960.\u00a0gad\u0101 V\u0101cijas pils\u0113t\u0101 Br\u0113menburg\u0101, taj\u0101 laik\u0101 tas bijis viens no modern\u0101kajiem un liel\u0101kajiem \u0161\u012bs klases ku\u0123iem. Bez tie\u0161o uzdevumu pild\u012b\u0161anas &#8220;Namejs&#8221; pirmo reizi Latvijas J\u016bras sp\u0113ku v\u0113stur\u0113 \u0161\u0137\u0113rsoja Zieme\u013cu pol\u0101ro loku. V\u0113l\u0101k \u2013 2008.\u00a0gad\u0101 \u2013 to nodeva Liep\u0101jas J\u016brniec\u012bbas koled\u017eai, lai to praks\u0113 izmantotu topo\u0161ie ku\u0123u meh\u0101ni\u0137i.\u00a0<\/p>\n<p>R\u012bgas Tehnisk\u0101s universit\u0101tes (RTU)\u00a0Liep\u0101jas j\u016brniec\u012bbas koled\u017eas izgl\u012bt\u012bbas kvalit\u0101tes vad\u012bt\u0101js\u00a0Nauris Upenieks nor\u0101d\u012bja, ka ku\u0123is izmantots &#8220;tie\u0161i lielajai j\u016bras praksei, veicot da\u017e\u0101dus takel\u0101\u017eas darbus, darbus ar tauv\u0101m, kr\u0101so\u0161anas un virsmas sagatavo\u0161anas darbus, da\u017e\u0101dus praktiskos uzdevumus, kurus nevar veikt m\u0101c\u012bbu kabinet\u0101&#8221;.\u00a0<\/p>\n<p>Tom\u0113r ku\u0123a tehniskais un funkcion\u0101lais st\u0101voklis vairs nav atbilsto\u0161s m\u0101c\u012bb\u0101m.\u00a0Lai to pagl\u0101btu no iesp\u0113jamas izn\u012bcin\u0101\u0161anas vai p\u0101rdo\u0161anas izsol\u0113, Liep\u0101jas dome nol\u0113ma to atst\u0101t Latvijas milit\u0101r\u0101 un j\u016bras mantojuma saglab\u0101\u0161anai.\u00a0<\/p>\n<p>&#8220;Tas ir v\u0113sturisks ku\u0123is, vi\u0146u nevar t\u0101 vienk\u0101r\u0161i utiliz\u0113t, un vi\u0146am j\u0101dod turpm\u0101k\u0101 dz\u012bve.\u00a0Ku\u0123i p\u0101rvietos tuv\u0101kaj\u0101 laik\u0101 uz &#8220;Kursas&#8221; teritoriju, 93.,94.\u00a0piest\u0101tne tuv\u0101k Dienvidu molam, t\u0101 b\u016bs vi\u0146a pl\u0101not\u0101 pagaidu vieta,&#8221; sac\u012bja Upenieks.<\/p>\n<p><img decoding=\"async\" src=\"https:\/\/www.europesays.com\/lv\/wp-content\/uploads\/2026\/01\/sdmv.png\" alt=\"V\u0113sturiskais flagmanis \u201cNamejs&quot;\"\/>V\u0113sturiskais flagmanis \u201cNamejs&#8221;<\/p>\n<p>Foto: TV Kurzeme<\/p>\n<p><img decoding=\"async\" src=\"https:\/\/www.europesays.com\/lv\/wp-content\/uploads\/2026\/01\/sdmu.png\" alt=\"V\u0113sturiskais flagmanis \u201cNamejs\u201d\"\/>V\u0113sturiskais flagmanis \u201cNamejs\u201d<\/p>\n<p>Foto: TV Kurzeme<\/p>\n<p><img decoding=\"async\" src=\"https:\/\/www.europesays.com\/lv\/wp-content\/uploads\/2026\/01\/sdmt.png\" alt=\"V\u0113sturiskais flagmanis \u201cNamejs\u201d\"\/>V\u0113sturiskais flagmanis \u201cNamejs\u201d<\/p>\n<p>Foto: TV Kurzeme<\/p>\n<\/p>\n<blockquote>\n<p>&#8220;Nameju&#8221; nolemts p\u0101rveidot par muzeju \u2013 turpm\u0101k tas kalpos k\u0101 v\u0113stures liecinieks. \u00a0<\/p>\n<\/blockquote>\n<p>Liep\u0101jas muzeja direktore\u00a0Dace K\u0101rkla sac\u012bja, ka &#8220;Nameja&#8221;\u00a0v\u0113sture liel\u0101 m\u0113r\u0101 ir saist\u012bta ar Latvijas Republikas J\u016bras sp\u0113ku v\u0113sturi. &#8220;Muzejs \u0161o ku\u0123i pl\u0101no depon\u0113t, un \u0161is depon\u0113juma sa\u0146\u0113m\u0113js veiks ku\u0123a konserv\u0101cijas lietas un nelielas atjauno\u0161anas lietas, lai, izce\u013cot no \u016bdens, vi\u0146\u0161 neboj\u0101tos un ner\u016bs\u0113tu,&#8221; pauda K\u0101rkla.\u00a0<\/p>\n<p>Lai &#8220;Nameju&#8221; nodotu muzejam, bija j\u0101veic vair\u0101kas formalit\u0101tes, lai no valsts \u012bpa\u0161uma tas non\u0101ktu pa\u0161vald\u012bbas rok\u0101s. \u00a0\u00a0<\/p>\n<p>Liep\u0101jas domes priek\u0161s\u0113d\u0113t\u0101ja vietnieks J\u0101nis D\u017eeri\u0146\u0161 (Liep\u0101jas partija) skaidroja: &#8220;M\u0113s esam nos\u016bt\u012bju\u0161i domes l\u0113mumu &#8220;Valsts nekustamajiem\u00a0\u012bpa\u0161umiem&#8221; ar l\u016bgumu nodot vi\u0146u [ku\u0123i] pa\u0161vald\u012bbai. T\u0101l\u0101k ku\u0123is tiks nodots muzejam, un pl\u0101n\u0101 ir veidot muzeja ekspoz\u012bciju uz t\u0101 pamata. M\u0113s zin\u0101m, ka ir veiktas apseko\u0161anas \u0161\u012b gada laik\u0101, m\u0113s provizoriski nojau\u0161am tehnisko st\u0101vokli.&#8221;<\/p>\n<p>Kad liep\u0101jnieki un pils\u0113tas viesi var\u0113s apl\u016bkot v\u0113sturisko ku\u0123i, \u0161obr\u012bd nav zin\u0101ms.\u00a0 \u00a0<\/p>\n<p>                    Valodas k\u013c\u016bda rakst\u0101?<\/p>\n<p class=\"d-none d-md-block\">Iez\u012bm\u0113jiet tekstu un spiediet Ctrl+Enter, lai nos\u016bt\u012btu labojamo teksta fragmentu redaktoram! Par faktu k\u013c\u016bd\u0101m l\u016bdzam zi\u0146ot e-past\u0101 <a href=\"https:\/\/www.lsm.lv\/cdn-cgi\/l\/email-protection\" class=\"__cf_email__\" data-cfemail=\"9eecfbfafff5fdf7f4ffdef2edf3b0f2e8\" rel=\"nofollow noopener\" target=\"_blank\">[email\u00a0protected]<\/a>.<\/p>\n<p class=\"d-md-none\">Iez\u012bm\u0113jiet tekstu un spiediet uz Zi\u0146ot par k\u013c\u016bdu pogas, lai nos\u016bt\u012btu labojamo teksta fragmentu redaktoram!<\/p>\n<p>\n                    Zi\u0146ot par k\u013c\u016bdu\n                <\/p>\n","protected":false},"excerpt":{"rendered":"30. decembris, 2025, 18:59 M\u012bnu mekl\u0113t\u0101js ku\u0123is &#8220;Namejs&#8221; daudzus gadus kalpojis Latvijas J\u016bras sp\u0113kiem. P\u0113c\u0101k v\u0113sturiskais flagmanis izmantots&hellip;\n","protected":false},"author":2,"featured_media":91529,"comment_status":"","ping_status":"","sticky":false,"template":"","format":"standard","meta":{"footnotes":""},"categories":[12],"tags":[23,28,29,32,33,22,30,31,35,39,38,36,37,34,40,20,26,27,24,25,21],"class_list":{"0":"post-91528","1":"post","2":"type-post","3":"status-publish","4":"format-standard","5":"has-post-thumbnail","7":"category-latvija","8":"tag-aktualitates","9":"tag-breaking-news","10":"tag-breakingnews","11":"tag-featured-news","12":"tag-featurednews","13":"tag-headlines","14":"tag-latest-news","15":"tag-latestnews","16":"tag-latvia","17":"tag-latvian","18":"tag-latviesu","19":"tag-latviesu-valoda","20":"tag-latviesuvaloda","21":"tag-latvija","22":"tag-lv","23":"tag-news","24":"tag-popularakas-zinas","25":"tag-popularakaszinas","26":"tag-top-stories","27":"tag-topstories","28":"tag-zinas"},"share_on_mastodon":{"url":"https:\/\/pubeurope.com\/@lv\/115819110984323205","error":""},"_links":{"self":[{"href":"https:\/\/www.europesays.com\/lv\/wp-json\/wp\/v2\/posts\/91528","targetHints":{"allow":["GET"]}}],"collection":[{"href":"https:\/\/www.europesays.com\/lv\/wp-json\/wp\/v2\/posts"}],"about":[{"href":"https:\/\/www.europesays.com\/lv\/wp-json\/wp\/v2\/types\/post"}],"author":[{"embeddable":true,"href":"https:\/\/www.europesays.com\/lv\/wp-json\/wp\/v2\/users\/2"}],"replies":[{"embeddable":true,"href":"https:\/\/www.europesays.com\/lv\/wp-json\/wp\/v2\/comments?post=91528"}],"version-history":[{"count":0,"href":"https:\/\/www.europesays.com\/lv\/wp-json\/wp\/v2\/posts\/91528\/revisions"}],"wp:featuredmedia":[{"embeddable":true,"href":"https:\/\/www.europesays.com\/lv\/wp-json\/wp\/v2\/media\/91529"}],"wp:attachment":[{"href":"https:\/\/www.europesays.com\/lv\/wp-json\/wp\/v2\/media?parent=91528"}],"wp:term":[{"taxonomy":"category","embeddable":true,"href":"https:\/\/www.europesays.com\/lv\/wp-json\/wp\/v2\/categories?post=91528"},{"taxonomy":"post_tag","embeddable":true,"href":"https:\/\/www.europesays.com\/lv\/wp-json\/wp\/v2\/tags?post=91528"}],"curies":[{"name":"wp","href":"https:\/\/api.w.org\/{rel}","templated":true}]}}