{"id":91534,"date":"2026-01-01T09:27:08","date_gmt":"2026-01-01T09:27:08","guid":{"rendered":"https:\/\/www.europesays.com\/lv\/91534\/"},"modified":"2026-01-01T09:27:08","modified_gmt":"2026-01-01T09:27:08","slug":"glabeji-vecgada-nakti-aizvadijusi-darbigi","status":"publish","type":"post","link":"https:\/\/www.europesays.com\/lv\/91534\/","title":{"rendered":"Gl\u0101b\u0113ji Vecgada nakti aizvad\u012bju\u0161i darb\u012bgi"},"content":{"rendered":"<p>Plkst. 2.34 VUGD sa\u0146\u0113ma izsaukumu uz Stirnu ielu R\u012bg\u0101, kur piecst\u0101vu dz\u012bvojam\u0101s m\u0101jas pirm\u0101 st\u0101va dz\u012bvokl\u012b dega sadz\u012bves mantas 10 m2 plat\u012bb\u0101. No pied\u016bmot\u0101 dz\u012bvok\u013ca pirms VUGD iera\u0161an\u0101s evaku\u0113j\u0101s divi cilv\u0113ki, v\u0113l \u010detrus cilv\u0113kus no blakus dz\u012bvok\u013ca evaku\u0113ja gl\u0101b\u0113ji. Plkst. 3.43 ugunsgr\u0113ks likvid\u0113ts.<\/p>\n<p>Plkst. 2.39 gl\u0101b\u0113ji sa\u0146\u0113ma izsaukumu uz Salnas ielu R\u012bg\u0101, kur devi\u0146st\u0101vu dz\u012bvojam\u0101s m\u0101jas pirmaj\u0101 st\u0101v\u0101 dega pal\u012bgtelpas siena un sadz\u012bves mantas piecu m2 plat\u012bb\u0101. No \u0113kas pirms VUGD iera\u0161an\u0101s bija evaku\u0113ju\u0161ies 20 cilv\u0113ki. Plkst. 3.15 ugunsgr\u0113ks likvid\u0113ts.<\/p>\n<p>\u0160aj\u0101 gadu mij\u0101, l\u012bdz\u012bgi k\u0101 cit\u0101s, biju\u0161i ap 20 izsaukumu par to, ka dega atkritumi, atkritumu urnas, pirotehnikas kaste. VUGD nor\u0101da, ka, visticam\u0101k, \u0161ie notikumi izc\u0113lu\u0161ies, jo atkritumos izmesti pirotehnikas izstr\u0101d\u0101jumi, br\u012bnumsvec\u012btes vai izsm\u0113\u0137i.<\/p>\n<p>\u0160aj\u0101 diennakt\u012b sa\u0146emti ar\u012b vair\u0101ki izsaukumi, kuros degusi egle, adventes vainagi ar iedegt\u0101m svec\u012bt\u0113m, kuri atst\u0101ti bez uzraudz\u012bbas, k\u0101 ar\u012b notikumi, kur petarde degusi zem automa\u0161\u012bnas vai ielidojusi daudzdz\u012bvok\u013cu m\u0101jas balkon\u0101, aizdedzinot tur eso\u0161\u0101s sadz\u012bves mantas.<\/p>\n<p>Pag\u0101ju\u0161aj\u0101 diennakt\u012b VUGD kopum\u0101 sa\u0146\u0113ma 82 izsaukumus &#8211; 46 uz ugunsgr\u0113ku dz\u0113\u0161anu, 24 uz gl\u0101b\u0161anas darbiem, bet 13 izsaukumi bija maldin\u0101jumi.<\/p>\n","protected":false},"excerpt":{"rendered":"Plkst. 2.34 VUGD sa\u0146\u0113ma izsaukumu uz Stirnu ielu R\u012bg\u0101, kur piecst\u0101vu dz\u012bvojam\u0101s m\u0101jas pirm\u0101 st\u0101va dz\u012bvokl\u012b dega sadz\u012bves&hellip;\n","protected":false},"author":2,"featured_media":91535,"comment_status":"","ping_status":"","sticky":false,"template":"","format":"standard","meta":{"footnotes":""},"categories":[12],"tags":[23,28,29,32,33,22,30,31,35,39,38,36,37,34,40,20,26,27,24,25,4909,4908,21],"class_list":{"0":"post-91534","1":"post","2":"type-post","3":"status-publish","4":"format-standard","5":"has-post-thumbnail","7":"category-latvija","8":"tag-aktualitates","9":"tag-breaking-news","10":"tag-breakingnews","11":"tag-featured-news","12":"tag-featurednews","13":"tag-headlines","14":"tag-latest-news","15":"tag-latestnews","16":"tag-latvia","17":"tag-latvian","18":"tag-latviesu","19":"tag-latviesu-valoda","20":"tag-latviesuvaloda","21":"tag-latvija","22":"tag-lv","23":"tag-news","24":"tag-popularakas-zinas","25":"tag-popularakaszinas","26":"tag-top-stories","27":"tag-topstories","28":"tag-valsts-ugunsdzesibas-un-glabsanas-dienests-vugd","29":"tag-vugd","30":"tag-zinas"},"share_on_mastodon":{"url":"https:\/\/pubeurope.com\/@lv\/115819134466801311","error":""},"_links":{"self":[{"href":"https:\/\/www.europesays.com\/lv\/wp-json\/wp\/v2\/posts\/91534","targetHints":{"allow":["GET"]}}],"collection":[{"href":"https:\/\/www.europesays.com\/lv\/wp-json\/wp\/v2\/posts"}],"about":[{"href":"https:\/\/www.europesays.com\/lv\/wp-json\/wp\/v2\/types\/post"}],"author":[{"embeddable":true,"href":"https:\/\/www.europesays.com\/lv\/wp-json\/wp\/v2\/users\/2"}],"replies":[{"embeddable":true,"href":"https:\/\/www.europesays.com\/lv\/wp-json\/wp\/v2\/comments?post=91534"}],"version-history":[{"count":0,"href":"https:\/\/www.europesays.com\/lv\/wp-json\/wp\/v2\/posts\/91534\/revisions"}],"wp:featuredmedia":[{"embeddable":true,"href":"https:\/\/www.europesays.com\/lv\/wp-json\/wp\/v2\/media\/91535"}],"wp:attachment":[{"href":"https:\/\/www.europesays.com\/lv\/wp-json\/wp\/v2\/media?parent=91534"}],"wp:term":[{"taxonomy":"category","embeddable":true,"href":"https:\/\/www.europesays.com\/lv\/wp-json\/wp\/v2\/categories?post=91534"},{"taxonomy":"post_tag","embeddable":true,"href":"https:\/\/www.europesays.com\/lv\/wp-json\/wp\/v2\/tags?post=91534"}],"curies":[{"name":"wp","href":"https:\/\/api.w.org\/{rel}","templated":true}]}}