{"id":91536,"date":"2026-01-01T09:28:08","date_gmt":"2026-01-01T09:28:08","guid":{"rendered":"https:\/\/www.europesays.com\/lv\/91536\/"},"modified":"2026-01-01T09:28:08","modified_gmt":"2026-01-01T09:28:08","slug":"foto-ar-krasnam-svinibam-pasaule-sagaidijusi-2026-gadu-jauns-lv","status":"publish","type":"post","link":"https:\/\/www.europesays.com\/lv\/91536\/","title":{"rendered":"FOTO: ar kr\u0101\u0161\u0146\u0101m svin\u012bb\u0101m pasaule sagaid\u012bjusi 2026. gadu &#8211; Jauns.lv"},"content":{"rendered":"<ol>\n<li><a href=\"https:\/\/news.google.com\/rss\/articles\/CBMimAFBVV95cUxPUEtVQ3RCdmxLc2I1Y3kzTnJYTGpjTmlSYWlmbzNJMVRWcVFWZTBBMVVQa3VZTnBnWGM2ZEFOZVlfLWl1RVZVQlEwZFRCZFdwQ3BHOC1iT0g2dW8zWHZiV29IajR0RU1STFdwb1JBV1cyU2VmaTRmd0lOTkVtRUJQN0VieC1VQk5lVlVvNHV1X29fYWRTQXc5Yg?oc=5\" target=\"_blank\" rel=\"nofollow noopener\">FOTO: ar kr\u0101\u0161\u0146\u0101m svin\u012bb\u0101m pasaule sagaid\u012bjusi 2026. gadu<\/a>&nbsp;&nbsp;Jauns.lv<\/li>\n<li><a href=\"https:\/\/news.google.com\/rss\/articles\/CBMirAFBVV95cUxQMms0TVU2WUxOQWs3T25rdlh3V3Y1aWpfUTVDLUlpQmZOMzVPTmpLa1NjSXM2di02Mi01dkZXVVF2S0cwQ09SdHd1UVZRbTVpRl9kSm1ORW4tbkV2dHdldU9oZ3FTM2VZazkwcnAwVGNZZ0RuYjFuYkNLd3h1UmEwQVQ4VXNIZmhDczJNWHhIUC03TmlsdF9SWFhKSzVDdE9fZ0NVWlZyZnM3dzVw?oc=5\" target=\"_blank\" rel=\"nofollow noopener\">Austr\u0101lij\u0101 un citviet Jaunais gads jau sagaid\u012bts \/ Raksts<\/a>&nbsp;&nbsp;LSM<\/li>\n<li><a href=\"https:\/\/news.google.com\/rss\/articles\/CBMieEFVX3lxTFBQaHc5a0ZvNGFDcVdnc2NwUnMxYWtQWUdoRVNlSE1xSnk5cTBLcGxEUGMtM3BWVUMxMHRDMzRTWnVONFpvUUVqNk5HcFgzbkhJaWw3VE1vVWxodFg1MFIxLXc5M2dBN2gza0tCak9kV1pXR0V6VDR6aA?oc=5\" target=\"_blank\" rel=\"nofollow noopener\">Pasaule nosvin\u0113jusi 2026. gada atn\u0101k\u0161anu<\/a>&nbsp;&nbsp;Apollo.lv<\/li>\n<li><a href=\"https:\/\/news.google.com\/rss\/articles\/CBMiyAFBVV95cUxOTFNnUTQtN1RFSGFwSFYzQk5XblJoM0tGWFctN2g1WFJaSUJteGRNOHhaQUxjZFR6RG8ya2NRMkpZbjRRdm5DREVWUndpQWZtUXA2X01MV1dScGQ3NWRvaVJBLWRRT0IwNFEtSmVnaDRiU2tOOVV4RkNGUGg3SEloTnZRZVlPUllMUFZlZW03NllXWXR4dnBEdFlkZ2ZFUFNlZlhCSF8za0xCeUVGVXN5U2Z2U25QN3BpY29KUXpoUEh5VEdrMlBXYw?oc=5\" target=\"_blank\" rel=\"nofollow noopener\">Austrumos kr\u0101\u0161\u0146i sagaida Jauno gadu, da\u017eviet svin\u012bbas pietic\u012bg\u0101kas p\u0113c nesenaj\u0101m tra\u0123\u0113dij\u0101m<\/a>&nbsp;&nbsp;Jauns.lv<\/li>\n<li><a href=\"https:\/\/news.google.com\/rss\/articles\/CBMidEFVX3lxTE44VzJvN240NVpLSW5BOVhnbnNLMThWM2dUbGVXa3pPNTlkZ3Y5ZEhYUmZzRnhodmR5bXE1QzBEUjVrNGJ4cnQ2dUFjdy1XcWlnOUdFYXlocWl6SlN3bGRYQTc0MmZwSlA3ZXJKdHhaYnVkZDNN?oc=5\" target=\"_blank\" rel=\"nofollow noopener\">Vis\u0101 pasaul\u0113 ko\u0161i sagaid\u012bts 2026. gads<\/a>&nbsp;&nbsp;TVNET<\/li>\n<\/ol>\n","protected":false},"excerpt":{"rendered":"FOTO: ar kr\u0101\u0161\u0146\u0101m svin\u012bb\u0101m pasaule sagaid\u012bjusi 2026. gadu&nbsp;&nbsp;Jauns.lv Austr\u0101lij\u0101 un citviet Jaunais gads jau sagaid\u012bts \/ Raksts&nbsp;&nbsp;LSM Pasaule&hellip;\n","protected":false},"author":2,"featured_media":91537,"comment_status":"","ping_status":"","sticky":false,"template":"","format":"standard","meta":{"footnotes":""},"categories":[5],"tags":[23,28,29,32,33,22,30,31,35,39,38,36,37,34,40,20,26,27,24,25,21],"class_list":{"0":"post-91536","1":"post","2":"type-post","3":"status-publish","4":"format-standard","5":"has-post-thumbnail","7":"category-aktualitates","8":"tag-aktualitates","9":"tag-breaking-news","10":"tag-breakingnews","11":"tag-featured-news","12":"tag-featurednews","13":"tag-headlines","14":"tag-latest-news","15":"tag-latestnews","16":"tag-latvia","17":"tag-latvian","18":"tag-latviesu","19":"tag-latviesu-valoda","20":"tag-latviesuvaloda","21":"tag-latvija","22":"tag-lv","23":"tag-news","24":"tag-popularakas-zinas","25":"tag-popularakaszinas","26":"tag-top-stories","27":"tag-topstories","28":"tag-zinas"},"share_on_mastodon":{"url":"https:\/\/pubeurope.com\/@lv\/115819138350650113","error":""},"_links":{"self":[{"href":"https:\/\/www.europesays.com\/lv\/wp-json\/wp\/v2\/posts\/91536","targetHints":{"allow":["GET"]}}],"collection":[{"href":"https:\/\/www.europesays.com\/lv\/wp-json\/wp\/v2\/posts"}],"about":[{"href":"https:\/\/www.europesays.com\/lv\/wp-json\/wp\/v2\/types\/post"}],"author":[{"embeddable":true,"href":"https:\/\/www.europesays.com\/lv\/wp-json\/wp\/v2\/users\/2"}],"replies":[{"embeddable":true,"href":"https:\/\/www.europesays.com\/lv\/wp-json\/wp\/v2\/comments?post=91536"}],"version-history":[{"count":0,"href":"https:\/\/www.europesays.com\/lv\/wp-json\/wp\/v2\/posts\/91536\/revisions"}],"wp:featuredmedia":[{"embeddable":true,"href":"https:\/\/www.europesays.com\/lv\/wp-json\/wp\/v2\/media\/91537"}],"wp:attachment":[{"href":"https:\/\/www.europesays.com\/lv\/wp-json\/wp\/v2\/media?parent=91536"}],"wp:term":[{"taxonomy":"category","embeddable":true,"href":"https:\/\/www.europesays.com\/lv\/wp-json\/wp\/v2\/categories?post=91536"},{"taxonomy":"post_tag","embeddable":true,"href":"https:\/\/www.europesays.com\/lv\/wp-json\/wp\/v2\/tags?post=91536"}],"curies":[{"name":"wp","href":"https:\/\/api.w.org\/{rel}","templated":true}]}}