{"id":91538,"date":"2026-01-01T09:32:18","date_gmt":"2026-01-01T09:32:18","guid":{"rendered":"https:\/\/www.europesays.com\/lv\/91538\/"},"modified":"2026-01-01T09:32:18","modified_gmt":"2026-01-01T09:32:18","slug":"krievijas-federacija-izmanto-melus-ka-ieroci-azovs-par-pasreizejo-situaciju-donbasa","status":"publish","type":"post","link":"https:\/\/www.europesays.com\/lv\/91538\/","title":{"rendered":"\u201cKrievijas Feder\u0101cija izmanto melus k\u0101 ieroci!\u201d Azovs par pa\u0161reiz\u0113jo situ\u0101ciju Donbas\u0101"},"content":{"rendered":"<p>    <img decoding=\"async\" src=\"https:\/\/www.europesays.com\/lv\/wp-content\/uploads\/2026\/01\/2025-02-28t090304z_1241154571_rc2c2da3wi3r_rtrmadp_3_ukraine-crisis-pokrovsk-1-800x521.jpg\" alt=\"&#10;Ukrainas karav\u012brs Pokrovskas sektor\u0101, 2025.gada febru\u0101r\u012b.&#10;\"\/><\/p>\n<p>Ukrainas karav\u012brs Pokrovskas sektor\u0101, 2025.gada febru\u0101r\u012b.<\/p>\n<p>Foto: REUTERS\/SCANPIX\n<\/p>\n<p>11:35, 31. decembris 2025<\/p>\n<p>27. decembr\u012b Krievija pazi\u0146oja, ka Krievijas armija, iesp\u0113jams, ir ie\u0146\u0113musi Rodinske Do\u0146eckas apgabal\u0101, k\u0101 ar\u012b vair\u0101kas citas apdz\u012bvotas vietas Ukrain\u0101, v\u0113sta dialog.ua.<\/p>\n<p>        Las\u012bt\u0101kie<br \/>\n        <a data-imagesrc=\"{&quot;300&quot;:&quot;https:\\\/\\\/lastatic.ams3.cdn.digitaloceanspaces.com\\\/2025\\\/03\\\/pexels-rakicevic-nenad-233369-769525-300x249.jpg&quot;,&quot;1024&quot;:&quot;https:\\\/\\\/lastatic.ams3.cdn.digitaloceanspaces.com\\\/2025\\\/03\\\/pexels-rakicevic-nenad-233369-769525-1024x851.jpg&quot;,&quot;768&quot;:&quot;https:\\\/\\\/lastatic.ams3.cdn.digitaloceanspaces.com\\\/2025\\\/03\\\/pexels-rakicevic-nenad-233369-769525-768x638.jpg&quot;,&quot;1536&quot;:&quot;https:\\\/\\\/lastatic.ams3.cdn.digitaloceanspaces.com\\\/2025\\\/03\\\/pexels-rakicevic-nenad-233369-769525-1536x1276.jpg&quot;,&quot;2048&quot;:&quot;https:\\\/\\\/lastatic.ams3.cdn.digitaloceanspaces.com\\\/2025\\\/03\\\/pexels-rakicevic-nenad-233369-769525-2048x1701.jpg&quot;,&quot;200&quot;:&quot;https:\\\/\\\/lastatic.ams3.cdn.digitaloceanspaces.com\\\/2025\\\/03\\\/pexels-rakicevic-nenad-233369-769525-200x166.jpg&quot;,&quot;400&quot;:&quot;https:\\\/\\\/lastatic.ams3.cdn.digitaloceanspaces.com\\\/2025\\\/03\\\/pexels-rakicevic-nenad-233369-769525-400x332.jpg&quot;,&quot;500&quot;:&quot;https:\\\/\\\/lastatic.ams3.cdn.digitaloceanspaces.com\\\/2025\\\/03\\\/pexels-rakicevic-nenad-233369-769525-500x415.jpg&quot;,&quot;800&quot;:&quot;https:\\\/\\\/lastatic.ams3.cdn.digitaloceanspaces.com\\\/2025\\\/03\\\/pexels-rakicevic-nenad-233369-769525-800x665.jpg&quot;,&quot;1000&quot;:&quot;https:\\\/\\\/lastatic.ams3.cdn.digitaloceanspaces.com\\\/2025\\\/03\\\/pexels-rakicevic-nenad-233369-769525-1000x831.jpg&quot;,&quot;2560&quot;:&quot;https:\\\/\\\/lastatic.ams3.cdn.digitaloceanspaces.com\\\/2025\\\/03\\\/pexels-rakicevic-nenad-233369-769525-scaled.jpg&quot;}\" data-focuspoint=\"&quot;&quot;\" data-p=\"2470324\" href=\"https:\/\/www.la.lv\/ko-vilkt-jaungada-nakti-astrologi-sniedz-precizas-norades-katrai-zodiaka-zimei\" class=\"content-item lazy-load\" wp_automatic_readability=\"26\" rel=\"nofollow noopener\" target=\"_blank\"><\/p>\n<p>                                <img decoding=\"async\" src=\"\" alt=\"\" style=\"\" data-imageid=\"\"\/><\/p>\n<p>                                Kokteilis<\/p>\n<p>\n                                                Ko vilkt Jaungada nakt\u012b? Astrologi sniedz prec\u012bzas nor\u0101des katrai zodiaka z\u012bmei\n                            <\/p>\n<p><\/a><a data-imagesrc=\"{&quot;300&quot;:&quot;https:\\\/\\\/lastatic.ams3.cdn.digitaloceanspaces.com\\\/2017\\\/12\\\/jaunais-300x200.jpg&quot;,&quot;768&quot;:&quot;https:\\\/\\\/lastatic.ams3.cdn.digitaloceanspaces.com\\\/2017\\\/12\\\/jaunais-768x512.jpg&quot;,&quot;80&quot;:&quot;https:\\\/\\\/lastatic.ams3.cdn.digitaloceanspaces.com\\\/2017\\\/12\\\/jaunais-80x48.jpg&quot;,&quot;112&quot;:&quot;https:\\\/\\\/lastatic.ams3.cdn.digitaloceanspaces.com\\\/2017\\\/12\\\/jaunais-112x64.jpg&quot;,&quot;664&quot;:&quot;https:\\\/\\\/lastatic.ams3.cdn.digitaloceanspaces.com\\\/2017\\\/12\\\/jaunais-664x443.jpg&quot;,&quot;240&quot;:&quot;https:\\\/\\\/lastatic.ams3.cdn.digitaloceanspaces.com\\\/2017\\\/12\\\/jaunais-240x160.jpg&quot;,&quot;263&quot;:&quot;https:\\\/\\\/lastatic.ams3.cdn.digitaloceanspaces.com\\\/2017\\\/12\\\/jaunais-263x175.jpg&quot;,&quot;507&quot;:&quot;https:\\\/\\\/lastatic.ams3.cdn.digitaloceanspaces.com\\\/2017\\\/12\\\/jaunais-507x338.jpg&quot;,&quot;118&quot;:&quot;https:\\\/\\\/lastatic.ams3.cdn.digitaloceanspaces.com\\\/2017\\\/12\\\/jaunais-118x70.jpg&quot;,&quot;348&quot;:&quot;https:\\\/\\\/lastatic.ams3.cdn.digitaloceanspaces.com\\\/2017\\\/12\\\/jaunais-348x225.jpg&quot;,&quot;640&quot;:&quot;https:\\\/\\\/lastatic.ams3.cdn.digitaloceanspaces.com\\\/2017\\\/12\\\/jaunais-640x640.jpg&quot;,&quot;90&quot;:&quot;https:\\\/\\\/lastatic.ams3.cdn.digitaloceanspaces.com\\\/2017\\\/12\\\/jaunais-90x58.jpg&quot;,&quot;960&quot;:&quot;https:\\\/\\\/lastatic.ams3.cdn.digitaloceanspaces.com\\\/2017\\\/12\\\/jaunais.jpg&quot;}\" data-focuspoint=\"&quot;&quot;\" data-p=\"2477013\" href=\"https:\/\/www.la.lv\/ko-vilkt-mugura-sagaidot-uguniga-zirga-gadu-padomi-katrai-zodiaka-zimei-lai-piesaistitu-veiksmi-un-harmoniju\" class=\"content-item lazy-load\" wp_automatic_readability=\"27.5\" rel=\"nofollow noopener\" target=\"_blank\"><\/p>\n<p>                                <img decoding=\"async\" src=\"\" alt=\"\" style=\"\" data-imageid=\"\"\/><\/p>\n<p>                                Kokteilis<\/p>\n<p>\n                                                Ko vilkt mugur\u0101, sagaidot Ugun\u012bg\u0101 Zirga gadu? Padomi katrai zodiaka z\u012bmei, lai piesaist\u012btu veiksmi un harmoniju\n                            <\/p>\n<p><\/a><a data-imagesrc=\"{&quot;300&quot;:&quot;https:\\\/\\\/lastatic.ams3.cdn.digitaloceanspaces.com\\\/2021\\\/09\\\/autobuss-300x196.jpg&quot;,&quot;1024&quot;:&quot;https:\\\/\\\/lastatic.ams3.cdn.digitaloceanspaces.com\\\/2021\\\/09\\\/autobuss-1024x669.jpg&quot;,&quot;768&quot;:&quot;https:\\\/\\\/lastatic.ams3.cdn.digitaloceanspaces.com\\\/2021\\\/09\\\/autobuss-768x502.jpg&quot;,&quot;200&quot;:&quot;https:\\\/\\\/lastatic.ams3.cdn.digitaloceanspaces.com\\\/2021\\\/09\\\/autobuss-200x131.jpg&quot;,&quot;400&quot;:&quot;https:\\\/\\\/lastatic.ams3.cdn.digitaloceanspaces.com\\\/2021\\\/09\\\/autobuss-400x261.jpg&quot;,&quot;500&quot;:&quot;https:\\\/\\\/lastatic.ams3.cdn.digitaloceanspaces.com\\\/2021\\\/09\\\/autobuss-500x326.jpg&quot;,&quot;800&quot;:&quot;https:\\\/\\\/lastatic.ams3.cdn.digitaloceanspaces.com\\\/2021\\\/09\\\/autobuss-800x522.jpg&quot;,&quot;1000&quot;:&quot;https:\\\/\\\/lastatic.ams3.cdn.digitaloceanspaces.com\\\/2021\\\/09\\\/autobuss-1000x653.jpg&quot;,&quot;1268&quot;:&quot;https:\\\/\\\/lastatic.ams3.cdn.digitaloceanspaces.com\\\/2021\\\/09\\\/autobuss.jpg&quot;}\" data-focuspoint=\"&quot;&quot;\" data-p=\"2486940\" href=\"https:\/\/www.la.lv\/panika-iecava-piedzeries-pasazieris-sacis-saudities-autobusa\" class=\"content-item lazy-load\" wp_automatic_readability=\"26\" rel=\"nofollow noopener\" target=\"_blank\"><\/p>\n<p>                                <img decoding=\"async\" src=\"\" alt=\"\" style=\"\" data-imageid=\"\"\/><\/p>\n<p>                                Krimin\u0101ls<\/p>\n<p>\n                                                Panika Iecav\u0101: piedz\u0113ries pasa\u017eieris s\u0101cis \u0161aud\u012bties autobus\u0101\n                            <\/p>\n<p><\/a><br \/>\n        <a class=\"read-more\" href=\"https:\/\/www.la.lv\/top\" rel=\"nofollow noopener\" target=\"_blank\">Las\u012bt citas zi\u0146as<\/a><\/p>\n<p>Rodinskoye pils\u0113ta net\u0101lu no Pokrovskas Do\u0146eckas apgabal\u0101 atrodas Ukrainas aizsardz\u012bbas sp\u0113ku kontrol\u0113, un Krem\u013ca pazi\u0146ojumi par Krievijas armijas sagr\u0101b\u0161anu ir viltoti. Nacion\u0101l\u0101s Azovas Nacion\u0101l\u0101s gvardes 1. korpuss par to rakst\u012bja Facebook. <\/p>\n<p>P\u0113c Azova teikt\u0101, Krievijas okupanti, kas iefiltr\u0113jas Rodinsk\u0101, tiek identific\u0113ti un izn\u012bcin\u0101ti ar visiem Ukrainas bru\u0146oto sp\u0113ku r\u012bc\u012bb\u0101 eso\u0161ajiem l\u012bdzek\u013ciem. K\u0101 apstiprin\u0101jumu tam Azovs par\u0101d\u012bja video ar Ukrainas karogu, ko Rodinskoye uzst\u0101d\u012bja Ukrainas Nacion\u0101l\u0101s gvardes 1. korpusa 14. operat\u012bv\u0101s brig\u0101des c\u012bn\u012bt\u0101ji.<\/p>\n<p>    CITI \u0160OBR\u012aD LASA<\/p>\n<p>27. decembr\u012b Krievija pazi\u0146oja, ka Krievijas armija, iesp\u0113jams, ir ie\u0146\u0113musi Rodinske Do\u0146eckas apgabal\u0101, k\u0101 ar\u012b vair\u0101kas citas apdz\u012bvotas vietas Ukrain\u0101. Ukrainas bru\u0146oto sp\u0113ku \u0123ener\u0101l\u0161t\u0101bs nekav\u0113joties noliedza \u0161o inform\u0101ciju. Azovas video pier\u0101da, ka krievu okupanti nekontrol\u0113 \u0161o pils\u0113tu. Rodinskoye pieder pie Pokrovska frontes virziena. \u0160\u012b gada rudens s\u0101kum\u0101 Krievijas armija m\u0113\u0123in\u0101ja sag\u016bst\u012bt \u0161o pils\u0113tu uzbrukuma laik\u0101 net\u0101lu no Pokrovskas, bet Ukrainas bru\u0146otie sp\u0113ki ienaidnieku izsita no turienes.<\/p>\n<p>Saska\u0146\u0101 ar Ukrainas bru\u0146oto sp\u0113ku \u0123ener\u0101l\u0161t\u0101ba datiem vakar, 30. decembr\u012b, Pokrovska virzien\u0101 Krievijas okupanti 36 reizes uzbruka Ukrainas bru\u0146oto sp\u0113ku poz\u012bcij\u0101m. Visi uzbrukumi tika atvair\u012bti. C\u012b\u0146as notika Krasny Liman, Rodinskoye, Pokrovsk, Myrnohrad, Kotlino, Udachnoye, Molodetske, Filia utt. J\u0101atz\u012bm\u0113, ka 2025. gada decembra s\u0101kum\u0101 diktators Vladimirs Putins tika inform\u0113ts par piln\u012bgu Pokrovskas sagr\u0101b\u0161anu un Myrnohrad ielenk\u0161anu. <\/p>\n<p>Tas izr\u0101d\u012bj\u0101s v\u0113l viens Krievijas Feder\u0101cijas Aizsardz\u012bbas ministrijas un Krievijas Feder\u0101cijas bru\u0146oto sp\u0113ku \u0123ener\u0101l\u0161t\u0101ba priek\u0161nieka Val\u0113rija Gerasimova meli. Starp citu, tas pats Gerasimovs decembr\u012b tr\u012bs reizes zi\u0146oja Putinam, ka Krievijas armija, iesp\u0113jams, ir sagr\u0101busi Kupjansku Harkivas apgabal\u0101, bet tas ir piln\u012bgi nepatiesi. Ukrainas bru\u0146otie sp\u0113ki kontrol\u0113 iev\u0113rojamu Kupjanskas da\u013cu.<\/p>\n<p>T\u0113mas<\/p>\n<p>    SAIST\u012aTIE RAKSTI<\/p>\n","protected":false},"excerpt":{"rendered":"Ukrainas karav\u012brs Pokrovskas sektor\u0101, 2025.gada febru\u0101r\u012b. Foto: REUTERS\/SCANPIX 11:35, 31. decembris 2025 27. decembr\u012b Krievija pazi\u0146oja, ka Krievijas&hellip;\n","protected":false},"author":2,"featured_media":91539,"comment_status":"","ping_status":"","sticky":false,"template":"","format":"standard","meta":{"footnotes":""},"categories":[14],"tags":[23,57,28,29,32,33,22,30,31,35,39,38,36,37,34,40,20,26,27,24,25,54,55,56,21,58],"class_list":{"0":"post-91538","1":"post","2":"type-post","3":"status-publish","4":"format-standard","5":"has-post-thumbnail","7":"category-zinas-no-arvalstim","8":"tag-aktualitates","9":"tag-arvalstim","10":"tag-breaking-news","11":"tag-breakingnews","12":"tag-featured-news","13":"tag-featurednews","14":"tag-headlines","15":"tag-latest-news","16":"tag-latestnews","17":"tag-latvia","18":"tag-latvian","19":"tag-latviesu","20":"tag-latviesu-valoda","21":"tag-latviesuvaloda","22":"tag-latvija","23":"tag-lv","24":"tag-news","25":"tag-popularakas-zinas","26":"tag-popularakaszinas","27":"tag-top-stories","28":"tag-topstories","29":"tag-world","30":"tag-world-news","31":"tag-worldnews","32":"tag-zinas","33":"tag-zinas-no-arvalstim"},"share_on_mastodon":{"url":"https:\/\/pubeurope.com\/@lv\/115819154222038279","error":""},"_links":{"self":[{"href":"https:\/\/www.europesays.com\/lv\/wp-json\/wp\/v2\/posts\/91538","targetHints":{"allow":["GET"]}}],"collection":[{"href":"https:\/\/www.europesays.com\/lv\/wp-json\/wp\/v2\/posts"}],"about":[{"href":"https:\/\/www.europesays.com\/lv\/wp-json\/wp\/v2\/types\/post"}],"author":[{"embeddable":true,"href":"https:\/\/www.europesays.com\/lv\/wp-json\/wp\/v2\/users\/2"}],"replies":[{"embeddable":true,"href":"https:\/\/www.europesays.com\/lv\/wp-json\/wp\/v2\/comments?post=91538"}],"version-history":[{"count":0,"href":"https:\/\/www.europesays.com\/lv\/wp-json\/wp\/v2\/posts\/91538\/revisions"}],"wp:featuredmedia":[{"embeddable":true,"href":"https:\/\/www.europesays.com\/lv\/wp-json\/wp\/v2\/media\/91539"}],"wp:attachment":[{"href":"https:\/\/www.europesays.com\/lv\/wp-json\/wp\/v2\/media?parent=91538"}],"wp:term":[{"taxonomy":"category","embeddable":true,"href":"https:\/\/www.europesays.com\/lv\/wp-json\/wp\/v2\/categories?post=91538"},{"taxonomy":"post_tag","embeddable":true,"href":"https:\/\/www.europesays.com\/lv\/wp-json\/wp\/v2\/tags?post=91538"}],"curies":[{"name":"wp","href":"https:\/\/api.w.org\/{rel}","templated":true}]}}