{"id":91543,"date":"2026-01-01T09:37:06","date_gmt":"2026-01-01T09:37:06","guid":{"rendered":"https:\/\/www.europesays.com\/lv\/91543\/"},"modified":"2026-01-01T09:37:06","modified_gmt":"2026-01-01T09:37:06","slug":"nosledzoties-valsts-atbalstam-dalai-majsaimniecibu-pieaugs-elektribas-rekini","status":"publish","type":"post","link":"https:\/\/www.europesays.com\/lv\/91543\/","title":{"rendered":"Nosl\u0113dzoties valsts atbalstam, da\u013cai m\u0101jsaimniec\u012bbu pieaugs elektr\u012bbas r\u0113\u0137ini"},"content":{"rendered":"<p>No \u0161odienas nosl\u0113gsies 2023. gad\u0101 noteiktais valsts atbalsts elektroener\u0123ijas tarifos, un da\u013cai m\u0101jsaimniec\u012bbu ar vienf\u0101zes un triju f\u0101\u017eu piesl\u0113gumu ikm\u0113ne\u0161a maks\u0101jums par jaudas uztur\u0113\u0161anu pieaugs, a\u0123ent\u016bru LETA inform\u0113ja AS &#8220;Sadales t\u012bkls&#8221;.<\/p>\n<p>Elektroener\u0123ijas tarifu strauja pieauguma ierobe\u017eo\u0161anai 2023. gad\u0101 tika noteikts valsts atbalsta risin\u0101jums. Tas nosl\u0113gsies 2026. gada 1. janv\u0101r\u012b, ietekm\u0113jot faktisko maks\u0101jumu par sadales pakalpojumiem bie\u017e\u0101k izmantotajiem priv\u0101tpersonu piesl\u0113gumiem ar jaudu no 16 l\u012bdz 25 amp\u0113riem (A) un &#8220;Pamata&#8221; tarifu pl\u0101nu.<\/p>\n<p>M\u0101jsaimniec\u012bb\u0101m ar vienf\u0101zes piesl\u0113gumu ikm\u0113ne\u0161a maks\u0101jums par jaudas uztur\u0113\u0161anu atkar\u012bb\u0101 no izv\u0113l\u0113t\u0101s jaudas no janv\u0101ra pieaugs par 0,2 l\u012bdz 1,26 eiro m\u0113nes\u012b, neskaitot pievienot\u0101s v\u0113rt\u012bbas nodokli (PVN), bet m\u0101jsaimniec\u012bb\u0101m ar triju f\u0101\u017eu piesl\u0113gumu &#8211; par 1,92 l\u012bdz 3,50 eiro bez PVN. \u0160\u012bs izmai\u0146as neietekm\u0113s m\u0101jsaimniec\u012bbas, uz kur\u0101m valsts atbalsts netika attiecin\u0101ts (ar 32 A un jaud\u012bg\u0101kiem piesl\u0113gumiem), k\u0101 ar\u012b juridisk\u0101s personas &#8211; \u0161iem klientiem faktisk\u0101 maksa par jaudas uztur\u0113\u0161anu 2026. gad\u0101 paliks nemain\u012bga.<\/p>\n<p>Ietekmes uz ikm\u0113ne\u0161a maks\u0101jumu neb\u016bs ar\u012b tiem klientiem, kuri izmanto &#8220;Speci\u0101lo&#8221; tarifu pl\u0101nu, kas ir piem\u0113rots iz\u0146\u0113muma gad\u012bjumiem, piem\u0113ram, \u012bpa\u0161umiem ar neeso\u0161u vai izteikti mazu pat\u0113ri\u0146u, vasaras m\u0101jai ziemas sezon\u0101 vai neapdz\u012bvotam, p\u0101rdo\u0161an\u0101 izliktam dz\u012bvoklim. Vienlaikus no janv\u0101ra nedaudz palielin\u0101sies &#8220;Speci\u0101lajam&#8221; pl\u0101nam rakstur\u012bg\u0101 pat\u0113ri\u0146a izdev\u012bguma robe\u017ea.<\/p>\n<p>Inform\u0101ciju par to, kur\u0161 tarifu pl\u0101ns b\u016bs izdev\u012bg\u0101kais pie konkr\u0113t\u0101 ikm\u0113ne\u0161a pat\u0113ri\u0146a, var ieg\u016bt &#8220;Sadales t\u012bkla&#8221; tarifu kalkulator\u0101. Uz\u0146\u0113mum\u0101 skaidro, ka, izv\u0113loties &#8220;Speci\u0101lo&#8221; pl\u0101nu, ir r\u016bp\u012bgi j\u0101seko l\u012bdzi savam pat\u0113ri\u0146am, jo pat nelielas t\u0101 sv\u0101rst\u012bbas var strauji palielin\u0101t ikm\u0113ne\u0161a izmaksas, t\u0101p\u0113c main\u012bg\u0101s vai gr\u016bti paredzam\u0101s situ\u0101cij\u0101s ieteicams palikt pie &#8220;Pamata&#8221; tarifu pl\u0101na, kas ir atbilsto\u0161\u0101k\u0101 izv\u0113le ikdienas pat\u0113ri\u0146am un izmanto ap 97% m\u0101jsaimniec\u012bbu.<\/p>\n<p>Iesp\u0113jam\u0101s citas izmai\u0146as elektroener\u0123ijas r\u0113\u0137inos 2026. gad\u0101 neb\u016bs saist\u012btas ar sadales pakalpojumu, bet var b\u016bt saist\u012btas ar main\u012bgu pat\u0113ri\u0146a apjomu vai elektroener\u0123ijas kilovatstundas (kWh) tirdzniec\u012bbas cenas izmai\u0146\u0101m.<\/p>\n<p>&#8220;Sadales t\u012bkl\u0101&#8221; nor\u0101da, lai ikm\u0113ne\u0161a izmaksas b\u016btu optim\u0101las, elektr\u012bbas piesl\u0113guma jaudu ir b\u016btiski izraudz\u012bties atbilsto\u0161i m\u0101jsaimniec\u012bbas elektroener\u0123ijas lieto\u0161anas paradumiem, ko ietekm\u0113 m\u0101jsaimniec\u012bb\u0101 izmantot\u0101s elektrotehnikas kl\u0101sts un jauda.<\/p>\n<p>Ar\u012b 2026. gad\u0101 aizsarg\u0101tie elektroener\u0123ijas lietot\u0101ji &#8211; tr\u016bc\u012bgas vai maznodro\u0161in\u0101tas personas, daudzb\u0113rnu \u0123imenes vai \u0123imenes, kuru apr\u016bp\u0113 ir b\u0113rni ar invalidit\u0101ti, personas ar pirm\u0101s invalidit\u0101tes grupu &#8211; atbilsto\u0161i Elektroener\u0123ijas tirgus likumam var\u0113s turpin\u0101t sa\u0146emt atbalstu no valsts bud\u017eeta l\u012bdzek\u013ciem nor\u0113\u0137iniem par elektroener\u0123iju 20 l\u012bdz 25 eiro apm\u0113r\u0101. Atbalstam nav j\u0101piesak\u0101s, jo tas tiek pie\u0161\u0137irts autom\u0101tiski k\u0101 atlaide elektroener\u0123ijas r\u0113\u0137in\u0101. Pla\u0161\u0101ka inform\u0101cija pieejama Klimata un ener\u0123\u0113tikas ministrijas m\u0101jaslap\u0101.<\/p>\n<p>Sadales tarifs ir maksa par kritiski noz\u012bm\u012bg\u0101s elektroapg\u0101des sist\u0113mas uztur\u0113\u0161anu un att\u012bst\u012bbu. &#8220;Sadales t\u012bkla&#8221; p\u0101rvald\u012bb\u0101 vis\u0101 Latvij\u0101 ir elektrol\u012bnijas apm\u0113ram 92 000 kilometru kopgarum\u0101, ap 28 000 transformatoru apak\u0161staciju, v\u0113l liel\u0101ks skaits sadales skapju, 1,1 miljons viedo elektroener\u0123ijas skait\u012bt\u0101ju un citu iek\u0101rtu.. \u0160\u012b infrastrukt\u016bra \u013cauj nodro\u0161in\u0101t elektr\u012bbas pieg\u0101di gandr\u012bz 800 000 m\u0101jsaimniec\u012bbu un uz\u0146\u0113mumu vis\u0101 Latvij\u0101.<\/p>\n<p>Sadales pakalpojum\u0101 iek\u013cauta ar\u012b maksa par p\u0101rvades pakalpojumu, ko Latvij\u0101 nodro\u0161ina AS &#8220;Augstsprieguma t\u012bkls&#8221; (AST). AST novembra beig\u0101s ir pazi\u0146ojusi par jauniem tarifiem no 2026. gada janv\u0101ra. T\u0101 k\u0101 konkr\u0113ti uz AS &#8220;Sadales t\u012bkls&#8221; attiecin\u0101m\u0101s jauno p\u0101rvades tarifu izmaksas p\u0113c b\u016bt\u012bbas nav main\u012bju\u0161\u0101s, \u0161o izmai\u0146u ietekm\u0113 &#8220;Sadales t\u012bkla&#8221; klientiem izmaksas par elektroener\u0123ijas p\u0101rvadi nemain\u012bsies.<\/p>\n<p>LETA jau v\u0113st\u012bja, ka 2024. gad\u0101 &#8220;Sadales t\u012bkla&#8221; apgroz\u012bjums bija 371,812 miljoni eiro, bet pe\u013c\u0146a &#8211; 28,256 miljoni eiro.<\/p>\n<p>&#8220;Sadales t\u012bkls&#8221; ir valstij piedero\u0161aj\u0101 &#8220;Latvenergo&#8221; koncern\u0101 ietilpsto\u0161s elektrot\u012bkla uztur\u0113t\u0101js un att\u012bst\u012bt\u0101js Latvij\u0101. Komp\u0101nija nodro\u0161ina sadales elektrot\u012bklu ekspluat\u0101ciju, atjauno\u0161anu un pl\u0101nveida att\u012bst\u012bbu, elektroener\u0123ijas izlieto\u0161anas uzraudz\u012bbu, zudumu samazin\u0101\u0161anas pas\u0101kumus un elektroener\u0123ijas uzskaiti, k\u0101 ar\u012b veic jaunu piesl\u0113gumu izveidi.<br \/>\u00a0<\/p>\n<p>Stingri aizliegts iAuto.lv public\u0113tos materi\u0101lus izmantot, kop\u0113t vai reproduc\u0113t citos interneta port\u0101los, masu inform\u0101cijas l\u012bdzek\u013cos vai k\u0101 cit\u0101di r\u012bkoties ar iAuto.lv public\u0113tajiem materi\u0101liem bez rakstiskas EON SIA at\u013caujas sa\u0146em\u0161anas.<\/p>\n","protected":false},"excerpt":{"rendered":"No \u0161odienas nosl\u0113gsies 2023. gad\u0101 noteiktais valsts atbalsts elektroener\u0123ijas tarifos, un da\u013cai m\u0101jsaimniec\u012bbu ar vienf\u0101zes un triju f\u0101\u017eu&hellip;\n","protected":false},"author":2,"featured_media":91544,"comment_status":"","ping_status":"","sticky":false,"template":"","format":"standard","meta":{"footnotes":""},"categories":[16],"tags":[77,76,23037,35,39,38,36,37,34,40,23036],"class_list":{"0":"post-91543","1":"post","2":"type-post","3":"status-publish","4":"format-standard","5":"has-post-thumbnail","7":"category-bizness","8":"tag-bizness","9":"tag-business","10":"tag-dalai-majsaimniecibu-pieaugs-elektribas-rekini","11":"tag-latvia","12":"tag-latvian","13":"tag-latviesu","14":"tag-latviesu-valoda","15":"tag-latviesuvaloda","16":"tag-latvija","17":"tag-lv","18":"tag-nosledzoties-valsts-atbalstam"},"share_on_mastodon":{"url":"https:\/\/pubeurope.com\/@lv\/115819174039763858","error":""},"_links":{"self":[{"href":"https:\/\/www.europesays.com\/lv\/wp-json\/wp\/v2\/posts\/91543","targetHints":{"allow":["GET"]}}],"collection":[{"href":"https:\/\/www.europesays.com\/lv\/wp-json\/wp\/v2\/posts"}],"about":[{"href":"https:\/\/www.europesays.com\/lv\/wp-json\/wp\/v2\/types\/post"}],"author":[{"embeddable":true,"href":"https:\/\/www.europesays.com\/lv\/wp-json\/wp\/v2\/users\/2"}],"replies":[{"embeddable":true,"href":"https:\/\/www.europesays.com\/lv\/wp-json\/wp\/v2\/comments?post=91543"}],"version-history":[{"count":0,"href":"https:\/\/www.europesays.com\/lv\/wp-json\/wp\/v2\/posts\/91543\/revisions"}],"wp:featuredmedia":[{"embeddable":true,"href":"https:\/\/www.europesays.com\/lv\/wp-json\/wp\/v2\/media\/91544"}],"wp:attachment":[{"href":"https:\/\/www.europesays.com\/lv\/wp-json\/wp\/v2\/media?parent=91543"}],"wp:term":[{"taxonomy":"category","embeddable":true,"href":"https:\/\/www.europesays.com\/lv\/wp-json\/wp\/v2\/categories?post=91543"},{"taxonomy":"post_tag","embeddable":true,"href":"https:\/\/www.europesays.com\/lv\/wp-json\/wp\/v2\/tags?post=91543"}],"curies":[{"name":"wp","href":"https:\/\/api.w.org\/{rel}","templated":true}]}}