{"id":91545,"date":"2026-01-01T09:38:07","date_gmt":"2026-01-01T09:38:07","guid":{"rendered":"https:\/\/www.europesays.com\/lv\/91545\/"},"modified":"2026-01-01T09:38:07","modified_gmt":"2026-01-01T09:38:07","slug":"tie-kas-cer-ka-ukraini-bus-gatavi-padoties-loti-kludas","status":"publish","type":"post","link":"https:\/\/www.europesays.com\/lv\/91545\/","title":{"rendered":"Tie, kas cer, ka ukrai\u0146i b\u016bs gatavi padoties, \u013coti k\u013c\u016bd\u0101s"},"content":{"rendered":"<p>Vi\u0146\u0161 piebilda, ka to var apliecin\u0101t visi, ar ko Krievija da\u017e\u0101dos laikos ir karojusi &#8211; Polija, Turcija, Somija, S\u012brija, Gruzija, Abh\u0101zija, Osetija, \u010ce\u010denija &#8211; &#8220;un \u0161o sarakstu var, var turpin\u0101t bezgal\u012bgi, jo gandr\u012bz visa Krievijas teritorija ir sav\u0101kta karos&#8221;.<\/p>\n<p>&#8220;Aizejiet no Donbasa, un viss b\u016bs beidzies, &#8211; t\u0101 tulkojum\u0101 no krievu valodas skan maldin\u0101\u0161ana. Tulkots ukrai\u0146u valod\u0101, ang\u013cu, v\u0101cu, fran\u010du un faktiski jebkur\u0101 pasaules valod\u0101. Vai tad v\u0113l k\u0101ds vi\u0146iem tic? Diem\u017e\u0113l. T\u0101d\u0113\u013c, ka no paties\u012bbas joproj\u0101m p\u0101r\u0101k bie\u017ei izvair\u0101s, to sauc par diplom\u0101tiju, lai gan tie ir tikai meli uzvalkos. Un t\u0101d\u0113\u013c Ukraina ir pak\u013cauta spiedienam, j\u0101. Un t\u0101d\u0113\u013c m\u0113s \u0161\u0101di c\u012bn\u0101mies,&#8221; teica Zelenskis.<\/p>\n<p>Turkl\u0101t ukrai\u0146i pier\u0101da \u0161\u0137ietami sen zin\u0101mas ac\u012bmredzamas paties\u012bbas, ka p\u0113c Krimas okup\u0101cijas, Doneckas un Luhanskas apgabalu da\u013c\u0113jas sagr\u0101b\u0161anas, pilna m\u0113roga iebrukuma, p\u0113c Bu\u010das, Mariupoles, O\u013ce\u0146ivkas un visa t\u0101, ko Kremlis visu \u0161o laiku ir dar\u012bjis, tic\u0113t vi\u0146u v\u0101rdiem ir vienk\u0101r\u0161i spriedums visp\u0101r\u0113jai starptautiskajai dro\u0161\u012bbai un katram l\u012bderim, kuram vienk\u0101r\u0161i ir j\u0101aizsarg\u0101 sava tauta, sac\u012bja Ukrainas prezidents.<\/p>\n","protected":false},"excerpt":{"rendered":"Vi\u0146\u0161 piebilda, ka to var apliecin\u0101t visi, ar ko Krievija da\u017e\u0101dos laikos ir karojusi &#8211; Polija, Turcija, Somija,&hellip;\n","protected":false},"author":2,"featured_media":91546,"comment_status":"","ping_status":"","sticky":false,"template":"","format":"standard","meta":{"footnotes":""},"categories":[14],"tags":[23,57,28,29,32,33,22,234,74,30,31,35,39,38,36,37,34,40,20,26,27,24,25,276,178,54,55,56,21,58],"class_list":{"0":"post-91545","1":"post","2":"type-post","3":"status-publish","4":"format-standard","5":"has-post-thumbnail","7":"category-zinas-no-arvalstim","8":"tag-aktualitates","9":"tag-arvalstim","10":"tag-breaking-news","11":"tag-breakingnews","12":"tag-featured-news","13":"tag-featurednews","14":"tag-headlines","15":"tag-krievija","16":"tag-krievijas-iebrukums-ukraina","17":"tag-latest-news","18":"tag-latestnews","19":"tag-latvia","20":"tag-latvian","21":"tag-latviesu","22":"tag-latviesu-valoda","23":"tag-latviesuvaloda","24":"tag-latvija","25":"tag-lv","26":"tag-news","27":"tag-popularakas-zinas","28":"tag-popularakaszinas","29":"tag-top-stories","30":"tag-topstories","31":"tag-ukraina","32":"tag-volodimirs-zelenskis","33":"tag-world","34":"tag-world-news","35":"tag-worldnews","36":"tag-zinas","37":"tag-zinas-no-arvalstim"},"share_on_mastodon":{"url":"https:\/\/pubeurope.com\/@lv\/115819177826144987","error":""},"_links":{"self":[{"href":"https:\/\/www.europesays.com\/lv\/wp-json\/wp\/v2\/posts\/91545","targetHints":{"allow":["GET"]}}],"collection":[{"href":"https:\/\/www.europesays.com\/lv\/wp-json\/wp\/v2\/posts"}],"about":[{"href":"https:\/\/www.europesays.com\/lv\/wp-json\/wp\/v2\/types\/post"}],"author":[{"embeddable":true,"href":"https:\/\/www.europesays.com\/lv\/wp-json\/wp\/v2\/users\/2"}],"replies":[{"embeddable":true,"href":"https:\/\/www.europesays.com\/lv\/wp-json\/wp\/v2\/comments?post=91545"}],"version-history":[{"count":0,"href":"https:\/\/www.europesays.com\/lv\/wp-json\/wp\/v2\/posts\/91545\/revisions"}],"wp:featuredmedia":[{"embeddable":true,"href":"https:\/\/www.europesays.com\/lv\/wp-json\/wp\/v2\/media\/91546"}],"wp:attachment":[{"href":"https:\/\/www.europesays.com\/lv\/wp-json\/wp\/v2\/media?parent=91545"}],"wp:term":[{"taxonomy":"category","embeddable":true,"href":"https:\/\/www.europesays.com\/lv\/wp-json\/wp\/v2\/categories?post=91545"},{"taxonomy":"post_tag","embeddable":true,"href":"https:\/\/www.europesays.com\/lv\/wp-json\/wp\/v2\/tags?post=91545"}],"curies":[{"name":"wp","href":"https:\/\/api.w.org\/{rel}","templated":true}]}}