{"id":91547,"date":"2026-01-01T09:39:07","date_gmt":"2026-01-01T09:39:07","guid":{"rendered":"https:\/\/www.europesays.com\/lv\/91547\/"},"modified":"2026-01-01T09:39:07","modified_gmt":"2026-01-01T09:39:07","slug":"varas-patvala-latvijas-zurnalistu-asociacija-nosoda-rezeknes-domes-ricibu-pret-zurnalistu-bikovski-lente-lv","status":"publish","type":"post","link":"https:\/\/www.europesays.com\/lv\/91547\/","title":{"rendered":"&#8220;Varas patva\u013ca!&#8221; Latvijas \u017durn\u0101listu asoci\u0101cija nosoda R\u0113zeknes domes r\u012bc\u012bbu pret \u017eurn\u0101listu Bikovski\u00a0\u2014\u00a0Lente.lv"},"content":{"rendered":"<p>Latvijas \u017durn\u0101listu asoci\u0101cija nosoda R\u0113zeknes domes r\u012bc\u012bbu<\/p>\n<p>Latvijas \u017durn\u0101listu asoci\u0101cija (L\u017dA) stingri nosod\u012bjusi R\u0113zeknes valstspils\u0113tas domes r\u012bc\u012bbu attiec\u012bb\u0101 pret Latvijas Sabiedrisk\u0101 medija (LSM) \u017eurn\u0101listu Teni Bikovski, raksturojot to k\u0101 &#8220;klaju varas patva\u013cu&#8221;. K\u0101 inform\u0113 port\u0101ls jauns.lv, L\u017dA sav\u0101 pazi\u0146ojum\u0101 uzsver, ka notiku\u0161ais nav uzskat\u0101ms par vienk\u0101r\u0161u p\u0101rpratumu vai komunik\u0101cijas k\u013c\u016bdu, bet gan par apzin\u0101tu un sist\u0113misku m\u0113\u0123in\u0101jumu ierobe\u017eot preses br\u012bv\u012bbu, iebied\u0113t \u017eurn\u0101listu un liegt sabiedr\u012bbai piek\u013cuvi svar\u012bgai inform\u0101cijai par politiskiem un finan\u0161u l\u0113mumiem.<\/p>\n<p>Incidents notika 2025. gada 30. decembr\u012b, kad \u017eurn\u0101lists Tenis Bikovskis ierad\u0101s uz R\u0113zeknes valstspils\u0113tas pa\u0161vald\u012bbas darba grupas s\u0113di, lai inform\u0113tu sabiedr\u012bbu par iesp\u0113jam\u0101m izmai\u0146\u0101m Latgales v\u0113stniec\u012bbas \u201cGors\u201d p\u0101rvald\u012bbas model\u012b. Neskatoties uz R\u0113zeknes domes priek\u0161s\u0113d\u0113t\u0101ja Aleksandra Barta\u0161evi\u010da iepriek\u0161 pausto aicin\u0101jumu uz vispus\u012bgu dialogu un caurskat\u0101mu l\u0113mumu pie\u0146em\u0161anu, \u017eurn\u0101listam dal\u012bba s\u0113d\u0113 tika liegta. Pa\u0161vald\u012bbas policijas iesaiste un \u017eurn\u0101lista izraid\u012b\u0161ana no s\u0113des notika bez tiesiska pamatojuma mediju kl\u0101tb\u016btnes ierobe\u017eo\u0161anai.<\/p>\n<p>Pa\u0161vald\u012bbas versija un mediju nost\u0101ja<\/p>\n<p>R\u0113zeknes pa\u0161vald\u012bba gan apgalvo, ka \u017eurn\u0101lists esot izr\u0101d\u012bjis &#8220;klaju necie\u0146u&#8221;, uzvedies provokat\u012bvi un apzin\u0101ti trauc\u0113jis darba grupas darbu. Pa\u0161vald\u012bba nor\u0101da, ka Bikovskis, ignor\u0113jot atk\u0101rtotus l\u016bgumus atst\u0101t telpu, atteicies p\u0101rtraukt film\u0113\u0161anu un demonstr\u0113jis necie\u0146u pret darba grupas locek\u013ciem. T\u0101d\u0113\u013c tika iesniegts iesniegums Valsts policij\u0101 ar l\u016bgumu s\u0101kt krimin\u0101lprocesu par darba procesa trauc\u0113\u0161anu. T\u0101pat pa\u0161vald\u012bba pl\u0101no v\u0113rsties Latvijas \u017durn\u0101listu mediju padom\u0113, lai izv\u0113rt\u0113tu \u017eurn\u0101lista r\u012bc\u012bbas atbilst\u012bbu profesion\u0101l\u0101s \u0113tikas norm\u0101m.<\/p>\n<p>Savuk\u0101rt Latvijas Sabiedriskais medijs (LSM) asi nosoda R\u0113zeknes valstspils\u0113tas pa\u0161vald\u012bbas un domes priek\u0161s\u0113d\u0113t\u0101ja Aleksandra Barta\u0161evi\u010da r\u012bc\u012bbu. LSM valdes locekle Ieva Aile uzsv\u0113ra, ka preses br\u012bv\u012bba ir demokr\u0101tiskas valsts pamatv\u0113rt\u012bba, un t\u0101s ierobe\u017eo\u0161ana viet\u0113j\u0101 l\u012bmen\u012b grauj uztic\u0113\u0161anos publiskajai varai un ir pretrun\u0101 ar labas p\u0101rvald\u012bbas principiem. LSM ar\u012b nor\u0101da, ka saska\u0146\u0101 ar likumu par presi \u017eurn\u0101listam ir ties\u012bbas v\u0101kt inform\u0101ciju jebk\u0101d\u0101 likum\u0101 at\u013caut\u0101 veid\u0101, tostarp b\u016bt kl\u0101t, v\u0113rot un fiks\u0113t pa\u0161vald\u012bbas darbu.<\/p>\n<p>Konflikta konteksts un iesp\u0113jam\u0101s sekas<\/p>\n<p>Incidents notika laik\u0101, kad sabiedr\u012bbas uzman\u012bbas centr\u0101 bija Latgales koncertz\u0101les \u201cGors\u201d n\u0101kotnes p\u0101rvald\u012bba un l\u0113mumi par pa\u0161vald\u012bbas kapit\u0101lsabiedr\u012bbu vad\u012bbu. L\u017dA uzsver, ka m\u0113\u0123in\u0101jumi blo\u0137\u0113t mediju darbu \u0161\u0101dos apst\u0101k\u013cos ir j\u0101v\u0113rt\u0113 k\u0101 apzin\u0101ta sabiedr\u012bbas ties\u012bbu uz inform\u0101ciju grau\u0161ana. Asoci\u0101cija ar\u012b nor\u0101da, ka \u0161\u0101da r\u012bc\u012bba ir v\u0113rt\u0113jama k\u0101 \u013caunpr\u0101t\u012bgu tiesved\u012bbas procesu pret sabiedr\u012bbas l\u012bdzdal\u012bbu (SLAPP) paz\u012bme, cen\u0161oties ar institucion\u0101liem resursiem un draudiem pan\u0101kt, lai \u017eurn\u0101lists attur\u0113tos no profesion\u0101lo pien\u0101kumu pild\u012b\u0161anas.<\/p>\n<p>L\u017dA aicina R\u0113zeknes domi publiski atvainoties par notiku\u0161o un pieprasa nekav\u0113joties izbeigt darb\u012bbas, kas v\u0113rstas pret preses br\u012bv\u012bbu un \u017eurn\u0101listu profesion\u0101lo darb\u012bbu. \u0160is gad\u012bjums aktualiz\u0113jis diskusijas par preses br\u012bv\u012bbas ierobe\u017eo\u0161anu Latvij\u0101 un uzsver nepiecie\u0161am\u012bbu aizsarg\u0101t \u017eurn\u0101listu ties\u012bbas un nodro\u0161in\u0101t vi\u0146u br\u012bvu piek\u013cuvi inform\u0101cijai.<\/p>\n","protected":false},"excerpt":{"rendered":"Latvijas \u017durn\u0101listu asoci\u0101cija nosoda R\u0113zeknes domes r\u012bc\u012bbu Latvijas \u017durn\u0101listu asoci\u0101cija (L\u017dA) stingri nosod\u012bjusi R\u0113zeknes valstspils\u0113tas domes r\u012bc\u012bbu attiec\u012bb\u0101&hellip;\n","protected":false},"author":2,"featured_media":91548,"comment_status":"","ping_status":"","sticky":false,"template":"","format":"standard","meta":{"footnotes":""},"categories":[12],"tags":[23,28,29,32,33,22,30,31,35,39,38,36,37,34,17035,40,20,23039,26,27,16832,19896,23038,24,25,21],"class_list":{"0":"post-91547","1":"post","2":"type-post","3":"status-publish","4":"format-standard","5":"has-post-thumbnail","7":"category-latvija","8":"tag-aktualitates","9":"tag-breaking-news","10":"tag-breakingnews","11":"tag-featured-news","12":"tag-featurednews","13":"tag-headlines","14":"tag-latest-news","15":"tag-latestnews","16":"tag-latvia","17":"tag-latvian","18":"tag-latviesu","19":"tag-latviesu-valoda","20":"tag-latviesuvaloda","21":"tag-latvija","22":"tag-latvijas-zurnalistu-asociacija","23":"tag-lv","24":"tag-news","25":"tag-pasvaldibas-patvala","26":"tag-popularakas-zinas","27":"tag-popularakaszinas","28":"tag-preses-briviba","29":"tag-rezeknes-dome","30":"tag-tenis-bikovskis","31":"tag-top-stories","32":"tag-topstories","33":"tag-zinas"},"share_on_mastodon":{"url":"https:\/\/pubeurope.com\/@lv\/115819182215052652","error":""},"_links":{"self":[{"href":"https:\/\/www.europesays.com\/lv\/wp-json\/wp\/v2\/posts\/91547","targetHints":{"allow":["GET"]}}],"collection":[{"href":"https:\/\/www.europesays.com\/lv\/wp-json\/wp\/v2\/posts"}],"about":[{"href":"https:\/\/www.europesays.com\/lv\/wp-json\/wp\/v2\/types\/post"}],"author":[{"embeddable":true,"href":"https:\/\/www.europesays.com\/lv\/wp-json\/wp\/v2\/users\/2"}],"replies":[{"embeddable":true,"href":"https:\/\/www.europesays.com\/lv\/wp-json\/wp\/v2\/comments?post=91547"}],"version-history":[{"count":0,"href":"https:\/\/www.europesays.com\/lv\/wp-json\/wp\/v2\/posts\/91547\/revisions"}],"wp:featuredmedia":[{"embeddable":true,"href":"https:\/\/www.europesays.com\/lv\/wp-json\/wp\/v2\/media\/91548"}],"wp:attachment":[{"href":"https:\/\/www.europesays.com\/lv\/wp-json\/wp\/v2\/media?parent=91547"}],"wp:term":[{"taxonomy":"category","embeddable":true,"href":"https:\/\/www.europesays.com\/lv\/wp-json\/wp\/v2\/categories?post=91547"},{"taxonomy":"post_tag","embeddable":true,"href":"https:\/\/www.europesays.com\/lv\/wp-json\/wp\/v2\/tags?post=91547"}],"curies":[{"name":"wp","href":"https:\/\/api.w.org\/{rel}","templated":true}]}}