{"id":91552,"date":"2026-01-01T09:44:08","date_gmt":"2026-01-01T09:44:08","guid":{"rendered":"https:\/\/www.europesays.com\/lv\/91552\/"},"modified":"2026-01-01T09:44:08","modified_gmt":"2026-01-01T09:44:08","slug":"politologe-zaneta-ozolina-prognoze-kads-bus-2026-gads-nra","status":"publish","type":"post","link":"https:\/\/www.europesays.com\/lv\/91552\/","title":{"rendered":"Politolo\u0123e \u017daneta Ozoli\u0146a prognoz\u0113, k\u0101ds b\u016bs 2026. gads &#8211; NRA"},"content":{"rendered":"<ol>\n<li><a href=\"https:\/\/news.google.com\/rss\/articles\/CBMicEFVX3lxTE1UQnhaSXJSeUQxemVmZnE3N1FVMU41NjZZZTRlUE9qbkRjSFkwVVpoeHBwVFY4ZDdKNzFKZVd2cXpSRlFWRDBValRENlREOTllOGRzaE1Rb0g5YVRNOXpyYlYxQVJhcFdDVnRwendDb3E?oc=5\" target=\"_blank\" rel=\"nofollow noopener\">Politolo\u0123e \u017daneta Ozoli\u0146a prognoz\u0113, k\u0101ds b\u016bs 2026. gads<\/a>&nbsp;&nbsp;NRA<\/li>\n<li><a href=\"https:\/\/news.google.com\/rss\/articles\/CBMipwFBVV95cUxORXZjZmFWbFQxS1dVRG5nYkJ3VEFkeFJFXzZmQzlUWVFVbnBnSDd3LW40Q0V1dTdXWWtxdW5Cd3I4V2E3VEJveFVXN0ZJTnlTaUxKWnQ3NHFKMjU3OTlJWFhWUHpTWlZKdWlYSmRnTEVPMjRNU0Zlb2V6d1JqTHZ3QzI4YjRrWU1LT1k3VUo5YThsNDZ2UmZMd3YtaHp6UnF6RjZMZXB0UQ?oc=5\" target=\"_blank\" rel=\"nofollow noopener\">Saspringts, pretrun\u012bgs, ar augst\u0101m likm\u0113m: ko sola 2026. gads pasaules politik\u0101<\/a>&nbsp;&nbsp;TVNET<\/li>\n<li><a href=\"https:\/\/news.google.com\/rss\/articles\/CBMiowFBVV95cUxNYlZYRmdlUGYtVTZqb2h1TXJBNWt4cHA3eENWbDRIVEtWRWNOTFZSUGNxaGwzMU1MMVV4NVAwRi1yUjFEaDlTZ2taM1VaVTVQbXdUS1BEb0k2OEZuY1lZVlJCRFJqQ1ZqOXZ2NUN4LTNFSm9CSkVEeDFmaWJURHBKa3BGc1ZDbWg2Z1Z3eHRUdmJUek5zS3ZjX1FTeXNQSTMyVGZZ?oc=5\" target=\"_blank\" rel=\"nofollow noopener\">\u201cFinancial Times\u201d ir public\u0113jis notikumu prognozi 2026. gadam: cik traks gads m\u016bs gaida?<\/a>&nbsp;&nbsp;LA.LV<\/li>\n<li><a href=\"https:\/\/news.google.com\/rss\/articles\/CBMipAFBVV95cUxOYVJvTXVJdzEySVNsWmQtczJNdVNCVXRpUkRJdWwtTVZma3FaLXV0a0dodEs5UkxGSUxWN09TSGlDNFFpckRGMGh6X3RIX2djdkMxRUN5RWJtZjhseGJXbGpScEx1RGRKRFZuSHFUQ3BBX0lIbTBsT2tUS2k5Z1p4OUhDS1BLR2VIZDVqNEVPdE5FRlBteTBCSjhXcXRta19NS2tpMQ?oc=5\" target=\"_blank\" rel=\"nofollow noopener\">2025. gads var ieiet v\u0113stur\u0113 k\u0101 katastrofas priek\u0161vakara gads<\/a>&nbsp;&nbsp;NRA<\/li>\n<li><a href=\"https:\/\/news.google.com\/rss\/articles\/CBMizAFBVV95cUxQRFhzSElVZmxvREUzaG4zbUlCcjJMMG4wN1V6YXhuUUhMV2luYURGYXFNRDlING96czh5WU15bzYyQ3VTOV9JaktHbmJOMGVhUExQa1hXREt3OXFhSFBqOW5vTng1S1c2emxwV2t6cnB2bHN2SVdKczV4RTYxX2VUZElBSDlISU9UMjdTMlZrTTBEMGdIdWVHSXR1N2g4bFRudlVoU1JibGdKUDZDV1R3RXdPclZBUllBZkF5N1hqTXhub1FxZ0hEQVN2U0k?oc=5\" target=\"_blank\" rel=\"nofollow noopener\">Tirgi, politika, \u201cabi baltiki\u201d \u2013 Butkevi\u010ds nosauc gada uzvar\u0113t\u0101jus, zaud\u0113t\u0101jus un nezin\u0101mo<\/a>&nbsp;&nbsp;tv3.lv<\/li>\n<\/ol>\n","protected":false},"excerpt":{"rendered":"Politolo\u0123e \u017daneta Ozoli\u0146a prognoz\u0113, k\u0101ds b\u016bs 2026. gads&nbsp;&nbsp;NRA Saspringts, pretrun\u012bgs, ar augst\u0101m likm\u0113m: ko sola 2026. gads pasaules&hellip;\n","protected":false},"author":2,"featured_media":91553,"comment_status":"","ping_status":"","sticky":false,"template":"","format":"standard","meta":{"footnotes":""},"categories":[14],"tags":[23,57,28,29,32,33,22,30,31,35,39,38,36,37,34,40,20,26,27,24,25,54,55,56,21,58],"class_list":{"0":"post-91552","1":"post","2":"type-post","3":"status-publish","4":"format-standard","5":"has-post-thumbnail","7":"category-zinas-no-arvalstim","8":"tag-aktualitates","9":"tag-arvalstim","10":"tag-breaking-news","11":"tag-breakingnews","12":"tag-featured-news","13":"tag-featurednews","14":"tag-headlines","15":"tag-latest-news","16":"tag-latestnews","17":"tag-latvia","18":"tag-latvian","19":"tag-latviesu","20":"tag-latviesu-valoda","21":"tag-latviesuvaloda","22":"tag-latvija","23":"tag-lv","24":"tag-news","25":"tag-popularakas-zinas","26":"tag-popularakaszinas","27":"tag-top-stories","28":"tag-topstories","29":"tag-world","30":"tag-world-news","31":"tag-worldnews","32":"tag-zinas","33":"tag-zinas-no-arvalstim"},"share_on_mastodon":{"url":"https:\/\/pubeurope.com\/@lv\/115819201580474740","error":""},"_links":{"self":[{"href":"https:\/\/www.europesays.com\/lv\/wp-json\/wp\/v2\/posts\/91552","targetHints":{"allow":["GET"]}}],"collection":[{"href":"https:\/\/www.europesays.com\/lv\/wp-json\/wp\/v2\/posts"}],"about":[{"href":"https:\/\/www.europesays.com\/lv\/wp-json\/wp\/v2\/types\/post"}],"author":[{"embeddable":true,"href":"https:\/\/www.europesays.com\/lv\/wp-json\/wp\/v2\/users\/2"}],"replies":[{"embeddable":true,"href":"https:\/\/www.europesays.com\/lv\/wp-json\/wp\/v2\/comments?post=91552"}],"version-history":[{"count":0,"href":"https:\/\/www.europesays.com\/lv\/wp-json\/wp\/v2\/posts\/91552\/revisions"}],"wp:featuredmedia":[{"embeddable":true,"href":"https:\/\/www.europesays.com\/lv\/wp-json\/wp\/v2\/media\/91553"}],"wp:attachment":[{"href":"https:\/\/www.europesays.com\/lv\/wp-json\/wp\/v2\/media?parent=91552"}],"wp:term":[{"taxonomy":"category","embeddable":true,"href":"https:\/\/www.europesays.com\/lv\/wp-json\/wp\/v2\/categories?post=91552"},{"taxonomy":"post_tag","embeddable":true,"href":"https:\/\/www.europesays.com\/lv\/wp-json\/wp\/v2\/tags?post=91552"}],"curies":[{"name":"wp","href":"https:\/\/api.w.org\/{rel}","templated":true}]}}