{"id":91556,"date":"2026-01-01T09:46:10","date_gmt":"2026-01-01T09:46:10","guid":{"rendered":"https:\/\/www.europesays.com\/lv\/91556\/"},"modified":"2026-01-01T09:46:10","modified_gmt":"2026-01-01T09:46:10","slug":"okupanti-turpina-terorizet-ukrainu-tris-apgabalos-nav-elektribas","status":"publish","type":"post","link":"https:\/\/www.europesays.com\/lv\/91556\/","title":{"rendered":"Okupanti turpina teroriz\u0113t Ukrainu; tr\u012bs apgabalos nav elektr\u012bbas"},"content":{"rendered":"<p>P\u0101rtraukta elektroapg\u0101de daudziem pat\u0113r\u0113t\u0101jiem Vol\u012bnijas, Odesas un \u010cer\u0146ihivas apgabalos, nor\u0101d\u012bja ministrija.<\/p>\n<p>Odes\u0101 izc\u0113l\u0101s ugunsgr\u0113ki vair\u0101kos infrastrukt\u016bras objektos, boj\u0101tas dz\u012bvojam\u0101s m\u0101jas. Seku likvid\u0113\u0161anu apgr\u016btin\u0101ja atk\u0101rtota trauksmes, ta\u010du no \u0161\u012b r\u012bta visi ugunsgr\u0113ki bija likvid\u0113ti.<\/p>\n<p>Spr\u0101dzieni bija dzirdami ar\u012b Vol\u012bnij\u0101, valsts rietumos, kur Krievijas triecieni notiek ret\u0101k nek\u0101 citur Ukrain\u0101. Uzbrukts kritiski svar\u012bg\u0101s infrastrukt\u016bras objektiem, izc\u0113lu\u0161ies ugunsgr\u0113ki apgabala centr\u0101 Luck\u0101 un Kove\u013cas rajon\u0101.<\/p>\n<p>Zi\u0146u par cietu\u0161ajiem nav.<\/p>\n","protected":false},"excerpt":{"rendered":"P\u0101rtraukta elektroapg\u0101de daudziem pat\u0113r\u0113t\u0101jiem Vol\u012bnijas, Odesas un \u010cer\u0146ihivas apgabalos, nor\u0101d\u012bja ministrija. Odes\u0101 izc\u0113l\u0101s ugunsgr\u0113ki vair\u0101kos infrastrukt\u016bras objektos, boj\u0101tas&hellip;\n","protected":false},"author":2,"featured_media":91557,"comment_status":"","ping_status":"","sticky":false,"template":"","format":"standard","meta":{"footnotes":""},"categories":[5],"tags":[23,28,29,32,33,22,74,30,31,35,39,38,36,37,34,40,20,26,27,24,25,21],"class_list":{"0":"post-91556","1":"post","2":"type-post","3":"status-publish","4":"format-standard","5":"has-post-thumbnail","7":"category-aktualitates","8":"tag-aktualitates","9":"tag-breaking-news","10":"tag-breakingnews","11":"tag-featured-news","12":"tag-featurednews","13":"tag-headlines","14":"tag-krievijas-iebrukums-ukraina","15":"tag-latest-news","16":"tag-latestnews","17":"tag-latvia","18":"tag-latvian","19":"tag-latviesu","20":"tag-latviesu-valoda","21":"tag-latviesuvaloda","22":"tag-latvija","23":"tag-lv","24":"tag-news","25":"tag-popularakas-zinas","26":"tag-popularakaszinas","27":"tag-top-stories","28":"tag-topstories","29":"tag-zinas"},"share_on_mastodon":{"url":"https:\/\/pubeurope.com\/@lv\/115819209198551090","error":""},"_links":{"self":[{"href":"https:\/\/www.europesays.com\/lv\/wp-json\/wp\/v2\/posts\/91556","targetHints":{"allow":["GET"]}}],"collection":[{"href":"https:\/\/www.europesays.com\/lv\/wp-json\/wp\/v2\/posts"}],"about":[{"href":"https:\/\/www.europesays.com\/lv\/wp-json\/wp\/v2\/types\/post"}],"author":[{"embeddable":true,"href":"https:\/\/www.europesays.com\/lv\/wp-json\/wp\/v2\/users\/2"}],"replies":[{"embeddable":true,"href":"https:\/\/www.europesays.com\/lv\/wp-json\/wp\/v2\/comments?post=91556"}],"version-history":[{"count":0,"href":"https:\/\/www.europesays.com\/lv\/wp-json\/wp\/v2\/posts\/91556\/revisions"}],"wp:featuredmedia":[{"embeddable":true,"href":"https:\/\/www.europesays.com\/lv\/wp-json\/wp\/v2\/media\/91557"}],"wp:attachment":[{"href":"https:\/\/www.europesays.com\/lv\/wp-json\/wp\/v2\/media?parent=91556"}],"wp:term":[{"taxonomy":"category","embeddable":true,"href":"https:\/\/www.europesays.com\/lv\/wp-json\/wp\/v2\/categories?post=91556"},{"taxonomy":"post_tag","embeddable":true,"href":"https:\/\/www.europesays.com\/lv\/wp-json\/wp\/v2\/tags?post=91556"}],"curies":[{"name":"wp","href":"https:\/\/api.w.org\/{rel}","templated":true}]}}