{"id":91558,"date":"2026-01-01T09:50:07","date_gmt":"2026-01-01T09:50:07","guid":{"rendered":"https:\/\/www.europesays.com\/lv\/91558\/"},"modified":"2026-01-01T09:50:07","modified_gmt":"2026-01-01T09:50:07","slug":"putina-skalie-pazinojumi-liecina-ka-tiesi-krievija-kave-miera-procesu","status":"publish","type":"post","link":"https:\/\/www.europesays.com\/lv\/91558\/","title":{"rendered":"Putina &#8220;ska\u013cie pazi\u0146ojumi&#8221; liecina, ka tie\u0161i Krievija kav\u0113 miera procesu"},"content":{"rendered":"<p>Ta\u010du, k\u0101 raksta NYP, Putins uz \u0161o progresu rea\u0123\u0113jis ar &#8220;meliem un naidu&#8221;, apgalvojot, ka ukrai\u0146i ar droniem m\u0113\u0123in\u0101ju\u0161i uzbrukt vi\u0146a rezidencei Valdaj\u0101. Publik\u0101cij\u0101 pausts viedoklis, ka \u0161\u0101ds uzbrukums, visticam\u0101k, nemaz nav noticis, un tas ir izdom\u0101ts st\u0101sts, lai dotu Krievijai iemeslu noraid\u012bt Trampa miera iniciat\u012bvas. Zelenskis kategoriski noliedzis, ka Ukraina veikusi \u0161\u0101du uzbrukumu, \u00a0bet Kremlis nav sp\u0113jis sniegt pier\u0101d\u012bjumus, aicinot tam tic\u0113t &#8220;uz v\u0101rda&#8221;.<\/p>\n","protected":false},"excerpt":{"rendered":"Ta\u010du, k\u0101 raksta NYP, Putins uz \u0161o progresu rea\u0123\u0113jis ar &#8220;meliem un naidu&#8221;, apgalvojot, ka ukrai\u0146i ar droniem&hellip;\n","protected":false},"author":2,"featured_media":91559,"comment_status":"","ping_status":"","sticky":false,"template":"","format":"standard","meta":{"footnotes":""},"categories":[14],"tags":[23,57,28,29,32,33,22,30,31,35,39,38,36,37,34,40,20,26,27,24,25,54,55,56,21,58],"class_list":{"0":"post-91558","1":"post","2":"type-post","3":"status-publish","4":"format-standard","5":"has-post-thumbnail","7":"category-zinas-no-arvalstim","8":"tag-aktualitates","9":"tag-arvalstim","10":"tag-breaking-news","11":"tag-breakingnews","12":"tag-featured-news","13":"tag-featurednews","14":"tag-headlines","15":"tag-latest-news","16":"tag-latestnews","17":"tag-latvia","18":"tag-latvian","19":"tag-latviesu","20":"tag-latviesu-valoda","21":"tag-latviesuvaloda","22":"tag-latvija","23":"tag-lv","24":"tag-news","25":"tag-popularakas-zinas","26":"tag-popularakaszinas","27":"tag-top-stories","28":"tag-topstories","29":"tag-world","30":"tag-world-news","31":"tag-worldnews","32":"tag-zinas","33":"tag-zinas-no-arvalstim"},"share_on_mastodon":{"url":"https:\/\/pubeurope.com\/@lv\/115819225323660811","error":""},"_links":{"self":[{"href":"https:\/\/www.europesays.com\/lv\/wp-json\/wp\/v2\/posts\/91558","targetHints":{"allow":["GET"]}}],"collection":[{"href":"https:\/\/www.europesays.com\/lv\/wp-json\/wp\/v2\/posts"}],"about":[{"href":"https:\/\/www.europesays.com\/lv\/wp-json\/wp\/v2\/types\/post"}],"author":[{"embeddable":true,"href":"https:\/\/www.europesays.com\/lv\/wp-json\/wp\/v2\/users\/2"}],"replies":[{"embeddable":true,"href":"https:\/\/www.europesays.com\/lv\/wp-json\/wp\/v2\/comments?post=91558"}],"version-history":[{"count":0,"href":"https:\/\/www.europesays.com\/lv\/wp-json\/wp\/v2\/posts\/91558\/revisions"}],"wp:featuredmedia":[{"embeddable":true,"href":"https:\/\/www.europesays.com\/lv\/wp-json\/wp\/v2\/media\/91559"}],"wp:attachment":[{"href":"https:\/\/www.europesays.com\/lv\/wp-json\/wp\/v2\/media?parent=91558"}],"wp:term":[{"taxonomy":"category","embeddable":true,"href":"https:\/\/www.europesays.com\/lv\/wp-json\/wp\/v2\/categories?post=91558"},{"taxonomy":"post_tag","embeddable":true,"href":"https:\/\/www.europesays.com\/lv\/wp-json\/wp\/v2\/tags?post=91558"}],"curies":[{"name":"wp","href":"https:\/\/api.w.org\/{rel}","templated":true}]}}