{"id":91560,"date":"2026-01-01T09:51:07","date_gmt":"2026-01-01T09:51:07","guid":{"rendered":"https:\/\/www.europesays.com\/lv\/91560\/"},"modified":"2026-01-01T09:51:07","modified_gmt":"2026-01-01T09:51:07","slug":"vecgada-melna-hronika-tragedija-uz-dzelzcela-sliedem-sadursme-uz-liepajas-sosejas-un-negadijums-ar-kvadriciklu-jauns-lv","status":"publish","type":"post","link":"https:\/\/www.europesays.com\/lv\/91560\/","title":{"rendered":"Vecgada meln\u0101 hronika: tra\u0123\u0113dija uz dzelzce\u013ca slied\u0113m, sadursme uz Liep\u0101jas \u0161osejas un negad\u012bjums ar kvadriciklu &#8211; Jauns.lv"},"content":{"rendered":"<ol>\n<li><a href=\"https:\/\/news.google.com\/rss\/articles\/CBMi4AFBVV95cUxNTDQ5aURSc0I1cnJYOTZlOXpLRFhTUkx5TmdpcXUzYk9acExzQmk2YnRiUXVoTHZkY3lWamRHOGg5QkpKbkUyNHMwSmVCN1B3a3NISjVreVRTMnNISE4zNWdWZEptSjNrMUloMmktckZ3Z2JPUTNxY3RIcW9JNEpvY2pjejNuQUVNWlZkTFIwOV93NUZlV0poUnljazJwazRVODVEc3l6WWZyN2oyV2RqVEpBU2pJNDZlNG4wVDFvQmlZcUpneWpfckZJb3ZLODZuc25tMnpYY2NSaHFrVC1INg?oc=5\" target=\"_blank\" rel=\"nofollow noopener\">Vecgada meln\u0101 hronika: tra\u0123\u0113dija uz dzelzce\u013ca slied\u0113m, sadursme uz Liep\u0101jas \u0161osejas un negad\u012bjums ar kvadriciklu<\/a>&nbsp;&nbsp;Jauns.lv<\/li>\n<li><a href=\"https:\/\/news.google.com\/rss\/articles\/CBMinwFBVV95cUxObXRhSFB5LWl3c1EteWR5LVVkQjN5c2tnNkI3MThwMW5HcUgzeVNOVy1RbjY4WEt3SzU1UFV4ZVdmQjNPaUZVVVFqXzhwQmd4N2ttV0taNzViTmJIZUNnVGZFVWUwWEhOUmVzeWcwbS1WRkktY1o0Zy1oeUlmU1lqdXJkX2o4cjBhRTBWUXdGNXRJM0NacktPRUhZSnlYQkU?oc=5\" target=\"_blank\" rel=\"nofollow noopener\">Av\u0101rij\u0101s uz Latvijas ce\u013ciem &#8211; 11 cietu\u0161ie; pie\u0137erti vair\u0101ki dz\u0113r\u0101j\u0161oferi<\/a>&nbsp;&nbsp;TVNET<\/li>\n<li><a href=\"https:\/\/news.google.com\/rss\/articles\/CBMivAFBVV95cUxPOWwwVjBLSVpROTQ1dFd1NjBPVFE4azQ5RTdMVGtOdDUyV0N0YzlPaUZiNUFMSGJnZUpSMU9Mcjk4SkpzZUEzSVFleE45RFVRcDl1R0pSU0ROYUpibk9uWmRNc1k2QnBGamV3VkdXYWtmdE1QZUplR1l1SUFLblZoREFaMFd5c0V2cERLRkJhV1IyQjhoYWQ2T2pKZW10bG5GTUhpRTJCbUUwZVBjdUNLOVdueFBXNUJrSzJ2Ng?oc=5\" target=\"_blank\" rel=\"nofollow noopener\">Latvij\u0101 pag\u0101ju\u0161aj\u0101 diennakt\u012b satiksmes negad\u012bjumos cietu\u0161i 11 cilv\u0113ki<\/a>&nbsp;&nbsp;Diena<\/li>\n<li><a href=\"https:\/\/news.google.com\/rss\/articles\/CBMiwAFBVV95cUxQenZSelpPclU2Y1dXbXV0dFA0Ym5uT2xGZE1LMEhLVERjWmtXUzVka3J5VDJxSEM1N21MalM1QXhQaWxPa0xMZHVqWFdWMkw2RGxBdlNnUzMtX21na1FCUXR6RExRbEFOMm1xNC1mRGNmTktIUDFJTmt2TFJXemd0RFhDZHlMVEtxbGlwaWQxLVptTy1KblJYMC1zOWNYTTNMUVFMUmNSR0RNYzhGUk1xczhVNHZrS0dHdHZ2djFMaVo?oc=5\" target=\"_blank\" rel=\"nofollow noopener\">Vecgada dien\u0101 pie\u0137erti devi\u0146i ierebu\u0161i autovad\u012bt\u0101ji; av\u0101rij\u0101s cietu\u0161i 10 cilv\u0113ki<\/a>&nbsp;&nbsp;Delfi<\/li>\n<li><a href=\"https:\/\/news.google.com\/rss\/articles\/CBMihgFBVV95cUxNV3AyWlYyYW1UX09KTDVVekwzX3IwbFRheFlkSGZRTDFIWEVxMWxwZ0tZekRjX1pIT1JJVXREb0hsOEh3d243OV9DN1Y5Nmh5M3d4cU9rQTBjSGRPek1ETUZCTG9fM3FudzFrbnJKQk1wWHRVQ0lCUm0xcGgwb24tbDFsZ1ltQQ?oc=5\" target=\"_blank\" rel=\"nofollow noopener\">Ar\u012b aizvad\u012bt\u0101 diennakts bijusi pilna av\u0101rij\u0101m<\/a>&nbsp;&nbsp;1188.lv<\/li>\n<\/ol>\n","protected":false},"excerpt":{"rendered":"Vecgada meln\u0101 hronika: tra\u0123\u0113dija uz dzelzce\u013ca slied\u0113m, sadursme uz Liep\u0101jas \u0161osejas un negad\u012bjums ar kvadriciklu&nbsp;&nbsp;Jauns.lv Av\u0101rij\u0101s uz Latvijas&hellip;\n","protected":false},"author":2,"featured_media":91561,"comment_status":"","ping_status":"","sticky":false,"template":"","format":"standard","meta":{"footnotes":""},"categories":[12],"tags":[23,28,29,32,33,22,30,31,35,39,38,36,37,34,40,20,26,27,24,25,21],"class_list":{"0":"post-91560","1":"post","2":"type-post","3":"status-publish","4":"format-standard","5":"has-post-thumbnail","7":"category-latvija","8":"tag-aktualitates","9":"tag-breaking-news","10":"tag-breakingnews","11":"tag-featured-news","12":"tag-featurednews","13":"tag-headlines","14":"tag-latest-news","15":"tag-latestnews","16":"tag-latvia","17":"tag-latvian","18":"tag-latviesu","19":"tag-latviesu-valoda","20":"tag-latviesuvaloda","21":"tag-latvija","22":"tag-lv","23":"tag-news","24":"tag-popularakas-zinas","25":"tag-popularakaszinas","26":"tag-top-stories","27":"tag-topstories","28":"tag-zinas"},"share_on_mastodon":{"url":"https:\/\/pubeurope.com\/@lv\/115819228972244237","error":""},"_links":{"self":[{"href":"https:\/\/www.europesays.com\/lv\/wp-json\/wp\/v2\/posts\/91560","targetHints":{"allow":["GET"]}}],"collection":[{"href":"https:\/\/www.europesays.com\/lv\/wp-json\/wp\/v2\/posts"}],"about":[{"href":"https:\/\/www.europesays.com\/lv\/wp-json\/wp\/v2\/types\/post"}],"author":[{"embeddable":true,"href":"https:\/\/www.europesays.com\/lv\/wp-json\/wp\/v2\/users\/2"}],"replies":[{"embeddable":true,"href":"https:\/\/www.europesays.com\/lv\/wp-json\/wp\/v2\/comments?post=91560"}],"version-history":[{"count":0,"href":"https:\/\/www.europesays.com\/lv\/wp-json\/wp\/v2\/posts\/91560\/revisions"}],"wp:featuredmedia":[{"embeddable":true,"href":"https:\/\/www.europesays.com\/lv\/wp-json\/wp\/v2\/media\/91561"}],"wp:attachment":[{"href":"https:\/\/www.europesays.com\/lv\/wp-json\/wp\/v2\/media?parent=91560"}],"wp:term":[{"taxonomy":"category","embeddable":true,"href":"https:\/\/www.europesays.com\/lv\/wp-json\/wp\/v2\/categories?post=91560"},{"taxonomy":"post_tag","embeddable":true,"href":"https:\/\/www.europesays.com\/lv\/wp-json\/wp\/v2\/tags?post=91560"}],"curies":[{"name":"wp","href":"https:\/\/api.w.org\/{rel}","templated":true}]}}