{"id":91564,"date":"2026-01-01T09:56:17","date_gmt":"2026-01-01T09:56:17","guid":{"rendered":"https:\/\/www.europesays.com\/lv\/91564\/"},"modified":"2026-01-01T09:56:17","modified_gmt":"2026-01-01T09:56:17","slug":"asv-istenojusas-drona-triecienu-ostas-objektam-venecuelas-piekraste-2","status":"publish","type":"post","link":"https:\/\/www.europesays.com\/lv\/91564\/","title":{"rendered":"ASV \u012bstenoju\u0161as drona triecienu ostas objektam Venecu\u0113las piekrast\u0113"},"content":{"rendered":"<p class=\"lead\">\n                                ASV Centr\u0101l\u0101 izl\u016bko\u0161anas p\u0101rvalde (CIP) \u0161\u0101 m\u0113ne\u0161a s\u0101kum\u0101 veikusi drona triecienu ostas objektam Venecu\u0113las piekrast\u0113, zi\u0146o &#8220;CNN&#8221;. Tas ir pirmais zin\u0101mais ASV uzbrukums m\u0113r\u0137im Venecu\u0113las teritorij\u0101.\n                            <\/p>\n<p>K\u0101 nor\u0101da avoti, l\u012bdz \u0161im neizzi\u0146ot\u0101 oper\u0101cij\u0101 tika m\u0113r\u0137\u0113ts uz att\u0101lu piest\u0101tni Venecu\u0113las piekrast\u0113, kuru ASV vald\u012bba uzskat\u012bja par noziedz\u012bg\u0101 grup\u0113juma &#8220;Tren de Aragua&#8221; izmantotu vietu narkotiku uzglab\u0101\u0161anai un to t\u0101l\u0101kai p\u0101rvieto\u0161anai uz laiv\u0101m. Trieciena br\u012bd\u012b objekt\u0101 neviens neatrad\u0101s, t\u0101d\u0113\u013c upuru nav bijis.<\/p>\n<p>Divi avoti apgalvo, ka oper\u0101cij\u0101 izl\u016bko\u0161anas atbalstu sniegu\u0161i ASV Speci\u0101lo oper\u0101ciju sp\u0113ki, t\u0101d\u0113j\u0101di apliecinot to past\u0101v\u012bgo iesaisti re\u0123ion\u0101. Tom\u0113r ASV Speci\u0101lo oper\u0101ciju pav\u0113lniec\u012bbas p\u0101rst\u0101ve pulkvede Allija Veiskopfa to noliedza, uzsverot:<\/p>\n<blockquote>\n<p>&#8220;Speci\u0101lo oper\u0101ciju sp\u0113ki \u0161o oper\u0101ciju, tostarp izl\u016bko\u0161anas atbalstu, nav nodro\u0161in\u0101ju\u0161i.&#8221;<\/p>\n<\/blockquote>\n<p>ASV prezidents Donalds Tramps, iesp\u0113jams, pirmo reizi netie\u0161i atzina \u0161o uzbrukumu intervij\u0101 pag\u0101ju\u0161aj\u0101 ned\u0113\u013c\u0101, kas s\u0101kotn\u0113ji piesaist\u012bja maz uzman\u012bbas. Tom\u0113r konkr\u0113t\u0101ku inform\u0101ciju vi\u0146\u0161 nesniedza ar\u012b tad, kad \u017eurn\u0101listi pirmdien jaut\u0101ja tie\u0161i par \u0161o gad\u012bjumu.<\/p>\n<p>\u0160is trieciens var b\u016btiski saasin\u0101t attiec\u012bbas starp ASV un Venecu\u0113las prezidentu Nikolasu Maduro, uz kuru Va\u0161ingtona izdara spiedienu atk\u0101pties, \u012bstenojot agres\u012bvu milit\u0101ru kampa\u0146u.<\/p>\n<p>ASV jau iepriek\u0161 veiku\u0161as triecienus, izn\u012bcinot vair\u0101k nek\u0101 30 laivas Kar\u012bbu j\u016br\u0101 un Klus\u0101 oke\u0101na austrumu da\u013c\u0101, ko t\u0101s raksturo k\u0101 pretnarkotiku kampa\u0146u. Tramps ar\u012b devis r\u012bkojumu blo\u0137\u0113t sankcion\u0113tos naftas tankku\u0123us, kas ierodas Venecu\u0113l\u0101 vai to pamet. Lai gan Tramps vair\u0101kk\u0101rt bija draud\u0113jis veikt triecienus Venecu\u0113las teritorij\u0101, l\u012bdz \u0161im vien\u012bgie zin\u0101mie ASV uzbrukumi bija v\u0113rsti pret iesp\u0113jamiem narkotiku kontrabandistiem starptautiskajos \u016bde\u0146os.<\/p>\n<blockquote>\n<p>CIP atteikusies koment\u0113t notiku\u0161o.<\/p>\n<\/blockquote>\n<p>Intervij\u0101 26. decembr\u012b Tramps atzina, ka ASV izn\u012bcin\u0101ju\u0161as k\u0101du &#8220;lielu objektu, no kura iziet ku\u0123i&#8221;, run\u0101jot par savas administr\u0101cijas kampa\u0146u pret Venecu\u0113lu. Atk\u0101rtoti jaut\u0101ts par to pirmdien, vi\u0146\u0161 sac\u012bja, ka ASV uzbruku\u0161as &#8220;piest\u0101tnes zonai, kur tiek krautas narkotiku laivas&#8221;, ta\u010du atteic\u0101s preciz\u0113t, vai oper\u0101ciju veica armija vai CIP.<\/p>\n<blockquote>\n<p>&#8220;M\u0113s tr\u0101p\u012bj\u0101m vis\u0101m laiv\u0101m, un tagad tr\u0101p\u012bj\u0101m ar\u012b pa\u0161ai teritorijai,&#8221;<\/p>\n<\/blockquote>\n<p>pirmdien sac\u012bja Tramps.<\/p>\n<p>K\u0101ds no avotiem nor\u0101d\u012bja, ka trieciens bijis veiksm\u012bgs \u2014 objekts un taj\u0101 eso\u0161\u0101s laivas izn\u012bcin\u0101tas \u2014, ta\u010du uzsv\u0113ra, ka tam bijusi vair\u0101k simboliska noz\u012bme, jo Venecu\u0113l\u0101 ir daudz l\u012bdz\u012bgu ostas objektu, ko izmanto narkotiku kontrabandisti. Turkl\u0101t notikums re\u0101llaik\u0101 piesaist\u012bjis maz uzman\u012bbas pat pa\u0161\u0101 valst\u012b.<\/p>\n<p>\u0160ogad Tramps papla\u0161in\u0101ja CIP pilnvaras oper\u0101ciju veik\u0161anai Lat\u012b\u0146amerik\u0101, tostarp Venecu\u0113l\u0101. Ta\u010du ar\u012b tad ASV armijai juridiski bija ties\u012bbas veikt triecienus tikai pret aizdom\u0101s tur\u0113tajiem kontrabandistiem j\u016br\u0101, nevis uz sauszemes.<\/p>\n<p>Trampa administr\u0101cija ir sniegusi da\u017e\u0101dus skaidrojumus kampa\u0146ai Venecu\u0113l\u0101, kuras ietvaros Kar\u012bbu re\u0123ion\u0101 izvietots iev\u0113rojams milit\u0101ro sp\u0113ku apjoms. Ofici\u0101li uzsv\u0113rta c\u012b\u0146a pret narkotiku kontrabandu, ta\u010du Trampa administr\u0101cijas vad\u012bt\u0101ja Susija Vailsa intervij\u0101 \u017eurn\u0101lam &#8220;Vanity Fair&#8221; nor\u0101d\u012bja, ka<\/p>\n<blockquote>\n<p>laivu izn\u012bcin\u0101\u0161anas m\u0113r\u0137is bijis piespiest Maduro &#8220;padoties&#8221;.<\/p>\n<\/blockquote>\n<p>Venecu\u0113las l\u012bderis gan nav devis nek\u0101das paz\u012bmes par atk\u0101p\u0161anos no varas.<\/p>\n<p class=\"paragraph-muted\">Izv\u0113lies savu soct\u012bklu platformu, lai sekotu LASI.LV: <a href=\"https:\/\/www.facebook.com\/portals.lasi.lv\" target=\"_blank\" rel=\"noopener noreferrer nofollow\">Facebook<\/a>, <a href=\"https:\/\/twitter.com\/lasilvportals\" target=\"_blank\" rel=\"noopener noreferrer nofollow\">X<\/a>, <a href=\"https:\/\/bsky.app\/profile\/lasilv.bsky.social\" target=\"_blank\" rel=\"noopener noreferrer nofollow\">Bluesky<\/a>, <a href=\"https:\/\/www.draugiem.lv\/lasilv\/?pg=4\" target=\"_blank\" rel=\"noopener noreferrer nofollow\">Draugiem<\/a>, <a href=\"https:\/\/www.threads.com\/@lasilv_zinas\" rel=\"nofollow noopener\" target=\"_blank\">Threads<\/a> vai ar\u012b <a href=\"https:\/\/www.instagram.com\/lasilv_zinas\/\" target=\"_blank\" rel=\"noopener noreferrer nofollow\">Instagram<\/a>. Pievienojies m\u016bsu las\u012bt\u0101ju pulkam, lai sa\u0146emtu \u012bpa\u0161i tev atlas\u012btu noder\u012bgu, praktisku un aktu\u0101lu saturu.\u00a0<\/p>\n<p style=\"margin-left:auto;\">Pieraksties LASI.LV redaktora v\u0113stkopai <a href=\"https:\/\/lasi.lv\/vestkopa\/lasi-lv-galvena-redaktora-vestkopa\" rel=\"nofollow noopener\" target=\"_blank\">\u0161eit<\/a>.<\/p>\n<p>Pieraksties v\u0113stkopai un divas reizes ned\u0113\u013c\u0101 sa\u0146em padzi\u013cin\u0101tu LASI.LV galven\u0101 redaktora aktu\u0101lo zi\u0146u, kompetentu viedok\u013cu un interesant\u0101ko interviju apkopojumu.<\/p>\n<p>Ko tu sa\u0146emsi:<\/p>\n<ul>\n<li>Daudzveid\u012bgus koment\u0101rus un kompetentus Latvijas Mediju \u017eurn\u0101listu un autoru viedok\u013cus par aktu\u0101lo<\/li>\n<li>Ekspertu koment\u0101rus par da\u017e\u0101diem praktiskiem, noder\u012bgiem tematiem<\/li>\n<li>Aizraujo\u0161us materi\u0101lus par v\u0113sturi, psiholo\u0123iju, kult\u016bru<\/li>\n<li>Gata \u0160\u013c\u016bkas karikat\u016bru<\/li>\n<li>Tav\u0101 e-pasta kast\u012bt\u0113 katru ceturtdienu<\/li>\n<\/ul>\n<p style=\"margin-left:auto;\">\u00a0<\/p>\n<p><script async src=\"https:\/\/platform.twitter.com\/widgets.js\" charset=\"utf-8\"><\/script><script async src=\"\/\/www.instagram.com\/embed.js\"><\/script><\/p>\n","protected":false},"excerpt":{"rendered":"ASV Centr\u0101l\u0101 izl\u016bko\u0161anas p\u0101rvalde (CIP) \u0161\u0101 m\u0113ne\u0161a s\u0101kum\u0101 veikusi drona triecienu ostas objektam Venecu\u0113las piekrast\u0113, zi\u0146o &#8220;CNN&#8221;. Tas&hellip;\n","protected":false},"author":2,"featured_media":70294,"comment_status":"","ping_status":"","sticky":false,"template":"","format":"standard","meta":{"footnotes":""},"categories":[14],"tags":[23,57,28,29,32,33,22,30,31,35,39,38,36,37,34,40,20,26,27,24,25,54,55,56,21,58],"class_list":{"0":"post-91564","1":"post","2":"type-post","3":"status-publish","4":"format-standard","5":"has-post-thumbnail","7":"category-zinas-no-arvalstim","8":"tag-aktualitates","9":"tag-arvalstim","10":"tag-breaking-news","11":"tag-breakingnews","12":"tag-featured-news","13":"tag-featurednews","14":"tag-headlines","15":"tag-latest-news","16":"tag-latestnews","17":"tag-latvia","18":"tag-latvian","19":"tag-latviesu","20":"tag-latviesu-valoda","21":"tag-latviesuvaloda","22":"tag-latvija","23":"tag-lv","24":"tag-news","25":"tag-popularakas-zinas","26":"tag-popularakaszinas","27":"tag-top-stories","28":"tag-topstories","29":"tag-world","30":"tag-world-news","31":"tag-worldnews","32":"tag-zinas","33":"tag-zinas-no-arvalstim"},"share_on_mastodon":{"url":"https:\/\/pubeurope.com\/@lv\/115819248496458452","error":""},"_links":{"self":[{"href":"https:\/\/www.europesays.com\/lv\/wp-json\/wp\/v2\/posts\/91564","targetHints":{"allow":["GET"]}}],"collection":[{"href":"https:\/\/www.europesays.com\/lv\/wp-json\/wp\/v2\/posts"}],"about":[{"href":"https:\/\/www.europesays.com\/lv\/wp-json\/wp\/v2\/types\/post"}],"author":[{"embeddable":true,"href":"https:\/\/www.europesays.com\/lv\/wp-json\/wp\/v2\/users\/2"}],"replies":[{"embeddable":true,"href":"https:\/\/www.europesays.com\/lv\/wp-json\/wp\/v2\/comments?post=91564"}],"version-history":[{"count":0,"href":"https:\/\/www.europesays.com\/lv\/wp-json\/wp\/v2\/posts\/91564\/revisions"}],"wp:featuredmedia":[{"embeddable":true,"href":"https:\/\/www.europesays.com\/lv\/wp-json\/wp\/v2\/media\/70294"}],"wp:attachment":[{"href":"https:\/\/www.europesays.com\/lv\/wp-json\/wp\/v2\/media?parent=91564"}],"wp:term":[{"taxonomy":"category","embeddable":true,"href":"https:\/\/www.europesays.com\/lv\/wp-json\/wp\/v2\/categories?post=91564"},{"taxonomy":"post_tag","embeddable":true,"href":"https:\/\/www.europesays.com\/lv\/wp-json\/wp\/v2\/tags?post=91564"}],"curies":[{"name":"wp","href":"https:\/\/api.w.org\/{rel}","templated":true}]}}